{"id":155094,"date":"2019-05-10T11:23:12","date_gmt":"2019-05-10T08:23:12","guid":{"rendered":"http:\/\/www.tvturk.com\/index.php\/samsuna-giden-6-kadin-denizci-karadeniz-ereglide\/"},"modified":"2019-05-10T11:23:12","modified_gmt":"2019-05-10T08:23:12","slug":"samsuna-giden-6-kadin-denizci-karadeniz-ereglide","status":"publish","type":"post","link":"http:\/\/www.tvturk.com\/index.php\/samsuna-giden-6-kadin-denizci-karadeniz-ereglide\/","title":{"rendered":"Samsun\u2019a giden 6 kad\u0131n denizci Karadeniz Ere\u011fli\u2019de"},"content":{"rendered":"<p>19 May\u0131s\u2019ta Samsun\u2019da olmay\u0131 hedefleyerek 23 Nisan\u2019da yelkenli yat ile Bodrum\u2019dan denize a\u00e7\u0131lan 6 kad\u0131n denizci, Karadeniz Ere\u011fli\u2019de co\u015fkulu kalabal\u0131k ile kar\u015f\u0131land\u0131.<\/p>\n<p>Mu\u011fla\u2019n\u0131n Bodrum il\u00e7esinde 3 kad\u0131n yelkenci, Mustafa Kemal Atat\u00fcrk\u2019\u00fcn Samsun\u2019a \u00e7\u0131k\u0131\u015f\u0131n\u0131n 100. y\u0131l\u0131 dolay\u0131s\u0131yla hayata ge\u00e7irilen &#8220;T\u00fcrk Kad\u0131n\u0131n\u0131n 100. Y\u0131l Seyri&#8221; adl\u0131 proje kapsam\u0131nda yelkenli tekneyle Samsun\u2019a do\u011fru yola \u00e7\u0131kan 6 kad\u0131n denizci Karadeniz Ere\u011fli\u2019nin denizinde ve karada co\u015fkulu bir kalabal\u0131k ile kar\u015f\u0131land\u0131. Kaptan ve bilgisayar programc\u0131s\u0131 Ne\u015fe Hasipek, \u0130statistik Uzman\u0131 Ceyda G\u00fcle\u00e7y\u00fcz, \u015eehir Planlamac\u0131s\u0131 \u015eule K\u00fckrer ve aralar\u0131ndan biri de Ere\u011flili olan 6 kad\u0131n aktivist Karadeniz Ere\u011fli\u2019de denizde kar\u015f\u0131land\u0131klar\u0131n\u0131 ve mutluktan a\u011flad\u0131klar\u0131n\u0131 ve bu kar\u015f\u0131lama ile kendilerini adeta Samsun\u2019daym\u0131\u015f gibi hissettiklerini belirttiler.<\/p>\n<p>Kaptan ve bilgisayar programc\u0131s\u0131 Ne\u015fe Hasipek yapt\u0131\u011f\u0131 a\u00e7\u0131klamada, &#8220;23 Nisan\u2019da Bodrum\u2019dan yola \u00e7\u0131kt\u0131k. 19 May\u0131s\u2019ta Samsun\u2019da olaca\u011f\u0131z. Bug\u00fcn 17\u2019nci g\u00fcn\u00fcm\u00fcz, yakla\u015f\u0131k 650 mil yol yapt\u0131k. 19 May\u0131s\u2019ta kad\u0131n teknesi olarak lider tekne olarak kortejde yer alaca\u011f\u0131z. Deniz \u00e7ok so\u011fuk \u00fc\u015f\u00fcd\u00fck ve dalgal\u0131. Biz sabahlar\u0131 \u00e7ok erken kalk\u0131yoruz. Saat 06:00\u2019da yola \u00e7\u0131k\u0131yoruz erken gitmeye \u00e7al\u0131\u015f\u0131yoruz gidece\u011fimiz yerlere. Biz \u00e7ok heyecanl\u0131y\u0131z, duyguluyuz asl\u0131nda. Bize g\u00f6sterilen sevgi bizi daha da g\u00fc\u00e7lendiriyor. 19 May\u0131s\u2019\u0131 sab\u0131rs\u0131zl\u0131kla bekliyoruz. Samsun\u2019a gelmi\u015f gibi \u00e7ok heyecanl\u0131y\u0131z. Biz \u00e7ok duyguland\u0131k ve a\u011flad\u0131k ger\u00e7ekten. Biz 50 ya\u015f \u00fcst\u00fc kad\u0131nlar\u0131z ama denizlerdeyiz. Ger\u00e7ekten emek veriyoruz d\u0131\u015far\u0131dan bak\u0131ld\u0131\u011f\u0131 kolay bir i\u015f de\u011fil. \u00c7ok emek istiyor ve ellerimiz ger\u00e7ekten ac\u0131yor. Herkese te\u015fekk\u00fcr ediyoruz ger\u00e7ekten \u00e7ok sa\u011f olun\u201d dedi.<\/p>\n<p>Aralar\u0131ndan Karadeniz Ere\u011flili olan bir di\u011fer denizci \u015eule K\u00fckrer ise Karadeniz Ere\u011fli\u2019deki b\u00fct\u00fcn kad\u0131nlar\u0131n kendilerine kat\u0131lmalar\u0131n\u0131 ve Ere\u011flili kad\u0131nlar\u0131n\u0131n bu deniz yolculu\u011funa yak\u0131\u015faca\u011f\u0131n\u0131 belirtti.<\/p>\n<p>Ard\u0131ndan Ere\u011fli Yelken \u0130htisas Kul\u00fcb\u00fc\u2019nde co\u015fkuyla kar\u015f\u0131lanan kad\u0131n denizcilere \u00e7e\u015fitli hediyeler ve \u00e7i\u00e7ek takdim edildi.<\/p>\n<p>\u00d6te yandan 6 kad\u0131n denizcinin yar\u0131n sabah saatlerinden itibaren Karadeniz Ere\u011fli\u2019den ayr\u0131lacaklar\u0131 \u00f6\u011frenildi.<\/p>\n","protected":false},"excerpt":{"rendered":"<p>19 MAYIS\u2019TA SAMSUN\u2019DA OLMAYI HEDEFLEYEREK 23 N\u0130SAN\u2019DA YELKENL\u0130 YAT \u0130LE BODRUM\u2019DAN DEN\u0130ZE A\u00c7ILAN 6 KADIN DEN\u0130ZC\u0130, KARADEN\u0130Z ERE\u011eL\u0130\u2019DE CO\u015eKULU KALABALIK \u0130LE KAR\u015eILANDI.<\/p>\n","protected":false},"author":1,"featured_media":155095,"comment_status":"closed","ping_status":"open","sticky":false,"template":"","format":"standard","meta":{"jetpack_post_was_ever_published":false,"_jetpack_newsletter_access":"","_jetpack_dont_email_post_to_subs":false,"_jetpack_newsletter_tier_id":0,"_jetpack_memberships_contains_paywalled_content":false,"_jetpack_memberships_contains_paid_content":false,"footnotes":"","jetpack_publicize_message":"","jetpack_publicize_feature_enabled":true,"jetpack_social_post_already_shared":true,"jetpack_social_options":{"image_generator_settings":{"template":"highway","default_image_id":0,"font":"","enabled":false},"version":2}},"categories":[1],"tags":[14592,13040,4319,108,4220,12164],"class_list":["post-155094","post","type-post","status-publish","format-standard","has-post-thumbnail","hentry","category-genel","tag-denizci","tag-ereglide","tag-giden","tag-kadin","tag-karadeniz","tag-samsuna"],"jetpack_publicize_connections":[],"jetpack_featured_media_url":"https:\/\/i0.wp.com\/www.tvturk.com\/wp-content\/uploads\/2019\/05\/samsuna-giden-6-kadin-denizci-karadeniz-ereglide_a6bb148.jpg?fit=1000%2C666","jetpack_sharing_enabled":true,"jetpack_shortlink":"https:\/\/wp.me\/paKIfm-Elw","_links":{"self":[{"href":"http:\/\/www.tvturk.com\/index.php\/wp-json\/wp\/v2\/posts\/155094","targetHints":{"allow":["GET"]}}],"collection":[{"href":"http:\/\/www.tvturk.com\/index.php\/wp-json\/wp\/v2\/posts"}],"about":[{"href":"http:\/\/www.tvturk.com\/index.php\/wp-json\/wp\/v2\/types\/post"}],"author":[{"embeddable":true,"href":"http:\/\/www.tvturk.com\/index.php\/wp-json\/wp\/v2\/users\/1"}],"replies":[{"embeddable":true,"href":"http:\/\/www.tvturk.com\/index.php\/wp-json\/wp\/v2\/comments?post=155094"}],"version-history":[{"count":0,"href":"http:\/\/www.tvturk.com\/index.php\/wp-json\/wp\/v2\/posts\/155094\/revisions"}],"wp:featuredmedia":[{"embeddable":true,"href":"http:\/\/www.tvturk.com\/index.php\/wp-json\/wp\/v2\/media\/155095"}],"wp:attachment":[{"href":"http:\/\/www.tvturk.com\/index.php\/wp-json\/wp\/v2\/media?parent=155094"}],"wp:term":[{"taxonomy":"category","embeddable":true,"href":"http:\/\/www.tvturk.com\/index.php\/wp-json\/wp\/v2\/categories?post=155094"},{"taxonomy":"post_tag","embeddable":true,"href":"http:\/\/www.tvturk.com\/index.php\/wp-json\/wp\/v2\/tags?post=155094"}],"curies":[{"name":"wp","href":"https:\/\/api.w.org\/{rel}","templated":true}]}}