{"id":155226,"date":"2019-05-10T14:36:42","date_gmt":"2019-05-10T11:36:42","guid":{"rendered":"http:\/\/www.tvturk.com\/index.php\/melis-durul-yuvaya-dondu\/"},"modified":"2019-05-10T14:36:42","modified_gmt":"2019-05-10T11:36:42","slug":"melis-durul-yuvaya-dondu","status":"publish","type":"post","link":"http:\/\/www.tvturk.com\/index.php\/melis-durul-yuvaya-dondu\/","title":{"rendered":"Melis Durul yuvaya d\u00f6nd\u00fc"},"content":{"rendered":"<p>Eczac\u0131ba\u015f\u0131 VitrA Kad\u0131n Voleybol Tak\u0131m\u0131, 2019-2020 sezonu kadro planlamas\u0131 kapsam\u0131nda \u00c7anakkale Belediyespor\u2019dan Melis Durul\u2019u renklerine ba\u011flad\u0131.<\/p>\n<p>Eczac\u0131ba\u015f\u0131 formas\u0131n\u0131 daha \u00f6nce de giyen milli oyuncu, \u00f6n\u00fcm\u00fczdeki sezon yeniden turuncu-beyazl\u0131 tak\u0131m\u0131n kadrosunda yer alacak. 26 ya\u015f\u0131ndaki pas\u00f6r \u00e7apraz\u0131, Eczac\u0131ba\u015f\u0131 A Tak\u0131m\u0131\u2019yla T\u00fcrkiye Ligi, T\u00fcrkiye Kupas\u0131 ve S\u00fcper Kupa \u015fampiyonlu\u011fu ya\u015fam\u0131\u015ft\u0131.<\/p>\n<p>Transferiyle ilgili konu\u015fan Melis Durul, \u201c6 y\u0131l aradan sonra bir\u00e7ok ilkleri ya\u015fad\u0131\u011f\u0131m yuvama geri d\u00f6nmek heyecan ve gurur verici. Hayat\u0131mda \u00f6nemli ad\u0131mlar\u0131n temelini bu kul\u00fcpte atm\u0131\u015ft\u0131m. \u0130lk Milli Tak\u0131m heyecan\u0131, profesyonel hayata ilk giri\u015f, ilk \u015fampiyonluk heyecan\u0131m hepsini burada ya\u015fad\u0131m. Bir kul\u00fcpten \u00e7ok, kocaman bir aile olma olgusuna sahip de\u011ferli bir yer benim i\u00e7in. Tekrar bu ailenin bir par\u00e7as\u0131 olmaktan mutluluk duyuyorum. Yeni sezonda hedefledi\u011fimiz t\u00fcm ba\u015far\u0131lar\u0131 elde edece\u011fimize inanc\u0131m tam. Bol kupal\u0131, sa\u011fl\u0131kl\u0131 ve huzurlu bir d\u00f6nem olmas\u0131n\u0131 dilerim\u201d dedi.<\/p>\n<p>Melis Durul kimdir?<\/p>\n<p>1993 do\u011fumlu pas\u00f6r \u00e7apraz\u0131, voleybola Es Spor altyap\u0131s\u0131nda ba\u015flad\u0131. Buradan Eczac\u0131ba\u015f\u0131 Spor Kul\u00fcb\u00fc\u2019ne transfer olan Melis Durul, daha sonra Sar\u0131yer Belediyespor ve Vak\u0131fBank formas\u0131 da giydi. Son olarak \u00c7anakkale Belediyespor kadrosunda yer alan milli oyuncu, 2019-2020 sezonundan itibaren Eczac\u0131ba\u015f\u0131 VitrA\u2019n\u0131n ba\u015far\u0131s\u0131 i\u00e7in ter d\u00f6kecek.<\/p>\n<p>Milli Tak\u0131m ba\u015far\u0131lar\u0131<\/p>\n<p>&#8211; 2015 U23 D\u00fcnya \u015eampiyonas\u0131 (G\u00fcm\u00fc\u015f madalya)<\/p>\n<p>&#8211; 2018 Akdeniz Oyunlar\u0131 (Bronz madalya)<\/p>\n<p>Kul\u00fcp ba\u015far\u0131lar\u0131<\/p>\n<p>&#8211; 2010-11 Gen\u00e7 K\u0131zlar T\u00fcrkiye \u015eampiyonlu\u011fu<\/p>\n<p>&#8211; 2011-12 Teled\u00fcnya T\u00fcrkiye Kupas\u0131 \u015eampiyonlu\u011fu<\/p>\n<p>&#8211; 2011-12 Aroma Voleybol Ligleri \u015eampiyonlu\u011fu<\/p>\n<p>&#8211; 2011-12 Spor Toto S\u00fcper Kupa \u015eampiyonlu\u011fu<\/p>\n<p>&#8211; 2014 Avrupa \u015eampiyonlar Ligi \u015eampiyonlu\u011fu<\/p>\n<p>&#8211; 2016 D\u00fcnya Kul\u00fcpler \u015eampiyonas\u0131 \u00fc\u00e7\u00fcnc\u00fcl\u00fc\u011f\u00fc<\/p>\n<p>&#8211; 2016-17 S\u00fcper Toto \u015eampiyonlar Kupas\u0131 \u015eampiyonlu\u011fu<\/p>\n<p>&#8211; 2017 \u015eampiyonlar Ligi \u015eampiyonlu\u011fu<\/p>\n<p>&#8211; 2017 D\u00fcnya Kul\u00fcpler \u015eampiyonas\u0131 \u015eampiyonlu\u011fu<\/p>\n<p>&#8211; 2017-18 Vestel Ven\u00fcs Sultanlar Ligi \u015eampiyonlu\u011fu<\/p>\n<p>&#8211; 2017-18 Kupa Voley \u015eampiyonlu\u011fu<\/p>\n<p>&#8211; 2018 \u015eampiyonlar Ligi \u015eampiyonlu\u011fu<\/p>\n","protected":false},"excerpt":{"rendered":"<p>ECZACIBA\u015eI V\u0130TRA KADIN VOLEYBOL TAKIMI, 2019-2020 SEZONU KADRO PLANLAMASI KAPSAMINDA \u00c7ANAKKALE BELED\u0130YESPOR\u2019DAN MEL\u0130S DURUL\u2019U RENKLER\u0130NE BA\u011eLADI.<\/p>\n","protected":false},"author":1,"featured_media":155227,"comment_status":"closed","ping_status":"open","sticky":false,"template":"","format":"standard","meta":{"jetpack_post_was_ever_published":false,"_jetpack_newsletter_access":"","_jetpack_dont_email_post_to_subs":false,"_jetpack_newsletter_tier_id":0,"_jetpack_memberships_contains_paywalled_content":false,"_jetpack_memberships_contains_paid_content":false,"footnotes":"","jetpack_publicize_message":"","jetpack_publicize_feature_enabled":true,"jetpack_social_post_already_shared":true,"jetpack_social_options":{"image_generator_settings":{"template":"highway","default_image_id":0,"font":"","enabled":false},"version":2}},"categories":[657],"tags":[990,35678,35275,21677],"class_list":["post-155226","post","type-post","status-publish","format-standard","has-post-thumbnail","hentry","category-spor","tag-dondu","tag-durul","tag-melis","tag-yuvaya"],"jetpack_publicize_connections":[],"jetpack_featured_media_url":"https:\/\/i0.wp.com\/www.tvturk.com\/wp-content\/uploads\/2019\/05\/melis-durul-yuvaya-dondu_ca501ee.jpg?fit=1000%2C706","jetpack_sharing_enabled":true,"jetpack_shortlink":"https:\/\/wp.me\/paKIfm-EnE","_links":{"self":[{"href":"http:\/\/www.tvturk.com\/index.php\/wp-json\/wp\/v2\/posts\/155226","targetHints":{"allow":["GET"]}}],"collection":[{"href":"http:\/\/www.tvturk.com\/index.php\/wp-json\/wp\/v2\/posts"}],"about":[{"href":"http:\/\/www.tvturk.com\/index.php\/wp-json\/wp\/v2\/types\/post"}],"author":[{"embeddable":true,"href":"http:\/\/www.tvturk.com\/index.php\/wp-json\/wp\/v2\/users\/1"}],"replies":[{"embeddable":true,"href":"http:\/\/www.tvturk.com\/index.php\/wp-json\/wp\/v2\/comments?post=155226"}],"version-history":[{"count":0,"href":"http:\/\/www.tvturk.com\/index.php\/wp-json\/wp\/v2\/posts\/155226\/revisions"}],"wp:featuredmedia":[{"embeddable":true,"href":"http:\/\/www.tvturk.com\/index.php\/wp-json\/wp\/v2\/media\/155227"}],"wp:attachment":[{"href":"http:\/\/www.tvturk.com\/index.php\/wp-json\/wp\/v2\/media?parent=155226"}],"wp:term":[{"taxonomy":"category","embeddable":true,"href":"http:\/\/www.tvturk.com\/index.php\/wp-json\/wp\/v2\/categories?post=155226"},{"taxonomy":"post_tag","embeddable":true,"href":"http:\/\/www.tvturk.com\/index.php\/wp-json\/wp\/v2\/tags?post=155226"}],"curies":[{"name":"wp","href":"https:\/\/api.w.org\/{rel}","templated":true}]}}