{"id":155246,"date":"2019-05-10T14:57:16","date_gmt":"2019-05-10T11:57:16","guid":{"rendered":"http:\/\/www.tvturk.com\/index.php\/uluslararasi-sinemacilar-derneginden-sanatcilara-cagri\/"},"modified":"2019-05-10T14:57:16","modified_gmt":"2019-05-10T11:57:16","slug":"uluslararasi-sinemacilar-derneginden-sanatcilara-cagri","status":"publish","type":"post","link":"http:\/\/www.tvturk.com\/index.php\/uluslararasi-sinemacilar-derneginden-sanatcilara-cagri\/","title":{"rendered":"Uluslararas\u0131 Sinemac\u0131lar Derne\u011fi\u2019nden sanat\u00e7\u0131lara \u00e7a\u011fr\u0131"},"content":{"rendered":"<p>Uluslararas\u0131 Sinemac\u0131lar Derne\u011fi, YSK\u2019n\u0131n \u0130stanbul B\u00fcy\u00fck\u015fehir Belediyesi se\u00e7imlerinin yenilenmesine y\u00f6nelik karar\u0131na tepki g\u00f6steren sanat\u00e7\u0131lara \u00e7a\u011fr\u0131 yapt\u0131.<\/p>\n<p>Y\u00fcksek Se\u00e7im Kurulu\u2019nun (YSK) \u0130stanbul B\u00fcy\u00fck\u015fehir Belediyesi se\u00e7imlerinin yenilenmesi karar\u0131na tepki g\u00f6steren sanat\u00e7\u0131lara \u00e7a\u011fr\u0131 yapan Uluslararas\u0131 Sinemac\u0131lar Derne\u011fi Selami Yan\u0131k, T\u00fcrkiye\u2019nin i\u00e7 kar\u0131\u015f\u0131kl\u0131\u011fa s\u00fcr\u00fcklenmek istendi\u011fine dikkat \u00e7ekti.<\/p>\n<p>Yan\u0131k, &#8220;Uluslararas\u0131 Sinemac\u0131lar Derne\u011fi olarak biz t\u00fcm sanat\u00e7\u0131lara ve halk\u0131m\u0131za buradan bir \u00e7a\u011fr\u0131 yapmak istiyoruz; burada d\u00fc\u015f\u00fcn\u00fclen demokrasi, halk iradesini korumak de\u011fildir. G\u00fc\u00e7l\u00fc T\u00fcrkiye hedef al\u0131narak ekonomimizi ve b\u00fcy\u00fcmemizi i\u00e7 kar\u0131\u015f\u0131kl\u0131klarla a\u015fa\u011f\u0131ya \u00e7ekmektir&#8221; dedi.<\/p>\n<p>&#8220;YSK\u2019n\u0131n karar\u0131n\u0131 do\u011fru buluyoruz&#8221;<\/p>\n<p>YSK\u2019n\u0131n alm\u0131\u015f oldu\u011fu iptal karar\u0131n\u0131 do\u011fru bulduklar\u0131n\u0131 belirten Yan\u0131k, &#8220;Y\u0131llard\u0131r \u00fclkemiz de ba\u015far\u0131l\u0131 grafi\u011fi t\u00fcm d\u00fcnyaca malumu olan ba\u015fta Recep Tayyip Erdo\u011fan olmak \u00fczere h\u00fck\u00fcmetimiz bir\u00e7ok kez s\u0131nand\u0131. 17\/25 Aral\u0131k, Gezi Olaylar\u0131, 15 Temmuz ve bunun gibi bir \u00e7ok giri\u015fimde bulunuldu. Cumhurba\u015fkan\u0131m\u0131z Erdo\u011fan\u2019\u0131n dirayetli duru\u015fu ve halk\u0131n g\u00fc\u00e7l\u00fc iradesi T\u00fcrkiye demokrasisine darbe vurmak isteyen bu \u015fer odaklar\u0131n\u0131 her zaman engelledi. Bu kadar denemenin sonunda ba\u015faramayanlar en son \u00e7are olarak ortaya balon bir lider \u00e7\u0131karma derdine d\u00fc\u015ft\u00fcler. Cumhurba\u015fkanl\u0131\u011f\u0131 se\u00e7imlerine daha 4 sene olmas\u0131na ra\u011fmen \u015fimdiden \u0130BB Ba\u015fkanl\u0131\u011f\u0131 bile tescil edilmemi\u015f bir \u015fahs\u0131 Cumhurba\u015fkan\u0131 yapma hayali i\u00e7ine girdiler. Ama ba\u015faramayacaklar. Uluslararas\u0131 Sinemac\u0131lar Derne\u011fi olarak biz \u0130stanbul\u2019da yap\u0131lan se\u00e7imin \u015faibeli oldu\u011fu ve halk iradesinin sekteye u\u011frat\u0131ld\u0131\u011f\u0131n\u0131 d\u00fc\u015f\u00fcn\u00fcyoruz. YSK\u2019n\u0131n bu konuda ald\u0131\u011f\u0131 karar\u0131 do\u011fru buluyoruz ve bizde diyoruz ki; seni yaln\u0131z b\u0131rakmayaca\u011f\u0131z&#8221; a\u00e7\u0131klamas\u0131nda bulundu.<\/p>\n","protected":false},"excerpt":{"rendered":"<p>ULUSLARARASI S\u0130NEMACILAR DERNE\u011e\u0130, YSK&#8217;NIN \u0130STANBUL B\u00dcY\u00dcK\u015eEH\u0130R BELED\u0130YES\u0130 SE\u00c7\u0130MLER\u0130N\u0130N YEN\u0130LENMES\u0130NE Y\u00d6NEL\u0130K KARARINA TEPK\u0130 G\u00d6STEREN SANAT\u00c7ILARA \u00c7A\u011eRI YAPTI.<\/p>\n","protected":false},"author":1,"featured_media":155247,"comment_status":"closed","ping_status":"open","sticky":false,"template":"","format":"standard","meta":{"jetpack_post_was_ever_published":false,"_jetpack_newsletter_access":"","_jetpack_dont_email_post_to_subs":false,"_jetpack_newsletter_tier_id":0,"_jetpack_memberships_contains_paywalled_content":false,"_jetpack_memberships_contains_paid_content":false,"footnotes":"","jetpack_publicize_message":"","jetpack_publicize_feature_enabled":true,"jetpack_social_post_already_shared":true,"jetpack_social_options":{"image_generator_settings":{"template":"highway","default_image_id":0,"font":"","enabled":false},"version":2}},"categories":[1],"tags":[4839,1054,4577,35688,35687],"class_list":["post-155246","post","type-post","status-publish","format-standard","has-post-thumbnail","hentry","category-genel","tag-uluslararasi","tag-cagri","tag-derneginden","tag-sanatcilara","tag-sinemacilar"],"jetpack_publicize_connections":[],"jetpack_featured_media_url":"https:\/\/i0.wp.com\/www.tvturk.com\/wp-content\/uploads\/2019\/05\/uluslararasi-sinemacilar-derneginden-sanatcilara-cagri_2513d5f.jpg?fit=736%2C414","jetpack_sharing_enabled":true,"jetpack_shortlink":"https:\/\/wp.me\/paKIfm-EnY","_links":{"self":[{"href":"http:\/\/www.tvturk.com\/index.php\/wp-json\/wp\/v2\/posts\/155246","targetHints":{"allow":["GET"]}}],"collection":[{"href":"http:\/\/www.tvturk.com\/index.php\/wp-json\/wp\/v2\/posts"}],"about":[{"href":"http:\/\/www.tvturk.com\/index.php\/wp-json\/wp\/v2\/types\/post"}],"author":[{"embeddable":true,"href":"http:\/\/www.tvturk.com\/index.php\/wp-json\/wp\/v2\/users\/1"}],"replies":[{"embeddable":true,"href":"http:\/\/www.tvturk.com\/index.php\/wp-json\/wp\/v2\/comments?post=155246"}],"version-history":[{"count":0,"href":"http:\/\/www.tvturk.com\/index.php\/wp-json\/wp\/v2\/posts\/155246\/revisions"}],"wp:featuredmedia":[{"embeddable":true,"href":"http:\/\/www.tvturk.com\/index.php\/wp-json\/wp\/v2\/media\/155247"}],"wp:attachment":[{"href":"http:\/\/www.tvturk.com\/index.php\/wp-json\/wp\/v2\/media?parent=155246"}],"wp:term":[{"taxonomy":"category","embeddable":true,"href":"http:\/\/www.tvturk.com\/index.php\/wp-json\/wp\/v2\/categories?post=155246"},{"taxonomy":"post_tag","embeddable":true,"href":"http:\/\/www.tvturk.com\/index.php\/wp-json\/wp\/v2\/tags?post=155246"}],"curies":[{"name":"wp","href":"https:\/\/api.w.org\/{rel}","templated":true}]}}