{"id":155304,"date":"2019-05-10T16:45:15","date_gmt":"2019-05-10T13:45:15","guid":{"rendered":"http:\/\/www.tvturk.com\/index.php\/samsundan-amerikaya-100-metrelik-turk-bayragi\/"},"modified":"2019-05-10T16:45:15","modified_gmt":"2019-05-10T13:45:15","slug":"samsundan-amerikaya-100-metrelik-turk-bayragi","status":"publish","type":"post","link":"http:\/\/www.tvturk.com\/index.php\/samsundan-amerikaya-100-metrelik-turk-bayragi\/","title":{"rendered":"Samsun\u2019dan Amerika\u2019ya 100 metrelik T\u00fcrk bayra\u011f\u0131"},"content":{"rendered":"<p>Samsun Valisi Osman Kaymak, T\u00fcrk Amerikan Dernekleri Federasyonu\u2019nca (TADF) bu y\u0131l 38.si ger\u00e7ekle\u015ftirilecek olan \u201cT\u00fcrk G\u00fcn\u00fc Y\u00fcr\u00fcy\u00fc\u015f\u00fc\u201d \u00f6ncesinde T\u00fcrk Amerikan Dernekleri Federasyonun Y\u00f6netim Kurulu \u00dcyesi R\u00fcstem Borluca\u2019ya 100 metrelik T\u00fcrk bayra\u011f\u0131 teslim etti.<\/p>\n<p>T\u00fcrk diplomatlar\u0131n\u0131n Ermeni ter\u00f6r \u00f6rg\u00fct\u00fc ASALA taraf\u0131ndan \u015fehit edilmesine tepki amac\u0131yla ABD\u2019nin New York eyaletinde ba\u015flat\u0131lan ve daha sonra T\u00fcrk k\u00fclt\u00fcr\u00fcn\u00fcn tan\u0131t\u0131m\u0131 i\u00e7in festival havas\u0131na d\u00f6n\u00fc\u015ft\u00fcr\u00fclen &#8220;T\u00fcrk G\u00fcn\u00fc Y\u00fcr\u00fcy\u00fc\u015f\u00fc&#8221;n\u00fcn 18 May\u0131s\u2019ta 38.si ger\u00e7ekle\u015ftirilecek. Y\u00fcr\u00fcy\u00fc\u015f \u00f6ncesinde TADF temsilen Samsun\u2019a gelen TADF Y\u00f6netim Kurulu \u00dcyesi ve Y\u00f6netim Kurulu Ba\u015fkan\u0131n\u0131 temsilen R\u00fcstem Borluca ve TADF 2. Ba\u015fkan\u0131 Ayd\u0131n I\u015f\u0131k, New York sokaklar\u0131nda dalgalanmas\u0131 i\u00e7in 100 metrelik T\u00fcrk bayra\u011f\u0131n\u0131 Samsun Valisi Kaymak\u2019tan teslim ald\u0131.<\/p>\n<p>&#8220;T\u00fcrk bayra\u011f\u0131 milli duygunun peki\u015fmesine vesile olacakt\u0131r&#8221;<\/p>\n<p>Temsili T\u00fcrk bayra\u011f\u0131n\u0131 teslim ettikten sonra a\u00e7\u0131klamalarda bulunan Vali Kaymak, T\u00fcrk Amerikan Dernekleri Federasyonu\u2019nun 18 May\u0131s\u2019ta Amerika\u2019da yapacaklar\u0131 T\u00fcrk y\u00fcr\u00fcy\u00fc\u015f\u00fcnde kullan\u0131lmak \u00fczere kendilerinden T\u00fcrk bayra\u011f\u0131 istediklerini s\u00f6yledi. Kendilerinin de ilk ad\u0131m kentinden ve Gazi Mustafa Kemal Atat\u00fcrk ve silah arkada\u015flar\u0131n\u0131n ilk k\u0131v\u0131lc\u0131m\u0131 yakt\u0131klar\u0131 Samsun\u2019dan bu bayra\u011f\u0131 vermekten b\u00fcy\u00fck mutluluk duyduklar\u0131n\u0131 ifade eden Vali Kaymak, \u201cAmerika\u2019daki dostlar\u0131m\u0131za selamlar\u0131m\u0131z\u0131 g\u00f6nderiyoruz. 100. y\u0131l etkinlikleri \u00e7er\u00e7evesinde etkinlikler yap\u0131yoruz. Bu da bunlardan birisiydi. Amerika\u2019dan buraya gelerek bu milli duyguyu ya\u015fayan ve gen\u00e7lere ya\u015fatacak olan dernek ba\u015fkan\u0131 ve federasyon ba\u015fkan\u0131na \u00e7ok te\u015fekk\u00fcr ediyoruz. \u00c7ok anlaml\u0131 bir etkinlik. \u0130n\u015fallah bu bayrak oradaki dostlar\u0131m\u0131zla T\u00fcrkiye aras\u0131ndaki karde\u015fli\u011fin, birli\u011fin, milli duygunun peki\u015fmesine vesile olacakt\u0131r. \u00d6zellikle gen\u00e7ler bunun bilincinde olmas\u0131 laz\u0131m. Oradaki gen\u00e7lere mutlaka bunlar\u0131 anlatman\u0131z\u0131 istiyorum. Aksi takdirde T\u00fcrk milletini ortadan kald\u0131rmak isteyen \u00e7ok g\u00fc\u00e7ler var. Onlara f\u0131rsat vermememiz laz\u0131m. D\u00fcnya tan\u0131s\u0131n T\u00fcrk\u2019\u00fc. T\u00fcrk\u2019\u00fcn g\u00fcc\u00fcn\u00fc herkes g\u00f6rs\u00fcn in\u015fallah\u201d dedi.<\/p>\n<p>Vali Kaymak T\u00fcrk bayra\u011f\u0131n\u0131 teslim ederken 3 kere \u00f6pt\u00fc<\/p>\n<p>Konu\u015fmas\u0131n\u0131n ard\u0131ndan Vali Kaymak, T\u00fcrk bayra\u011f\u0131n\u0131 3 kere \u00f6perek Borluca\u2019ya teslim etti. Borluca da T\u00fcrk bayra\u011f\u0131n\u0131 teslim al\u0131rken 3 kere \u00f6pt\u00fc. Bayra\u011f\u0131 teslim alan Borluca ise, T\u00fcrk bayra\u011f\u0131n\u0131 al\u0131rken onur duydu\u011funu ve bir daha ki y\u00fcr\u00fcy\u00fc\u015fe Vali Kaymak\u2019\u0131 da davet ettiklerini s\u00f6yledi. Daha sonra Borluca da, Vali Kaymak\u2019a T\u00fcrk Amerikan Dernekleri Federasyonu\u2019nun plaket ve flamas\u0131n\u0131 verdi.<\/p>\n<p>Bayrak teslimat\u0131n\u0131n ard\u0131ndan Vali Kaymak ve T\u00fcrk Amerikan Dernekleri Federasyonu heyeti Amerika\u2019ya g\u00f6nderilecek olan 100 metrelik T\u00fcrk bayra\u011f\u0131 alt\u0131nda k\u0131sa bir y\u00fcr\u00fcy\u00fc\u015f ger\u00e7ekle\u015ftirdi. Daha sonra bayrak sar\u0131larak T\u00fcrk Amerikan Dernekleri Federasyonu\u2019na teslim edildi.<\/p>\n","protected":false},"excerpt":{"rendered":"<p>SAMSUN VAL\u0130S\u0130 OSMAN KAYMAK, T\u00dcRK AMER\u0130KAN DERNEKLER\u0130 FEDERASYONU&#8217;NCA (TADF) BU YIL 38.S\u0130 GER\u00c7EKLE\u015eT\u0130R\u0130LECEK OLAN \u201cT\u00dcRK G\u00dcN\u00dc Y\u00dcR\u00dcY\u00dc\u015e\u00dc\u201d \u00d6NCES\u0130NDE T\u00dcRK AMER\u0130KAN DERNEKLER\u0130 FEDERASYONUN Y\u00d6NET\u0130M KURULU \u00dcYES\u0130 R\u00dcSTEM BORLUCA\u2019YA 100 METREL\u0130K T\u00dcRK BAYRA\u011eI TESL\u0130M ETT\u0130.<\/p>\n","protected":false},"author":1,"featured_media":155305,"comment_status":"closed","ping_status":"open","sticky":false,"template":"","format":"standard","meta":{"jetpack_post_was_ever_published":false,"_jetpack_newsletter_access":"","_jetpack_dont_email_post_to_subs":false,"_jetpack_newsletter_tier_id":0,"_jetpack_memberships_contains_paywalled_content":false,"_jetpack_memberships_contains_paid_content":false,"footnotes":"","jetpack_publicize_message":"","jetpack_publicize_feature_enabled":true,"jetpack_social_post_already_shared":true,"jetpack_social_options":{"image_generator_settings":{"template":"highway","default_image_id":0,"font":"","enabled":false},"version":2}},"categories":[1],"tags":[2127,19628,5177,10564,8420,957],"class_list":["post-155304","post","type-post","status-publish","format-standard","has-post-thumbnail","hentry","category-genel","tag-2127","tag-amerikaya","tag-bayragi","tag-metrelik","tag-samsundan","tag-turk"],"jetpack_publicize_connections":[],"jetpack_featured_media_url":"https:\/\/i0.wp.com\/www.tvturk.com\/wp-content\/uploads\/2019\/05\/samsundan-amerikaya-100-metrelik-turk-bayragi_f4db68f.jpg?fit=1000%2C562","jetpack_sharing_enabled":true,"jetpack_shortlink":"https:\/\/wp.me\/paKIfm-EoU","_links":{"self":[{"href":"http:\/\/www.tvturk.com\/index.php\/wp-json\/wp\/v2\/posts\/155304","targetHints":{"allow":["GET"]}}],"collection":[{"href":"http:\/\/www.tvturk.com\/index.php\/wp-json\/wp\/v2\/posts"}],"about":[{"href":"http:\/\/www.tvturk.com\/index.php\/wp-json\/wp\/v2\/types\/post"}],"author":[{"embeddable":true,"href":"http:\/\/www.tvturk.com\/index.php\/wp-json\/wp\/v2\/users\/1"}],"replies":[{"embeddable":true,"href":"http:\/\/www.tvturk.com\/index.php\/wp-json\/wp\/v2\/comments?post=155304"}],"version-history":[{"count":0,"href":"http:\/\/www.tvturk.com\/index.php\/wp-json\/wp\/v2\/posts\/155304\/revisions"}],"wp:featuredmedia":[{"embeddable":true,"href":"http:\/\/www.tvturk.com\/index.php\/wp-json\/wp\/v2\/media\/155305"}],"wp:attachment":[{"href":"http:\/\/www.tvturk.com\/index.php\/wp-json\/wp\/v2\/media?parent=155304"}],"wp:term":[{"taxonomy":"category","embeddable":true,"href":"http:\/\/www.tvturk.com\/index.php\/wp-json\/wp\/v2\/categories?post=155304"},{"taxonomy":"post_tag","embeddable":true,"href":"http:\/\/www.tvturk.com\/index.php\/wp-json\/wp\/v2\/tags?post=155304"}],"curies":[{"name":"wp","href":"https:\/\/api.w.org\/{rel}","templated":true}]}}