{"id":155362,"date":"2019-05-10T18:46:23","date_gmt":"2019-05-10T15:46:23","guid":{"rendered":"http:\/\/www.tvturk.com\/index.php\/saglik-sen-sube-baskani-yildirim-bazi-saglik-kuruluslarinda-basibosluk-var\/"},"modified":"2019-05-10T18:46:23","modified_gmt":"2019-05-10T15:46:23","slug":"saglik-sen-sube-baskani-yildirim-bazi-saglik-kuruluslarinda-basibosluk-var","status":"publish","type":"post","link":"http:\/\/www.tvturk.com\/index.php\/saglik-sen-sube-baskani-yildirim-bazi-saglik-kuruluslarinda-basibosluk-var\/","title":{"rendered":"Sa\u011fl\u0131k-Sen \u015eube Ba\u015fkan\u0131 Y\u0131ld\u0131r\u0131m: &#8220;Baz\u0131 sa\u011fl\u0131k kurulu\u015flar\u0131nda ba\u015f\u0131bo\u015fluk var&#8221;"},"content":{"rendered":"<p>Sendikalar\u0131n yetki d\u00f6neminin gelmesiyle birlikte baz\u0131 sa\u011fl\u0131k kurumlar\u0131nda ba\u015f\u0131bo\u015fluk meydana geldi\u011fini belirten Sa\u011fl\u0131k-Sen \u0130zmir 1 No\u2019lu \u015eube Ba\u015fkan\u0131 \u00d6zg\u00fcr Y\u0131ld\u0131r\u0131m, \u2018\u2018Sendikac\u0131l\u0131\u011fa ayk\u0131r\u0131 davranan, g\u00f6revini k\u00f6t\u00fcye kullanan baz\u0131 sendika ba\u015fkan ve \u00fcyeleri ile ilgili \u0130l Sa\u011fl\u0131k M\u00fcd\u00fcrl\u00fc\u011f\u00fcn\u00fc g\u00f6revini yapmaya davet ediyorum\u2019\u2019 dedi.<\/p>\n<p>Sa\u011fl\u0131k-Sen \u0130zmir 1 No\u2019lu \u015eube Ba\u015fkan\u0131 \u00d6zg\u00fcr Y\u0131ld\u0131r\u0131m, &#8220;Sendika yetki d\u00f6nemi yakla\u015ft\u0131k\u00e7a ars\u0131zl\u0131k tavan yapm\u0131\u015f, herkes bir kenar\u0131ndan tutarak \u2019sendika ba\u015fkan\u0131\u2019 ve \u2019ba\u015fkan yard\u0131mc\u0131s\u0131\u2019 ad\u0131 alt\u0131nda izin kullan\u0131r olmu\u015ftur. Kurumlar\u0131n idarecileri kimden, neden korkuyor? \u0130l Sa\u011fl\u0131k M\u00fcd\u00fcrl\u00fc\u011f\u00fcn\u00fc ve 4688 Say\u0131l\u0131 Sendikalar Kanununu bildikleri halde bilmezlikten gelen, aymaz sendika y\u00f6neticilerine sessiz kalan hastane y\u00f6neticilerini g\u00f6revini yapmaya davet ediyorum&#8221; dedi.<\/p>\n<p>&#8220;Sizler idareci misiniz yoksa idare mi ediyorsunuz?&#8221;<\/p>\n<p>&#8220;\u0130l Sa\u011fl\u0131k M\u00fcd\u00fcrl\u00fc\u011f\u00fcne soruyoruz; i\u015fe gelmeyen, kafas\u0131na g\u00f6re izin kullanan sendikac\u0131lara gerekli i\u015flemler neden yap\u0131lm\u0131yor, bir \u00e7ekinme durumu mu s\u00f6z konusu?\u2019\u2019 diyen Ba\u015fkan Y\u0131ld\u0131r\u0131m, \u2018gariban memur 1 saat i\u015fe ge\u00e7 geldi\u011finde tutanak tutuluyor. Mazeretsiz i\u015fe gelmedi\u011finde hakk\u0131nda yasal i\u015flem yap\u0131l\u0131yor. Sendika ba\u015fkan\u0131 ve yard\u0131mc\u0131s\u0131 ad\u0131 alt\u0131nda saatlerce i\u015fe gelmeyen ve gelip g\u00f6r\u00fcn\u00fcp i\u015f yerinde olmayanlara hesap sormayan Konak Di\u015f Hastanesinin ba\u015fta m\u00fcd\u00fcr\u00fc olmak \u00fczere t\u00fcm y\u00f6neticilerine sesleniyorum. Sizler idareci misiniz yoksa idare mi ediyorsunuz?\u2019\u2019 dedi ve s\u00f6zlerini \u015f\u00f6yle s\u00fcrd\u00fcrd\u00fc:<\/p>\n<p>&#8220;Mesaide g\u00f6z\u00fck\u00fcrken TV\u2019de canl\u0131 yay\u0131nda bas\u0131n a\u00e7\u0131klamas\u0131 yapanlar\u0131 biz g\u00f6r\u00fcyoruz da sizler nas\u0131l g\u00f6remiyorsunuz? Mesai saatinde g\u00f6z\u00fcken memurun ba\u015fka kurumda sendikal faaliyet yapmas\u0131na f\u0131rsat veren hastane y\u00f6neticilerinin ve \u0130l Sa\u011fl\u0131k M\u00fcd\u00fcrl\u00fc\u011f\u00fcn\u00fcn bir an \u00f6nce gerekli incelemeyi yapmas\u0131 gerekti\u011fini bir kez daha tekrarl\u0131yoruz. Devlet memuru oldu\u011funu unutup, sendikac\u0131l\u0131\u011f\u0131 f\u0131rsat\u00e7\u0131l\u0131\u011fa \u00e7evirip, makam ve koltuk olarak g\u00f6renlere de seslenmek istiyorum. Bir duru\u015funuz ve onurunuz olsun.&#8221;<\/p>\n<p>&#8220;Sendika \u00e7al\u0131\u015fan\u0131n paras\u0131na g\u00f6z m\u00fc dikiyor?&#8221;<\/p>\n<p>Sendika hak ve emek m\u00fccadelesi oldu\u011funu ifade eden Y\u0131ld\u0131r\u0131m, &#8220;Eme\u011fi ve hakk\u0131 gasp edenler sendikac\u0131y\u0131m diye dola\u015fmas\u0131n. Aymazl\u0131klar\u0131 devam eden bu sendikac\u0131lar, emek veren karde\u015flerimizin hakk\u0131na g\u00f6z dikenlerdir. Buna bir \u00f6rnek verecek olursak; Alsancak Devlet Hastanesinde \u00e7al\u0131\u015f\u0131lanlar\u0131n bir kuru\u015funa dahi g\u00f6z dikmek hangi sendikal anlay\u0131\u015fa yak\u0131\u015f\u0131r. \u0130zmir\u2019de e\u011fitim ara\u015ft\u0131rma hastaneleri d\u0131\u015f\u0131nda hi\u00e7bir devlet hastanesinde patoloji laboratuvar\u0131nda n\u00f6bet tutulmazken, Alsancak Devlet Hastanesi patoloji laboratuvar\u0131nda hizmet al\u0131m\u0131 yapt\u0131\u011f\u0131 halde nas\u0131l oluyor da ba\u015fkan yard\u0131mc\u0131s\u0131 patoloji laboratuvar\u0131na ge\u00e7tikten sonra n\u00f6bet sistemi getiriliyor? Hastanede ek \u00f6deme alamayan bir\u00e7ok arkada\u015f\u0131m\u0131z varken bu arkada\u015flara ayl\u0131k 130 saat n\u00f6bet yakla\u015f\u0131k bin 600 TL n\u00f6bet paras\u0131 \u00f6deniyor. T\u00fcm hastanede \u00e7al\u0131\u015fan, emek veren arkada\u015flar\u0131m\u0131z\u0131n hak etti\u011fi ki\u015fi ba\u015f\u0131 20 TL\u2019yi hangi vicdanla ceplerine at\u0131p \u00e7oluk \u00e7ocu\u011funa yediriyorlar? Ne yaz\u0131k ki defalarca uyarmam\u0131za ra\u011fmen bunlar\u0131 yapan sendika ba\u015fkan yard\u0131mc\u0131lar\u0131na ba\u015fta hastane m\u00fcd\u00fcr\u00fc olmak \u00fczere t\u00fcm idare sessiz kal\u0131yor. Bu hastane y\u00f6netimine gerekli idari ve yasal i\u015flemin acilen yap\u0131lmas\u0131 i\u00e7in \u0130l Sa\u011fl\u0131k M\u00fcd\u00fcrl\u00fc\u011f\u00fcn\u00fc g\u00f6reve davet ediyoruz&#8221; \u015feklinde konu\u015ftu.<\/p>\n","protected":false},"excerpt":{"rendered":"<p>SEND\u0130KALARIN YETK\u0130 D\u00d6NEM\u0130N\u0130N GELMES\u0130YLE B\u0130RL\u0130KTE BAZI SA\u011eLIK KURUMLARINDA BA\u015eIBO\u015eLUK MEYDANA GELD\u0130\u011e\u0130N\u0130 BEL\u0130RTEN SA\u011eLIK-SEN \u0130ZM\u0130R 1 NO\u2019LU \u015eUBE BA\u015eKANI \u00d6ZG\u00dcR YILDIRIM, &#8220;SEND\u0130KACILI\u011eA AYKIRI DAVRANAN, G\u00d6REV\u0130N\u0130 K\u00d6T\u00dcYE KULLANAN BAZI SEND\u0130KA BA\u015eKAN VE \u00dcYELER\u0130 \u0130LE \u0130LG\u0130L\u0130 \u0130L SA\u011eLIK M\u00dcD\u00dcRL\u00dc\u011e\u00dcN\u00dc G\u00d6REV\u0130N\u0130 YAPMAYA DAVET ED\u0130YORUM&#8221; DED\u0130.<\/p>\n","protected":false},"author":1,"featured_media":155363,"comment_status":"closed","ping_status":"open","sticky":false,"template":"","format":"standard","meta":{"jetpack_post_was_ever_published":false,"_jetpack_newsletter_access":"","_jetpack_dont_email_post_to_subs":false,"_jetpack_newsletter_tier_id":0,"_jetpack_memberships_contains_paywalled_content":false,"_jetpack_memberships_contains_paid_content":false,"footnotes":"","jetpack_publicize_message":"","jetpack_publicize_feature_enabled":true,"jetpack_social_post_already_shared":true,"jetpack_social_options":{"image_generator_settings":{"template":"highway","default_image_id":0,"font":"","enabled":false},"version":2}},"categories":[1],"tags":[35735,216,3414,35734,734,4555,4556,181,376],"class_list":["post-155362","post","type-post","status-publish","format-standard","has-post-thumbnail","hentry","category-genel","tag-basibosluk","tag-baskani","tag-bazi","tag-kuruluslarinda","tag-saglik","tag-saglik-sen","tag-sube","tag-var","tag-yildirim"],"jetpack_publicize_connections":[],"jetpack_featured_media_url":"https:\/\/i0.wp.com\/www.tvturk.com\/wp-content\/uploads\/2019\/05\/saglik-sen-sube-baskani-yildirim-bazi-saglik-kuruluslarinda-basibosluk-var_184ad8f.jpg?fit=1000%2C666","jetpack_sharing_enabled":true,"jetpack_shortlink":"https:\/\/wp.me\/paKIfm-EpQ","_links":{"self":[{"href":"http:\/\/www.tvturk.com\/index.php\/wp-json\/wp\/v2\/posts\/155362","targetHints":{"allow":["GET"]}}],"collection":[{"href":"http:\/\/www.tvturk.com\/index.php\/wp-json\/wp\/v2\/posts"}],"about":[{"href":"http:\/\/www.tvturk.com\/index.php\/wp-json\/wp\/v2\/types\/post"}],"author":[{"embeddable":true,"href":"http:\/\/www.tvturk.com\/index.php\/wp-json\/wp\/v2\/users\/1"}],"replies":[{"embeddable":true,"href":"http:\/\/www.tvturk.com\/index.php\/wp-json\/wp\/v2\/comments?post=155362"}],"version-history":[{"count":0,"href":"http:\/\/www.tvturk.com\/index.php\/wp-json\/wp\/v2\/posts\/155362\/revisions"}],"wp:featuredmedia":[{"embeddable":true,"href":"http:\/\/www.tvturk.com\/index.php\/wp-json\/wp\/v2\/media\/155363"}],"wp:attachment":[{"href":"http:\/\/www.tvturk.com\/index.php\/wp-json\/wp\/v2\/media?parent=155362"}],"wp:term":[{"taxonomy":"category","embeddable":true,"href":"http:\/\/www.tvturk.com\/index.php\/wp-json\/wp\/v2\/categories?post=155362"},{"taxonomy":"post_tag","embeddable":true,"href":"http:\/\/www.tvturk.com\/index.php\/wp-json\/wp\/v2\/tags?post=155362"}],"curies":[{"name":"wp","href":"https:\/\/api.w.org\/{rel}","templated":true}]}}