{"id":155392,"date":"2019-05-10T21:21:04","date_gmt":"2019-05-10T18:21:04","guid":{"rendered":"http:\/\/www.tvturk.com\/index.php\/israil-askerlerinden-filistinlilere-sert-mudahale-1-olu-30-yarali\/"},"modified":"2019-05-10T21:21:04","modified_gmt":"2019-05-10T18:21:04","slug":"israil-askerlerinden-filistinlilere-sert-mudahale-1-olu-30-yarali","status":"publish","type":"post","link":"http:\/\/www.tvturk.com\/index.php\/israil-askerlerinden-filistinlilere-sert-mudahale-1-olu-30-yarali\/","title":{"rendered":"\u0130srail askerlerinden Filistinlilere sert m\u00fcdahale:  1 \u00f6l\u00fc, 30 yaral\u0131"},"content":{"rendered":"<p>\u0130srail askerlerinin Filistinlilerin bar\u0131\u015f\u00e7\u0131l B\u00fcy\u00fck Geri D\u00f6n\u00fc\u015f Y\u00fcr\u00fcy\u00fc\u015f\u00fc g\u00f6sterilerine sert m\u00fcdahalesi sonucu 1 ki\u015fi ya\u015fam\u0131n\u0131 yitirdi, 30 ki\u015fi yaraland\u0131.<\/p>\n<p>Gazze\u2019deki Sa\u011fl\u0131k Bakanl\u0131\u011f\u0131 S\u00f6zc\u00fcs\u00fc E\u015fref el-Kudra, \u0130srail askerlerinin Gazze \u015eeridi\u2019nin do\u011fu s\u0131n\u0131r\u0131nda devam eden bar\u0131\u015f\u00e7\u0131l &#8220;B\u00fcy\u00fck D\u00f6n\u00fc\u015f Y\u00fcr\u00fcy\u00fc\u015f\u00fc&#8221; g\u00f6sterilerine m\u00fcdahalesinde bir Filistinlinin hayat\u0131n\u0131 kaybetti\u011fini, 30 Filistinlinin yaraland\u0131\u011f\u0131n\u0131 a\u00e7\u0131klad\u0131. Kudra, hayat\u0131n\u0131 kaybeden Filistinlinin 24 ya\u015f\u0131ndaki Abdullah Abdelal\u2019\u0131n oldu\u011fu aktard\u0131.<\/p>\n<p>Filistinliler, 30 Mart 2018\u2019den bu yana \u0130srail i\u015fgaline Gazze \u015eeridi\u2019nin \u0130srail s\u0131n\u0131r\u0131nda B\u00fcy\u00fck D\u00f6n\u00fc\u015f Y\u00fcr\u00fcy\u00fc\u015f\u00fc ad\u0131 alt\u0131nda bar\u0131\u015f\u00e7\u0131l eylemler d\u00fczenliyor. \u0130srail askerlerinin g\u00f6sterilere m\u00fcdahalesinde bug\u00fcne kadar 304 Filistinli ya\u015fam\u0131n\u0131 yitirirken 17 binden fazla Filistinli de yaraland\u0131.<\/p>\n","protected":false},"excerpt":{"rendered":"<p>\u0130SRA\u0130L ASKERLER\u0130N\u0130N F\u0130L\u0130ST\u0130NL\u0130LER\u0130N BARI\u015e\u00c7IL B\u00dcY\u00dcK GER\u0130 D\u00d6N\u00dc\u015e Y\u00dcR\u00dcY\u00dc\u015e\u00dc G\u00d6STER\u0130LER\u0130NE SERT M\u00dcDAHALES\u0130 SONUCU 1 K\u0130\u015e\u0130 YA\u015eAMINI Y\u0130T\u0130RD\u0130, 30 K\u0130\u015e\u0130 YARALANDI.<\/p>\n","protected":false},"author":1,"featured_media":155393,"comment_status":"closed","ping_status":"open","sticky":false,"template":"","format":"standard","meta":{"jetpack_post_was_ever_published":false,"_jetpack_newsletter_access":"","_jetpack_dont_email_post_to_subs":false,"_jetpack_newsletter_tier_id":0,"_jetpack_memberships_contains_paywalled_content":false,"_jetpack_memberships_contains_paid_content":false,"footnotes":"","jetpack_publicize_message":"","jetpack_publicize_feature_enabled":true,"jetpack_social_post_already_shared":true,"jetpack_social_options":{"image_generator_settings":{"template":"highway","default_image_id":0,"font":"","enabled":false},"version":2}},"categories":[10],"tags":[35741,32674,8494,5125,1664,3503,774],"class_list":["post-155392","post","type-post","status-publish","format-standard","has-post-thumbnail","hentry","category-dunya","tag-askerlerinden","tag-filistinlilere","tag-israil","tag-mudahale","tag-olu","tag-sert","tag-yarali"],"jetpack_publicize_connections":[],"jetpack_featured_media_url":"https:\/\/i0.wp.com\/www.tvturk.com\/wp-content\/uploads\/2019\/05\/israil-askerlerinden-filistinlilere-sert-mudahale-1-olu-30-yarali_6fe44e7.jpg?fit=1000%2C666","jetpack_sharing_enabled":true,"jetpack_shortlink":"https:\/\/wp.me\/paKIfm-Eqk","_links":{"self":[{"href":"http:\/\/www.tvturk.com\/index.php\/wp-json\/wp\/v2\/posts\/155392","targetHints":{"allow":["GET"]}}],"collection":[{"href":"http:\/\/www.tvturk.com\/index.php\/wp-json\/wp\/v2\/posts"}],"about":[{"href":"http:\/\/www.tvturk.com\/index.php\/wp-json\/wp\/v2\/types\/post"}],"author":[{"embeddable":true,"href":"http:\/\/www.tvturk.com\/index.php\/wp-json\/wp\/v2\/users\/1"}],"replies":[{"embeddable":true,"href":"http:\/\/www.tvturk.com\/index.php\/wp-json\/wp\/v2\/comments?post=155392"}],"version-history":[{"count":0,"href":"http:\/\/www.tvturk.com\/index.php\/wp-json\/wp\/v2\/posts\/155392\/revisions"}],"wp:featuredmedia":[{"embeddable":true,"href":"http:\/\/www.tvturk.com\/index.php\/wp-json\/wp\/v2\/media\/155393"}],"wp:attachment":[{"href":"http:\/\/www.tvturk.com\/index.php\/wp-json\/wp\/v2\/media?parent=155392"}],"wp:term":[{"taxonomy":"category","embeddable":true,"href":"http:\/\/www.tvturk.com\/index.php\/wp-json\/wp\/v2\/categories?post=155392"},{"taxonomy":"post_tag","embeddable":true,"href":"http:\/\/www.tvturk.com\/index.php\/wp-json\/wp\/v2\/tags?post=155392"}],"curies":[{"name":"wp","href":"https:\/\/api.w.org\/{rel}","templated":true}]}}