{"id":155446,"date":"2019-05-11T09:56:10","date_gmt":"2019-05-11T06:56:10","guid":{"rendered":"http:\/\/www.tvturk.com\/index.php\/prof-dr-unal-spor-oncesi-hekim-muayenesi-olasi-sorunlardan-korur\/"},"modified":"2019-05-11T09:56:10","modified_gmt":"2019-05-11T06:56:10","slug":"prof-dr-unal-spor-oncesi-hekim-muayenesi-olasi-sorunlardan-korur","status":"publish","type":"post","link":"http:\/\/www.tvturk.com\/index.php\/prof-dr-unal-spor-oncesi-hekim-muayenesi-olasi-sorunlardan-korur\/","title":{"rendered":"Prof. Dr. \u00dcnal: \u201cSpor \u00f6ncesi hekim muayenesi olas\u0131 sorunlardan korur\u201d"},"content":{"rendered":"<p>Spor \u00f6ncesi detayl\u0131 muayenenin \u00f6nemini anlatan \u0130stanbul Yeni Y\u00fczy\u0131l \u00dcniversitesi Sa\u011fl\u0131k Bilimleri Fak\u00fcltesi Fizyoterapi ve Rehabilitasyon B\u00f6l\u00fcm Ba\u015fkan\u0131 Prof. Dr. Mehmet \u00dcnal, spor yapmaya ba\u015flayacak ki\u015filerin hekim muayenesinden ge\u00e7mesinin, olas\u0131 sakatl\u0131k ve sa\u011fl\u0131k sorunlar\u0131ndan koruyaca\u011f\u0131n\u0131 s\u00f6yledi.<\/p>\n<p>\u0130stanbul Yeni Y\u00fczy\u0131l \u00dcniversitesi Sa\u011fl\u0131k Bilimleri Fak\u00fcltesi Fizyoterapi ve Rehabilitasyon B\u00f6l\u00fcm\u00fc taraf\u0131ndan 4\u2019\u00fcnc\u00fcs\u00fc d\u00fczenlenen Spor Yaralanmalar\u0131na Genel Yakla\u015f\u0131mlar Kongresinde \u201cKal\u00e7a ve Kas\u0131k B\u00f6lgesi Spor Yaralanmalar\u0131 ve Rehabilitasyonu\u201d konusu masaya yat\u0131r\u0131ld\u0131. Kongreye konu\u015fmac\u0131 olarak sporcu sa\u011fl\u0131\u011f\u0131 ile bire bir ilgilenen tak\u0131m doktorlar\u0131, Ortopedi ve Travmatoloji Uzmanlar\u0131, Spor Hekimleri, Fiziksel T\u0131p ve Rehabilitasyon Uzmanlar\u0131, Egzersiz Fizyologlar\u0131 ve spor yaralanmalar\u0131 alan\u0131nda hizmet veren fizyoterapistler kat\u0131ld\u0131.<\/p>\n<p>Kongrede konu\u015fan \u0130stanbul Yeni Y\u00fczy\u0131l \u00dcniversitesi Sa\u011fl\u0131k Bilimleri Fak\u00fcltesi Fizyoterapi ve Rehabilitasyon B\u00f6l\u00fcm Ba\u015fkan\u0131 Prof. Dr. Mehmet \u00dcnal, ki\u015finin spor \u00f6ncesi detayl\u0131 bir muayeneden ge\u00e7mesinin o ki\u015finin sa\u011fl\u0131\u011f\u0131 i\u00e7in b\u00fcy\u00fck \u00f6nem ta\u015f\u0131d\u0131\u011f\u0131n\u0131 kaydetti. Spor \u00f6ncesi muayenenin olas\u0131 sakatl\u0131k ve hastal\u0131klardan korunmada b\u00fcy\u00fck \u00f6nem ta\u015f\u0131d\u0131\u011f\u0131n\u0131 ifade eden Prof. Dr. Mehmet \u00dcnal, \u201cSpor \u00f6ncesi muayenede e\u011fer sorun tespit edilirse gerekli tetkiklerin yap\u0131larak h\u0131zl\u0131 bir \u015fekilde tedavinin kurgulanmas\u0131 gerekiyor. Zira burada ama\u00e7 sakatl\u0131k olu\u015ftuktan sonra tedavinin yap\u0131lmas\u0131 de\u011fil, sporcuyu sakatl\u0131ktan korumakt\u0131r. Spora ba\u015flamadan \u00f6nce sporcunun \u0131s\u0131nmas\u0131, esneme hareketlerini iyi yapmas\u0131 hangi spor dal\u0131yla u\u011fra\u015f\u0131yorsa buna y\u00f6nelik v\u00fccudunda alt yap\u0131s\u0131n\u0131 yeterince oturtmas\u0131 da sa\u011fl\u0131kl\u0131 bir spor i\u00e7in b\u00fcy\u00fck \u00f6nem ta\u015f\u0131maktad\u0131r. Ki\u015finin kondisyonunun iyi olmas\u0131 ve kendi bran\u015f\u0131na g\u00f6re kondisyonunu g\u00fc\u00e7lendirmesi de kritik bir noktad\u0131r&#8221; ifadelerini kulland\u0131.<\/p>\n<p>Yaralanan sporcuya h\u0131zl\u0131 m\u00fcdahale edilmeli<\/p>\n<p>Prof. Dr. Mehmet \u00dcnal sporculara yaralanma sonras\u0131 nas\u0131l m\u00fcdahale edilmesi gerekti\u011fini ise \u201c\u00d6ncelikle travma an\u0131nda sporcunun koruma alt\u0131na al\u0131nmas\u0131 gerekmektedir. Sporcunun yaralanan b\u00f6lgesinin korunmas\u0131 gerekiyor. Sporcuyu daha ileri tetkik ve tedavi i\u00e7in ortamdan derhal uzakla\u015ft\u0131rmak gerekiyor. Do\u011fru m\u00fcdahalede ne kadar gecikirsek sporcunun da sahaya d\u00f6n\u00fc\u015f\u00fc o kadar gecikir&#8221; s\u00f6zleriyle anlatt\u0131.<\/p>\n<p>Sporcularda antrenman\u0131n da ciddiyetle \u00fczerinde durulmas\u0131 gereken bir konu oldu\u011funa i\u015faret eden Prof. Dr. Mehmet \u00dcnal, \u201dAntrenman\u0131n s\u00fcresi, s\u0131kl\u0131\u011f\u0131 ve yo\u011funlu\u011fu \u00fc\u00e7l\u00fcs\u00fcne dikkat etmek gerekiyor. Bunlardan biri artt\u0131\u011f\u0131nda di\u011feri mutlaka azalt\u0131lmal\u0131. E\u011fer ki\u015fi \u00fc\u00e7\u00fcn\u00fc ayn\u0131 anda artt\u0131r\u0131rsa sakatl\u0131\u011f\u0131 da \u00e7a\u011f\u0131rm\u0131\u015f olur. \u00dc\u00e7\u00fcnc\u00fc olarak ise yap\u0131lan spora uygun antrenman yapmak ve koruyucu malzeme kullan\u0131m\u0131n\u0131 unutmamak gerekiyor&#8221; diye konu\u015ftu.<\/p>\n<p>D\u00f6rt oturumda 16 ayr\u0131 konunun tart\u0131\u015f\u0131ld\u0131\u011f\u0131 kongrede, Prof. Dr. Mehmet \u00dcnal Taraf\u0131ndan kaleme al\u0131nan \u201cSpor Yaralanmalar\u0131 ve Rehabilitasyonu\u201d, \u201cEgzersiz Fizyolojisi\u201d, \u201cSporcu Sa\u011fl\u0131\u011f\u0131 ve Performans\u201d ve \u201cKal\u00e7a ve Kas\u0131k B\u00f6lgesi Spor Yaralanmalar\u0131 ve Rehabilitasyonu\u201d kitaplar\u0131 da \u00f6\u011frenciler ve konunun uzmanlar\u0131 ile bulu\u015fturuldu.<\/p>\n","protected":false},"excerpt":{"rendered":"<p>\u0130STANBUL YEN\u0130 Y\u00dcZYIL \u00dcN\u0130VERS\u0130TES\u0130 SA\u011eLIK B\u0130L\u0130MLER\u0130 FAK\u00dcLTES\u0130 F\u0130ZYOTERAP\u0130 VE REHAB\u0130L\u0130TASYON B\u00d6L\u00dcM BA\u015eKANI PROF. DR. MEHMET \u00dcNAL<\/p>\n","protected":false},"author":1,"featured_media":155447,"comment_status":"closed","ping_status":"open","sticky":false,"template":"","format":"standard","meta":{"jetpack_post_was_ever_published":false,"_jetpack_newsletter_access":"","_jetpack_dont_email_post_to_subs":false,"_jetpack_newsletter_tier_id":0,"_jetpack_memberships_contains_paywalled_content":false,"_jetpack_memberships_contains_paid_content":false,"footnotes":"","jetpack_publicize_message":"","jetpack_publicize_feature_enabled":true,"jetpack_social_post_already_shared":true,"jetpack_social_options":{"image_generator_settings":{"template":"highway","default_image_id":0,"font":"","enabled":false},"version":2}},"categories":[1],"tags":[279,5482,35762,6197,35760,5360,2750,35761,1619,5877],"class_list":["post-155446","post","type-post","status-publish","format-standard","has-post-thumbnail","hentry","category-genel","tag-dr","tag-hekim","tag-korur","tag-muayenesi","tag-olasi","tag-oncesi","tag-prof","tag-sorunlardan","tag-spor","tag-unal"],"jetpack_publicize_connections":[],"jetpack_featured_media_url":"https:\/\/i0.wp.com\/www.tvturk.com\/wp-content\/uploads\/2019\/05\/prof-dr-unal-spor-oncesi-hekim-muayenesi-olasi-sorunlardan-korur_e83da57.jpg?fit=1000%2C625","jetpack_sharing_enabled":true,"jetpack_shortlink":"https:\/\/wp.me\/paKIfm-Erc","_links":{"self":[{"href":"http:\/\/www.tvturk.com\/index.php\/wp-json\/wp\/v2\/posts\/155446","targetHints":{"allow":["GET"]}}],"collection":[{"href":"http:\/\/www.tvturk.com\/index.php\/wp-json\/wp\/v2\/posts"}],"about":[{"href":"http:\/\/www.tvturk.com\/index.php\/wp-json\/wp\/v2\/types\/post"}],"author":[{"embeddable":true,"href":"http:\/\/www.tvturk.com\/index.php\/wp-json\/wp\/v2\/users\/1"}],"replies":[{"embeddable":true,"href":"http:\/\/www.tvturk.com\/index.php\/wp-json\/wp\/v2\/comments?post=155446"}],"version-history":[{"count":0,"href":"http:\/\/www.tvturk.com\/index.php\/wp-json\/wp\/v2\/posts\/155446\/revisions"}],"wp:featuredmedia":[{"embeddable":true,"href":"http:\/\/www.tvturk.com\/index.php\/wp-json\/wp\/v2\/media\/155447"}],"wp:attachment":[{"href":"http:\/\/www.tvturk.com\/index.php\/wp-json\/wp\/v2\/media?parent=155446"}],"wp:term":[{"taxonomy":"category","embeddable":true,"href":"http:\/\/www.tvturk.com\/index.php\/wp-json\/wp\/v2\/categories?post=155446"},{"taxonomy":"post_tag","embeddable":true,"href":"http:\/\/www.tvturk.com\/index.php\/wp-json\/wp\/v2\/tags?post=155446"}],"curies":[{"name":"wp","href":"https:\/\/api.w.org\/{rel}","templated":true}]}}