{"id":155558,"date":"2019-05-11T12:29:19","date_gmt":"2019-05-11T09:29:19","guid":{"rendered":"http:\/\/www.tvturk.com\/index.php\/kapadokya-alan-baskanligina-bolge-belediye-baskanlarindan-destek\/"},"modified":"2019-05-11T12:29:19","modified_gmt":"2019-05-11T09:29:19","slug":"kapadokya-alan-baskanligina-bolge-belediye-baskanlarindan-destek","status":"publish","type":"post","link":"http:\/\/www.tvturk.com\/index.php\/kapadokya-alan-baskanligina-bolge-belediye-baskanlarindan-destek\/","title":{"rendered":"Kapadokya Alan Ba\u015fkanl\u0131\u011f\u0131na b\u00f6lge belediye ba\u015fkanlar\u0131ndan destek"},"content":{"rendered":"<p>Kapadokya Alan Ba\u015fkanl\u0131\u011f\u0131 kurulmas\u0131yla ilgili kanun teklifi, TBMM Milli E\u011fitim, K\u00fclt\u00fcr, Gen\u00e7lik ve Spor Komisyonunda kabul edilmesinin ard\u0131ndan Kapadokya B\u00f6lgesinde yerel y\u00f6neticiler ve yat\u0131r\u0131mc\u0131lar kanun tasar\u0131s\u0131n\u0131 memnuniyetle kar\u015f\u0131lad\u0131.<\/p>\n<p>TBMM\u2019den ge\u00e7en Kapadokya Alan Ba\u015fkanl\u0131\u011f\u0131 kurulmas\u0131yla ilgili kanun tasar\u0131s\u0131n\u0131n ard\u0131ndan \u00dcrg\u00fcp, Ortahisar ve U\u00e7hisar Belediye Ba\u015fkanlar\u0131 yapt\u0131klar\u0131 a\u00e7\u0131klamada Kapadokya Alan Ba\u015fkanl\u0131\u011f\u0131n\u0131n Kapadokya B\u00f6lgesi i\u00e7in son derece olumlu olaca\u011f\u0131n\u0131 a\u00e7\u0131klad\u0131. \u00dcrg\u00fcp Belediye Ba\u015fkan\u0131 Mehmet Akt\u00fcrk yapt\u0131\u011f\u0131 a\u00e7\u0131klamada, &#8220;Kapadokya Alan Ba\u015fkanl\u0131\u011f\u0131 ile Kapadokya B\u00f6lgesi hem korunacak hem de b\u00f6lgemiz gelecek nesillere aktar\u0131lacak. \u0130n\u015fallah bu komisyondan ge\u00e7en bu kanun ile beraber Kapadokya\u2019m\u0131z\u0131n tarihi, k\u00fclt\u00fcrel ve do\u011fal dokusunun birlikte geli\u015ftirilmesi, ya\u015fat\u0131lmas\u0131, tan\u0131t\u0131lmas\u0131 ve gelecek ku\u015faklara aktar\u0131lmas\u0131 ad\u0131na kurullar aras\u0131 planlama yetkisini tek bir elde toplayaca\u011f\u0131na inan\u0131yoruz. Kurumlar aras\u0131 yetki karga\u015fas\u0131n\u0131 ortadan kald\u0131raca\u011f\u0131na inan\u0131yoruz. Yerel y\u00f6netimlerle kurumlar aras\u0131nda koordinasyonu sa\u011flayarak bundan sonraki yap\u0131lacak i\u015f ve i\u015flemler ile b\u00f6lgenin daha iyi geli\u015fimi anlam\u0131nda bir\u00e7ok etkin bir g\u00f6rev \u00fcstlenece\u011fine inan\u0131yoruz. Bundan sonra b\u00f6lgemiz i\u00e7in \u00e7ok daha etkin i\u015flemleri bu alana y\u00f6netimini ger\u00e7ekle\u015ftirece\u011fimize inan\u0131yoruz\u201d dedi.<\/p>\n<p>\u201cKa\u00e7ak yap\u0131la\u015fman\u0131n \u00f6n\u00fcne ge\u00e7ecek\u201d<\/p>\n<p>U\u00e7hisar Belediye Ba\u015fkan\u0131 Osman S\u00fcsl\u00fc de a\u00e7\u0131klamas\u0131nda Kapadokya Alan Ba\u015fkanl\u0131\u011f\u0131n\u0131n kurulmas\u0131yla birlikte b\u00f6lge i\u00e7erisindeki problemlerin \u00e7\u00f6z\u00fcm\u00fc noktas\u0131nda \u00e7ekilen zorluklar hem de ka\u00e7ak yap\u0131la\u015fman\u0131n \u00f6n\u00fcne ge\u00e7ilmesi noktas\u0131nda b\u00fcy\u00fck faydalar\u0131 olaca\u011f\u0131n\u0131 s\u00f6yledi. U\u00e7hisar Belediye Ba\u015fkan\u0131 S\u00fcsl\u00fc, \u201cMeclisten ge\u00e7en Kapadokya Alan Ba\u015fkanl\u0131\u011f\u0131 kanun tasar\u0131s\u0131 b\u00f6lgedeki yat\u0131r\u0131mc\u0131lar\u0131 ve yerel y\u00f6neticileri ziyadesi ile memnun etmi\u015f durumdad\u0131r. Ben bu konuda eme\u011fi ge\u00e7en herkese, milletvekillerimize, Valimize ve mecliste bu tasar\u0131ya emek veren t\u00fcm b\u00fcrokrasiye te\u015fekk\u00fcr ederim. Ancak bizim buradaki endi\u015felerimiz y\u0131llardan beri b\u00fct\u00fcn bakanl\u0131klar\u0131n b\u00f6lge \u00fczerinde yetkili ve kendini sorumlu hissetmesi nedeniyle ya\u015fan\u0131lan problemler \u00e7\u00f6z\u00fclememekteydi. Ancak bu tasar\u0131yla tek elden ve yerelden sorunlar\u0131n \u00e7\u00f6z\u00fcm\u00fc noktas\u0131nda \u00e7ok daha faydal\u0131 olaca\u011f\u0131 kanaati i\u00e7erisindeyiz. Y\u00f6netiminde \u00f6zellikle yerel y\u00f6neticilerin bir fiil kadrolar\u0131nda yerel bazda bulunmas\u0131 ziyadesi bizleri memnun edecek. Bundan sonraki problemlerin \u00e7\u00f6z\u00fcmlerinde \u00e7ok ciddi anlamda katk\u0131lar sa\u011flayacakt\u0131r. \u0130leriki a\u015famalarda te\u015fkilat y\u00f6netiminde bunlar\u0131n de\u011ferlendirilece\u011fini biz \u00fcmit ediyoruz. \u0130n\u015fallah bundan sonra Kapadokya b\u00f6lgemizin kullan\u0131larak korunmas\u0131 amac\u0131yla yerelden daha h\u0131zl\u0131 daha pratik \u00e7\u00f6z\u00fcm \u00fcretilmek suretiyle hem b\u00f6lgenin tan\u0131t\u0131m\u0131na hem b\u00f6lgenin kullan\u0131m\u0131na hem de \u00f6zellikle b\u00f6lge i\u00e7erisindeki problemlerin \u00e7\u00f6z\u00fcm\u00fc noktas\u0131nda \u00e7ekilen zorluklardan dolay\u0131 ka\u00e7ak yap\u0131la\u015fman\u0131n da \u00f6n\u00fcne ge\u00e7ilebilmesi amac\u0131yla \u00e7ok b\u00fcy\u00fck katk\u0131lar sa\u011flayaca\u011f\u0131n\u0131 d\u00fc\u015f\u00fcn\u00fcyorum\u201d diye konu\u015ftu.<\/p>\n<p>\u201cKapadokya Alan Ba\u015fkanl\u0131\u011f\u0131 yerel y\u00f6neticileri sevindirdi\u201d<\/p>\n<p>Ortahisar Belediye Ba\u015fkan\u0131 Mustafa Ate\u015f ise a\u00e7\u0131klamas\u0131nda Kapadokya Alan Ba\u015fkanl\u0131\u011f\u0131n\u0131n kurulmas\u0131yla birlikte b\u00f6lgede ya\u015fanan sorunlar\u0131n tek elden \u00e7\u00f6z\u00fcm\u00fc yerel y\u00f6neticileri, vatanda\u015flar\u0131 ve yat\u0131r\u0131mc\u0131lar\u0131 mutlu etti dedi. Ate\u015f, \u201cSizlerin de bildi\u011fi gibi b\u00f6lgemiz \u00e7ok g\u00fczel ve \u00e7ok \u00f6zel bir b\u00f6lgedir. Ama bug\u00fcne kadar b\u00f6lgemizde bir\u00e7ok konuda bir\u00e7ok ba\u015fl\u0131l\u0131k vard\u0131. Bunlar\u0131n tek elde toplanmas\u0131 hem yerel y\u00f6netimleri hem vatanda\u015flar\u0131m\u0131z\u0131 hem de yat\u0131r\u0131mc\u0131lar\u0131m\u0131z\u0131 sevindirecek. Yat\u0131r\u0131mc\u0131lar\u0131 daha fazla rahatlatacakt\u0131r. Biz alan y\u00f6netimini istiyor ve destekliyoruz. \u0130n\u015fallah \u00fclkemize ve b\u00f6lgemize hay\u0131rl\u0131 olsun\u201d \u015feklinde konu\u015ftu.<\/p>\n","protected":false},"excerpt":{"rendered":"<p>KAPADOKYA ALAN BA\u015eKANLI\u011eI KURULMASIYLA \u0130LG\u0130L\u0130 KANUN TEKL\u0130F\u0130, TBMM M\u0130LL\u0130 E\u011e\u0130T\u0130M, K\u00dcLT\u00dcR, GEN\u00c7L\u0130K VE SPOR KOM\u0130SYONUNDA KABUL ED\u0130LMES\u0130N\u0130N ARDINDAN KAPADOKYA B\u00d6LGES\u0130NDE YEREL Y\u00d6NET\u0130C\u0130LER VE YATIRIMCILAR KANUN TASARISINI MEMNUN\u0130YETLE KAR\u015eILADI.<\/p>\n","protected":false},"author":1,"featured_media":155559,"comment_status":"closed","ping_status":"open","sticky":false,"template":"","format":"standard","meta":{"jetpack_post_was_ever_published":false,"_jetpack_newsletter_access":"","_jetpack_dont_email_post_to_subs":false,"_jetpack_newsletter_tier_id":0,"_jetpack_memberships_contains_paywalled_content":false,"_jetpack_memberships_contains_paid_content":false,"footnotes":"","jetpack_publicize_message":"","jetpack_publicize_feature_enabled":true,"jetpack_social_post_already_shared":true,"jetpack_social_options":{"image_generator_settings":{"template":"highway","default_image_id":0,"font":"","enabled":false},"version":2}},"categories":[1],"tags":[1802,2000,907,134,1172,61,208],"class_list":["post-155558","post","type-post","status-publish","format-standard","has-post-thumbnail","hentry","category-genel","tag-alan","tag-baskanlarindan","tag-baskanligina","tag-belediye","tag-bolge","tag-destek","tag-kapadokya"],"jetpack_publicize_connections":[],"jetpack_featured_media_url":"https:\/\/i0.wp.com\/www.tvturk.com\/wp-content\/uploads\/2019\/05\/kapadokya-alan-baskanligina-bolge-belediye-baskanlarindan-destek_37b18c5.jpg?fit=1000%2C562","jetpack_sharing_enabled":true,"jetpack_shortlink":"https:\/\/wp.me\/paKIfm-Et0","_links":{"self":[{"href":"http:\/\/www.tvturk.com\/index.php\/wp-json\/wp\/v2\/posts\/155558","targetHints":{"allow":["GET"]}}],"collection":[{"href":"http:\/\/www.tvturk.com\/index.php\/wp-json\/wp\/v2\/posts"}],"about":[{"href":"http:\/\/www.tvturk.com\/index.php\/wp-json\/wp\/v2\/types\/post"}],"author":[{"embeddable":true,"href":"http:\/\/www.tvturk.com\/index.php\/wp-json\/wp\/v2\/users\/1"}],"replies":[{"embeddable":true,"href":"http:\/\/www.tvturk.com\/index.php\/wp-json\/wp\/v2\/comments?post=155558"}],"version-history":[{"count":0,"href":"http:\/\/www.tvturk.com\/index.php\/wp-json\/wp\/v2\/posts\/155558\/revisions"}],"wp:featuredmedia":[{"embeddable":true,"href":"http:\/\/www.tvturk.com\/index.php\/wp-json\/wp\/v2\/media\/155559"}],"wp:attachment":[{"href":"http:\/\/www.tvturk.com\/index.php\/wp-json\/wp\/v2\/media?parent=155558"}],"wp:term":[{"taxonomy":"category","embeddable":true,"href":"http:\/\/www.tvturk.com\/index.php\/wp-json\/wp\/v2\/categories?post=155558"},{"taxonomy":"post_tag","embeddable":true,"href":"http:\/\/www.tvturk.com\/index.php\/wp-json\/wp\/v2\/tags?post=155558"}],"curies":[{"name":"wp","href":"https:\/\/api.w.org\/{rel}","templated":true}]}}