{"id":155612,"date":"2019-05-11T13:46:49","date_gmt":"2019-05-11T10:46:49","guid":{"rendered":"http:\/\/www.tvturk.com\/index.php\/o-kitaplar-samsunda\/"},"modified":"2019-05-11T13:46:49","modified_gmt":"2019-05-11T10:46:49","slug":"o-kitaplar-samsunda","status":"publish","type":"post","link":"http:\/\/www.tvturk.com\/index.php\/o-kitaplar-samsunda\/","title":{"rendered":"O kitaplar Samsun\u2019da"},"content":{"rendered":"<p>Samsun Valili\u011fi\u2019nin 100. Y\u0131l Koordinasyon Merkezi, Milli M\u00fccadele\u2019nin ilk k\u0131v\u0131lc\u0131m\u0131n\u0131n yak\u0131ld\u0131\u011f\u0131 g\u00fcn\u00fcn 100. y\u0131l\u0131 an\u0131s\u0131na T\u00fcrkiye Yazma Eserler Kurumu Ba\u015fkanl\u0131\u011f\u0131 ile yapt\u0131\u011f\u0131 yaz\u0131\u015fmalar olumlu sonu\u00e7land\u0131 ve Atat\u00fcrk\u2019\u00fcn Samsun\u2019u 4. ziyaretlerinde okudu\u011fu kitaplar\u0131n Samsun\u2019a getirilmesini sa\u011flad\u0131.<\/p>\n<p>Amasya\u2019da muhafaza ediliyordu<\/p>\n<p>19 May\u0131s 1919\u2019un 100. y\u0131l\u0131 kutlamalar\u0131, hayata ge\u00e7irilen \u00e7e\u015fitli etkinliklerle h\u0131z kesmeden devam ediyor. Gazi Mustafa Kemal Atat\u00fcrk\u2019\u00fcn 1930 y\u0131l\u0131nda Samsun\u2019u 4. kez ziyaretlerinde Gazi Halk K\u00fct\u00fcphanesi\u2019nden okumak i\u00e7in istedi\u011fi ve T\u00fcrkiye Yazma Eserler Kurumu Ba\u015fkanl\u0131\u011f\u0131 Amasya Yazma Eserler K\u00fct\u00fcphanesi\u2019nde muhafaza edildi\u011fi tespit edilen \u201cCihan Tarihinin Umumi Hatlar\u0131\u201d, \u201cB\u00fcy\u00fck Adamlar Serisi\u201d ve \u201cTarihte G\u00fczel Kad\u0131nlar\u201d adl\u0131 \u00fc\u00e7 kitap Samsun Valili\u011fi 100. Y\u0131l Koordinasyon Merkezi\u2019nin giri\u015fimleri ile Samsun Gazi M\u00fczesi\u2019ne getirildi. Kitaplar, 19 May\u0131s\u2019ta Samsun halk\u0131n\u0131n ziyaretine a\u00e7\u0131lacak.<\/p>\n<p>Kitaplar, \u0130l K\u00fclt\u00fcr ve Turizm M\u00fcd\u00fcr\u00fc\u2019ne teslim edildi.<\/p>\n<p>Gazi Mustafa Kemal Atat\u00fcrk ve Silah arkada\u015flar\u0131n\u0131n Samsun\u2019a \u00e7\u0131k\u0131\u015f\u0131n\u0131n 100. y\u0131l\u0131 kapsam\u0131nda Samsun\u2019daki kamu kurumlar\u0131 ve sivil toplum kurulu\u015flar\u0131n\u0131n yapmay\u0131 planlad\u0131\u011f\u0131 etkinlikler takvim \u00e7er\u00e7evesinde hayata ge\u00e7irilirken, \u00fcretilen projelerle de yurt i\u00e7i ve yurt d\u0131\u015f\u0131nda da kutlamalar devam ediyor. Bu etkinliklerden bir tanesi de Gazi Mustafa Kemal Atat\u00fcrk\u2019\u00fcn 1930 y\u0131l\u0131nda Samsun\u2019u 4. kez ziyaretlerinde Gazi Halk K\u00fct\u00fcphanesi\u2019nden okumak i\u00e7in istedi\u011fi ve T\u00fcrkiye Yazma Eserler Kurumu Ba\u015fkanl\u0131\u011f\u0131 Amasya Yazma Eserler K\u00fct\u00fcphanesinde muhafaza edildi\u011fi tespit edilen \u201cCihan Tarihinin Umumi Hatlar\u0131\u201d, \u201cB\u00fcy\u00fck Adamlar Serisi\u201d ve \u201cTarihte G\u00fczel Kad\u0131nlar\u201d adl\u0131 \u00fc\u00e7 kitap Samsun Valili\u011fi 100. Y\u0131l Koordinasyon Merkezi\u2019nin giri\u015fimleri ile Samsun Gazi M\u00fczesi\u2019ne getirildi. Samsun Valisi Osman Kaymak taraf\u0131ndan \u0130l K\u00fclt\u00fcr ve Turizm M\u00fcd\u00fcr\u00fc Adnan \u0130pekdal\u2019a teslim edilen Osmanl\u0131ca yaz\u0131l\u0131 orijinal eserler, Samsunlular\u0131n ziyaretine a\u00e7\u0131lacak.<\/p>\n<p>Vali, m\u00fczede incelemelerde bulundu<\/p>\n<p>Vali Kaymak, Gazi Mustafa Kemal Atat\u00fcrk\u2019\u00fcn farkl\u0131 tarihlerde Samsun\u2019a ger\u00e7ekle\u015ftirdi\u011fi ziyaretlerinde kald\u0131\u011f\u0131 ve g\u00fcn\u00fcm\u00fczde m\u00fcze olarak kullan\u0131lan Gazi M\u00fczesi\u2019ni ziyaret ederek, Atat\u00fcrk\u2019\u00fcn kullanm\u0131\u015f oldu\u011fu e\u015fyalar\u0131n yan\u0131 s\u0131ra, yatak odas\u0131, dinlenme odas\u0131 ve \u00e7al\u0131\u015fma odas\u0131nda da incelemelerde bulundu. Atat\u00fcrk\u2019\u00fcn Gazi M\u00fczesi\u2019nde sergilenen keten yazl\u0131k ceket ve pantolonunu inceleyen Vali Kaymak, keten ve kenevirden \u00fcretilen elbiselerin sa\u011fl\u0131kl\u0131 oldu\u011funu belirterek, g\u00fcn\u00fcm\u00fczde de \u00fcretiminin ve kullan\u0131m\u0131n\u0131n yayg\u0131nla\u015ft\u0131r\u0131lmas\u0131 y\u00f6n\u00fcnde \u00e7al\u0131\u015fmalar yap\u0131ld\u0131\u011f\u0131n\u0131 kaydetti.<\/p>\n","protected":false},"excerpt":{"rendered":"<p>SAMSUN VAL\u0130L\u0130\u011e\u0130\u2019N\u0130N 100. YIL KOORD\u0130NASYON MERKEZ\u0130, M\u0130LL\u0130 M\u00dcCADELE\u2019N\u0130N \u0130LK KIVILCIMININ YAKILDI\u011eI G\u00dcN\u00dcN 100. YILI ANISINA T\u00dcRK\u0130YE YAZMA ESERLER KURUMU BA\u015eKANLI\u011eI \u0130LE YAPTI\u011eI YAZI\u015eMALAR OLUMLU SONU\u00c7LANDI VE ATAT\u00dcRK&#8217;\u00dcN SAMSUN&#8217;U 4. Z\u0130YARETLER\u0130NDE OKUDU\u011eU K\u0130TAPLARIN SAMSUN&#8217;A GET\u0130R\u0130LMES\u0130N\u0130 SA\u011eLADI.<\/p>\n","protected":false},"author":1,"featured_media":155613,"comment_status":"closed","ping_status":"open","sticky":false,"template":"","format":"standard","meta":{"jetpack_post_was_ever_published":false,"_jetpack_newsletter_access":"","_jetpack_dont_email_post_to_subs":false,"_jetpack_newsletter_tier_id":0,"_jetpack_memberships_contains_paywalled_content":false,"_jetpack_memberships_contains_paid_content":false,"footnotes":"","jetpack_publicize_message":"","jetpack_publicize_feature_enabled":true,"jetpack_social_post_already_shared":true,"jetpack_social_options":{"image_generator_settings":{"template":"highway","default_image_id":0,"font":"","enabled":false},"version":2}},"categories":[656],"tags":[483,1862],"class_list":["post-155612","post","type-post","status-publish","format-standard","has-post-thumbnail","hentry","category-kultur-sanat","tag-kitaplar","tag-samsunda"],"jetpack_publicize_connections":[],"jetpack_featured_media_url":"https:\/\/i0.wp.com\/www.tvturk.com\/wp-content\/uploads\/2019\/05\/o-kitaplar-samsunda_f75ad23.jpg?fit=1000%2C666","jetpack_sharing_enabled":true,"jetpack_shortlink":"https:\/\/wp.me\/paKIfm-EtS","_links":{"self":[{"href":"http:\/\/www.tvturk.com\/index.php\/wp-json\/wp\/v2\/posts\/155612","targetHints":{"allow":["GET"]}}],"collection":[{"href":"http:\/\/www.tvturk.com\/index.php\/wp-json\/wp\/v2\/posts"}],"about":[{"href":"http:\/\/www.tvturk.com\/index.php\/wp-json\/wp\/v2\/types\/post"}],"author":[{"embeddable":true,"href":"http:\/\/www.tvturk.com\/index.php\/wp-json\/wp\/v2\/users\/1"}],"replies":[{"embeddable":true,"href":"http:\/\/www.tvturk.com\/index.php\/wp-json\/wp\/v2\/comments?post=155612"}],"version-history":[{"count":0,"href":"http:\/\/www.tvturk.com\/index.php\/wp-json\/wp\/v2\/posts\/155612\/revisions"}],"wp:featuredmedia":[{"embeddable":true,"href":"http:\/\/www.tvturk.com\/index.php\/wp-json\/wp\/v2\/media\/155613"}],"wp:attachment":[{"href":"http:\/\/www.tvturk.com\/index.php\/wp-json\/wp\/v2\/media?parent=155612"}],"wp:term":[{"taxonomy":"category","embeddable":true,"href":"http:\/\/www.tvturk.com\/index.php\/wp-json\/wp\/v2\/categories?post=155612"},{"taxonomy":"post_tag","embeddable":true,"href":"http:\/\/www.tvturk.com\/index.php\/wp-json\/wp\/v2\/tags?post=155612"}],"curies":[{"name":"wp","href":"https:\/\/api.w.org\/{rel}","templated":true}]}}