{"id":155644,"date":"2019-05-11T14:45:32","date_gmt":"2019-05-11T11:45:32","guid":{"rendered":"http:\/\/www.tvturk.com\/index.php\/besiktasta-fikret-orman-yonetimi-idari-ve-mali-yonden-oy-cokluguyla-ibra-edildi\/"},"modified":"2019-05-11T14:45:32","modified_gmt":"2019-05-11T11:45:32","slug":"besiktasta-fikret-orman-yonetimi-idari-ve-mali-yonden-oy-cokluguyla-ibra-edildi","status":"publish","type":"post","link":"http:\/\/www.tvturk.com\/index.php\/besiktasta-fikret-orman-yonetimi-idari-ve-mali-yonden-oy-cokluguyla-ibra-edildi\/","title":{"rendered":"Be\u015fikta\u015f\u2019ta Fikret Orman y\u00f6netimi idari ve mali y\u00f6nden oy \u00e7oklu\u011fuyla ibra edildi."},"content":{"rendered":"<p>Be\u015fikta\u015f\u2019ta Fikret Orman y\u00f6netimi idari ve mali y\u00f6nden oy \u00e7oklu\u011fuyla ibra edildi.<\/p>\n","protected":false},"excerpt":{"rendered":"<p>BE\u015e\u0130KTA\u015e&#8217;TA F\u0130KRET ORMAN Y\u00d6NET\u0130M\u0130 \u0130DAR\u0130 VE MAL\u0130 Y\u00d6NDEN OY \u00c7OKLU\u011eUYLA \u0130BRA ED\u0130LD\u0130<\/p>\n","protected":false},"author":1,"featured_media":155645,"comment_status":"closed","ping_status":"open","sticky":false,"template":"","format":"standard","meta":{"jetpack_post_was_ever_published":false,"_jetpack_newsletter_access":"","_jetpack_dont_email_post_to_subs":false,"_jetpack_newsletter_tier_id":0,"_jetpack_memberships_contains_paywalled_content":false,"_jetpack_memberships_contains_paid_content":false,"footnotes":"","jetpack_publicize_message":"","jetpack_publicize_feature_enabled":true,"jetpack_social_post_already_shared":true,"jetpack_social_options":{"image_generator_settings":{"template":"highway","default_image_id":0,"font":"","enabled":false},"version":2}},"categories":[657],"tags":[3383,35851,857,4919,27499,27500,12792,2404,8778,1543],"class_list":["post-155644","post","type-post","status-publish","format-standard","has-post-thumbnail","hentry","category-spor","tag-besiktasta","tag-cokluguyla","tag-edildi","tag-fikret","tag-ibra","tag-idari","tag-mali","tag-orman","tag-yonden","tag-yonetimi"],"jetpack_publicize_connections":[],"jetpack_featured_media_url":"https:\/\/i0.wp.com\/www.tvturk.com\/wp-content\/uploads\/2019\/05\/besiktasta-fikret-orman-yonetimi-idari-ve-mali-yonden-oy-cokluguyla-ibra-edildi_c61acd0.jpg?fit=1000%2C642","jetpack_sharing_enabled":true,"jetpack_shortlink":"https:\/\/wp.me\/paKIfm-Euo","_links":{"self":[{"href":"http:\/\/www.tvturk.com\/index.php\/wp-json\/wp\/v2\/posts\/155644","targetHints":{"allow":["GET"]}}],"collection":[{"href":"http:\/\/www.tvturk.com\/index.php\/wp-json\/wp\/v2\/posts"}],"about":[{"href":"http:\/\/www.tvturk.com\/index.php\/wp-json\/wp\/v2\/types\/post"}],"author":[{"embeddable":true,"href":"http:\/\/www.tvturk.com\/index.php\/wp-json\/wp\/v2\/users\/1"}],"replies":[{"embeddable":true,"href":"http:\/\/www.tvturk.com\/index.php\/wp-json\/wp\/v2\/comments?post=155644"}],"version-history":[{"count":0,"href":"http:\/\/www.tvturk.com\/index.php\/wp-json\/wp\/v2\/posts\/155644\/revisions"}],"wp:featuredmedia":[{"embeddable":true,"href":"http:\/\/www.tvturk.com\/index.php\/wp-json\/wp\/v2\/media\/155645"}],"wp:attachment":[{"href":"http:\/\/www.tvturk.com\/index.php\/wp-json\/wp\/v2\/media?parent=155644"}],"wp:term":[{"taxonomy":"category","embeddable":true,"href":"http:\/\/www.tvturk.com\/index.php\/wp-json\/wp\/v2\/categories?post=155644"},{"taxonomy":"post_tag","embeddable":true,"href":"http:\/\/www.tvturk.com\/index.php\/wp-json\/wp\/v2\/tags?post=155644"}],"curies":[{"name":"wp","href":"https:\/\/api.w.org\/{rel}","templated":true}]}}