{"id":155688,"date":"2019-05-11T16:18:08","date_gmt":"2019-05-11T13:18:08","guid":{"rendered":"http:\/\/www.tvturk.com\/index.php\/milli-egitim-bakani-selcuk-turkiyedeki-tum-degerlerin-ortaya-cikarilmasini-cok-onemsiyorum\/"},"modified":"2019-05-11T16:18:08","modified_gmt":"2019-05-11T13:18:08","slug":"milli-egitim-bakani-selcuk-turkiyedeki-tum-degerlerin-ortaya-cikarilmasini-cok-onemsiyorum","status":"publish","type":"post","link":"http:\/\/www.tvturk.com\/index.php\/milli-egitim-bakani-selcuk-turkiyedeki-tum-degerlerin-ortaya-cikarilmasini-cok-onemsiyorum\/","title":{"rendered":"Milli E\u011fitim Bakan\u0131 Sel\u00e7uk:  \u201cT\u00fcrkiye\u2019deki t\u00fcm de\u011ferlerin ortaya \u00e7\u0131kar\u0131lmas\u0131n\u0131 \u00e7ok \u00f6nemsiyorum\u201d"},"content":{"rendered":"<p>Milli E\u011fitim Bakan\u0131 Ziya Sel\u00e7uk, \u201cB\u00fct\u00fcn topluma bu t\u00fcr \u00e7al\u0131\u015fmalar\u0131n yayg\u0131nla\u015ft\u0131r\u0131lmas\u0131 ve T\u00fcrkiye\u2019deki t\u00fcm de\u011ferlerin ortaya \u00e7\u0131kar\u0131lmas\u0131n\u0131, bu de\u011ferler i\u00e7in e\u011fitim ortamlar\u0131 ve f\u0131rsatlar\u0131n olu\u015fturulmas\u0131n\u0131 bakanl\u0131k olarak \u00e7ok \u00f6nemsiyoruz\u201d dedi.<\/p>\n<p>T\u00fcrkiye Zeka Vakf\u0131 taraf\u0131ndan d\u00fczenlenen ve Milli E\u011fitim Bakanl\u0131\u011f\u0131, ODT\u00dc, T\u00dcB\u0130TAK taraf\u0131ndan desteklenen T\u00fcrkiye 24\u2019\u00fcnc\u00fc Zeka Oyunlar\u0131 Yar\u0131\u015fmas\u0131 \u00d6d\u00fcl T\u00f6reni, Milli E\u011fitim Bakan\u0131 Ziya Sel\u00e7uk\u2019un kat\u0131l\u0131m\u0131yla ger\u00e7ekle\u015ftirildi. 24 senedir devam eden T\u00fcrkiye Zeka Vakf\u0131\u2019n\u0131n 2019 yar\u0131\u015fmas\u0131na T\u00fcrkiye genelinde 56 bin 202 ki\u015fi kaydoldu. 7 bin 785 ki\u015finin yar\u0131\u015fmalara kat\u0131ld\u0131\u011f\u0131 etkinlikte 5 ayr\u0131 kategoride \u00f6d\u00fcller sahiplerini buldu. Toplamda 30 bin TL\u2019nin \u00f6d\u00fcl olarak da\u011f\u0131t\u0131ld\u0131\u011f\u0131 \u20182019 Zeka Oyunlar\u0131\u2019 yar\u0131\u015fmas\u0131na bu y\u0131l en \u00e7ok ilgi g\u00f6steren iller; Ankara, \u0130stanbul, Antalya ve Kocaeli oldu.<\/p>\n<p>Yar\u0131\u015fmac\u0131lardan en k\u00fc\u00e7\u00fc\u011f\u00fcn\u00fcn 5, en b\u00fcy\u00fc\u011f\u00fcn\u00fcn ise 78 ya\u015f\u0131nda oldu\u011fu Zeka Oyunlar\u0131 \u00f6d\u00fcl t\u00f6reninde k\u0131sa bir konu\u015fma ger\u00e7ekle\u015ftiren Milli E\u011fitim Bakan\u0131 Sel\u00e7uk, &#8220;Burada bana soru sorarlar diye, gizli bir endi\u015fem var. Nereden kaynaklan\u0131yor bilmiyorum ama bu kadar zeki insan aras\u0131nda olmak beni tedirgin ediyor. Bu \u00e7al\u0131\u015fmay\u0131 \u00f6nemsiyoruz. B\u00fct\u00fcn topluma bu t\u00fcr \u00e7al\u0131\u015fmalar\u0131n yayg\u0131nla\u015ft\u0131r\u0131lmas\u0131 ve T\u00fcrkiye\u2019deki t\u00fcm de\u011ferlerin ortaya \u00e7\u0131kar\u0131lmas\u0131n\u0131, bu de\u011ferler i\u00e7in e\u011fitim ortamlar\u0131 ve f\u0131rsatlar\u0131n olu\u015fturulmas\u0131n\u0131 bakanl\u0131k olarak \u00e7ok \u00f6nemsiyoruz. \u00d6n\u00fcm\u00fczdeki s\u00fcre\u00e7te de; zekan\u0131n, yetene\u011fin tespit edilmesi, bu konuyla ilgili ara\u00e7 gere\u00e7lerin geli\u015ftirilmesi, e\u011fitim merkezlerinin olu\u015fturulmas\u0131 gibi bir\u00e7ok parametrede haz\u0131rl\u0131klar\u0131m\u0131z var. 24 senedir devam eden bu \u00e7al\u0131\u015fmay\u0131 y\u00fcrekten kutluyorum\u201d ifadelerini kulland\u0131.<\/p>\n<p>&#8220;\u00c7ocuklar\u0131m\u0131z\u0131n ilgilerini, yeteneklerini, zekalar\u0131n\u0131 m\u00fcmk\u00fcn oldu\u011funca erken ke\u015ffedelim&#8221;<\/p>\n<p>\u00c7ocuklar\u0131n\u0131n salt bilginin yan\u0131 s\u0131ra; hayal etmeyi, sorgulamay\u0131, vicdan sahibi olmalar\u0131n\u0131 s\u00f6yleyen T\u00fcrkiye Zeka Vakf\u0131 Ba\u015fkan\u0131 Emrehan Hal\u0131c\u0131, &#8220;Amac\u0131m\u0131z d\u00fc\u015f\u00fcnen, bilgiye, akla \u00f6nem veren insanlar\u0131n \u00e7o\u011falmas\u0131n\u0131 sa\u011flamak. Hedefimiz t\u00fcm ya\u015flardan insanlar\u0131n kat\u0131lmas\u0131 ama oda\u011f\u0131m\u0131z \u00e7ocuklar\u0131m\u0131z, gen\u00e7lerimiz. \u00c7\u00fcnk\u00fc onlar bizim gelece\u011fimiz. Bu konuda \u00f6nemli geli\u015fmeler var. Milli E\u011fitim Bakan\u0131m\u0131z\u0131n a\u00e7\u0131klam\u0131\u015f oldu\u011fu 2023 E\u011fitim Vizyonu son derece umut veriyor. Cumhuriyetimizin kurucusu Mustafa Kemal Atat\u00fcrk\u2019\u00fcn g\u00f6stermi\u015f oldu\u011fu \u00e7a\u011fda\u015f uygarl\u0131k seviyesini yakalama ve ge\u00e7me hedefini \u00e7ocuklar\u0131m\u0131z\u0131n ger\u00e7ekle\u015ftirebilmesi i\u00e7in ailelere, okullara, devletimize ortak g\u00f6revler d\u00fc\u015f\u00fcyor. \u00c7ocuklar\u0131m\u0131z\u0131n ilgilerini, yeteneklerini, zekalar\u0131n\u0131 m\u00fcmk\u00fcn oldu\u011funca erken ke\u015ffedelim. Onlar\u0131m merak etmelerini, soru sormalar\u0131n\u0131 ve hayal etmelerini destekleyelim. \u00c7ocuklar\u0131m\u0131z\u0131n d\u00fc\u015f\u00fcnmeyi, \u00f6\u011frenmeyi, \u00fcretmeyi, payla\u015fmay\u0131, uzla\u015fmay\u0131, sevmeyi bilen mutlu insanlar olmas\u0131n\u0131 sa\u011flayal\u0131m. \u00c7ocuklar\u0131m\u0131z\u0131n sadece bilgi sahibi de\u011fil, ak\u0131l sahibi, vicdan ve zevk sahibi olmalar\u0131n\u0131 hedefleyelim. Ancak b\u00f6yle yaparsak gelece\u011fe g\u00fcvenle bakabiliriz\u201d \u015feklinde konu\u015ftu.<\/p>\n<p>&#8220;Bilim insan\u0131 olunca g\u00f6r\u00fcnmezli\u011fi icat etmeye \u00e7al\u0131\u015faca\u011f\u0131m&#8221;<\/p>\n<p>Minikler Kategorisinde 1\u2019incilik \u00f6d\u00fcl\u00fcne lay\u0131k g\u00f6r\u00fclen Ey\u00fcp Ensar Alt\u0131nta\u015f, \u201cBuraya \u00e7al\u0131\u015fmadan geldim. Burada \u00f6d\u00fcl\u00fc ald\u0131\u011f\u0131mda mutluydum ve heyecanl\u0131yd\u0131m. Ailem, elemelerdeki sorular\u0131ma yard\u0131m ettiler. Ge\u00e7memde onlar\u0131nda yard\u0131m\u0131 \u00e7ok oldu\u201d ifadelerini kulland\u0131.<\/p>\n<p>Minikler kategorisinde 3\u2019\u00fcnc\u00fcl\u00fck \u00f6d\u00fcl\u00fcne lay\u0131k g\u00f6r\u00fclen Noyan \u00d6nder, \u201cDo\u011frusunu s\u00f6ylemek gerekirse hi\u00e7 haz\u0131rlanmad\u0131m. Babam, beni direkt yar\u0131\u015fmaya sokmu\u015f. Birinci ve ikinci s\u0131nav\u0131 ge\u00e7erek finale kald\u0131m. Burada da \u00fc\u00e7\u00fcnc\u00fc oldum ve \u00e7ok mutluyum. Ben gelecek senelerde de kat\u0131lmay\u0131 istiyorum. B\u00fcy\u00fcnce de bilim insan\u0131 ya da futbolcu olaca\u011f\u0131m. Bilim insan\u0131 oldu\u011fumda g\u00f6r\u00fcnmezli\u011fi icat etmeye \u00e7al\u0131\u015faca\u011f\u0131m\u201d dedi.<\/p>\n<p>\u00d6d\u00fcl t\u00f6reninin ard\u0131ndan toplu foto\u011fraf \u00e7ekimi ger\u00e7ekle\u015ftirildi.<\/p>\n<p>Emektarlar kategorisi<\/p>\n<p>Emektarlar kategorisinde birinci Murat Koz, ikinci Mustafa Ba\u015fak, \u00fc\u00e7\u00fcnc\u00fc Erg\u00fcn Akg\u00f6z oldu.<\/p>\n<p>Yeti\u015fkinler kategorisi<\/p>\n<p>Yeti\u015fkinler kategorisinde; birinci Hatice Esra Aydemir, ikinci Y\u0131lmaz Onat K\u00f6yl\u00fco\u011flu, \u00fc\u00e7\u00fcnc\u00fc Taha Alp Kaymak oldu.<\/p>\n<p>Gen\u00e7ler kategorisi<\/p>\n<p>Gen\u00e7ler kategorisinde; birinci Hakan Karaku\u015f, ikinci Simay Pala, \u00fc\u00e7\u00fcnc\u00fc Yusuf Kat\u0131rc\u0131 oldu.<\/p>\n<p>\u00c7ocuklar kategorisi<\/p>\n<p>\u00c7ocuklar kategorisinde; birinci Doruk A\u00e7\u0131kg\u00f6z, ikinci Mehmet Durmaz, \u00fc\u00e7\u00fcnc\u00fc Bar\u0131\u015f Ni\u015fanc\u0131 oldu.<\/p>\n<p>Minikler kategorisi<\/p>\n<p>Minikler kategorisinde; birinci Ey\u00fcp Ensar Alt\u0131nta\u015f, ikinci \u00d6mer Kerem, \u00fc\u00e7\u00fcnc\u00fc Noyan \u00d6nder oldu.<\/p>\n","protected":false},"excerpt":{"rendered":"<p>T\u00dcRK\u0130YE ZEKA VAKFI TARAFINDAN D\u00dcZENLENEN VE M\u0130LL\u0130 E\u011e\u0130T\u0130M BAKANLI\u011eI, ODT\u00dc, T\u00dcB\u0130TAK TARAFINDAN DESTEKLENEN T\u00dcRK\u0130YE 24\u2019\u00dcNC\u00dc ZEKA OYUNLARI YARI\u015eMASI \u00d6D\u00dcL T\u00d6REN\u0130, M\u0130LL\u0130 E\u011e\u0130T\u0130M BAKANI Z\u0130YA SEL\u00c7UK\u2019UN KATILIMIYLA GER\u00c7EKLE\u015eT\u0130R\u0130LD\u0130.<\/p>\n","protected":false},"author":1,"featured_media":155689,"comment_status":"closed","ping_status":"open","sticky":false,"template":"","format":"standard","meta":{"jetpack_post_was_ever_published":false,"_jetpack_newsletter_access":"","_jetpack_dont_email_post_to_subs":false,"_jetpack_newsletter_tier_id":0,"_jetpack_memberships_contains_paywalled_content":false,"_jetpack_memberships_contains_paid_content":false,"footnotes":"","jetpack_publicize_message":"","jetpack_publicize_feature_enabled":true,"jetpack_social_post_already_shared":true,"jetpack_social_options":{"image_generator_settings":{"template":"highway","default_image_id":0,"font":"","enabled":false},"version":2}},"categories":[1],"tags":[933,35872,105,35871,398,429,35873,1201,4454,1325,4184],"class_list":["post-155688","post","type-post","status-publish","format-standard","has-post-thumbnail","hentry","category-genel","tag-bakani","tag-cikarilmasini","tag-cok","tag-degerlerin","tag-egitim","tag-milli","tag-onemsiyorum","tag-ortaya","tag-selcuk","tag-tum","tag-turkiyedeki"],"jetpack_publicize_connections":[],"jetpack_featured_media_url":"https:\/\/i0.wp.com\/www.tvturk.com\/wp-content\/uploads\/2019\/05\/milli-egitim-bakani-selcuk-turkiyedeki-tum-degerlerin-ortaya-cikarilmasini-cok-onemsiyorum_b20817b.jpg?fit=1000%2C589","jetpack_sharing_enabled":true,"jetpack_shortlink":"https:\/\/wp.me\/paKIfm-Ev6","_links":{"self":[{"href":"http:\/\/www.tvturk.com\/index.php\/wp-json\/wp\/v2\/posts\/155688","targetHints":{"allow":["GET"]}}],"collection":[{"href":"http:\/\/www.tvturk.com\/index.php\/wp-json\/wp\/v2\/posts"}],"about":[{"href":"http:\/\/www.tvturk.com\/index.php\/wp-json\/wp\/v2\/types\/post"}],"author":[{"embeddable":true,"href":"http:\/\/www.tvturk.com\/index.php\/wp-json\/wp\/v2\/users\/1"}],"replies":[{"embeddable":true,"href":"http:\/\/www.tvturk.com\/index.php\/wp-json\/wp\/v2\/comments?post=155688"}],"version-history":[{"count":0,"href":"http:\/\/www.tvturk.com\/index.php\/wp-json\/wp\/v2\/posts\/155688\/revisions"}],"wp:featuredmedia":[{"embeddable":true,"href":"http:\/\/www.tvturk.com\/index.php\/wp-json\/wp\/v2\/media\/155689"}],"wp:attachment":[{"href":"http:\/\/www.tvturk.com\/index.php\/wp-json\/wp\/v2\/media?parent=155688"}],"wp:term":[{"taxonomy":"category","embeddable":true,"href":"http:\/\/www.tvturk.com\/index.php\/wp-json\/wp\/v2\/categories?post=155688"},{"taxonomy":"post_tag","embeddable":true,"href":"http:\/\/www.tvturk.com\/index.php\/wp-json\/wp\/v2\/tags?post=155688"}],"curies":[{"name":"wp","href":"https:\/\/api.w.org\/{rel}","templated":true}]}}