{"id":155710,"date":"2019-05-11T17:38:04","date_gmt":"2019-05-11T14:38:04","guid":{"rendered":"http:\/\/www.tvturk.com\/index.php\/bursada-bir-bilenle-bilge-nesil-odulleri-verildi\/"},"modified":"2019-05-11T17:38:04","modified_gmt":"2019-05-11T14:38:04","slug":"bursada-bir-bilenle-bilge-nesil-odulleri-verildi","status":"publish","type":"post","link":"http:\/\/www.tvturk.com\/index.php\/bursada-bir-bilenle-bilge-nesil-odulleri-verildi\/","title":{"rendered":"Bursa\u2019da \u2018Bir bilenle, bilge nesil\u2019 \u00f6d\u00fclleri verildi"},"content":{"rendered":"<p>Memur-Sen Konfederasyonu\u2019na ba\u011fl\u0131 e\u011fitim Bir-Sen Bursa \u015eubesi taraf\u0131ndan d\u00fczenlenen \u2018bir bilenle, bilge nesil\u2019 temas\u0131 ile liseleraras\u0131 kompozisyon yar\u0131\u015fmas\u0131nda derece ye giren \u00f6\u011frencilerin \u00f6d\u00fclleri verildi.<\/p>\n<p>Merinos AKKM Osmangazi Salonu\u2019nda d\u00fczenlenen \u00f6d\u00fcl t\u00f6renine MTTB \u0130l Ba\u015fkan\u0131 Samet Enes \u00d6zt\u00fcrk, E\u011fitim Bir-Sen 1 Nolu \u015eube Ba\u015fkan\u0131 Ramazan Acar, sosyal medyada \u2018Bonus Hoca\u2019 olarak tan\u0131nan S\u00fcleyman Beledio\u011flu\u2019nun yan\u0131 s\u0131ra e\u011fitim camias\u0131 temsilcileri ve \u00f6\u011frenciler kat\u0131ld\u0131. Kompozisyon yar\u0131\u015fmas\u0131 \u00f6d\u00fcl t\u00f6reninin a\u00e7\u0131l\u0131\u015f\u0131nda konu\u015fan E\u011fitim Bir-Sen 1 Nolu \u015eube Ba\u015fkan\u0131 Ramazan Acar, ba\u015fta yar\u0131\u015fmaya kat\u0131lan her okulun birincisi 50 ki\u015fiye mansiyon \u00f6d\u00fcl\u00fc olarak bisiklet hediye eden ana sponsor B\u00fcy\u00fck\u015fehir Belediyesine te\u015fekk\u00fcr ederek \u015funlar\u0131 s\u00f6yledi:<\/p>\n<p>&#8220;Bilgi g\u00fc\u00e7t\u00fcr adam\u0131m, diyordu en son \u00e7al\u0131\u015ft\u0131\u011f\u0131m fen lisesinden biyoloji \u00f6\u011fretmeni arkada\u015f\u0131m, Hakikaten bilgi g\u00fc\u00e7t\u00fcr. Ama bilgiyi nas\u0131l kullanaca\u011f\u0131n\u0131 \u00f6\u011frenme noktas\u0131nda egzersiz anlam\u0131na gelebilecek olan kitap okumad\u0131r. Bu yar\u0131\u015fma bunu sa\u011fl\u0131yor.&#8221;<\/p>\n<p>Konu\u015fmalar\u0131n ard\u0131ndan projeye katk\u0131 veren \u00f6\u011fretmenlere ve yar\u0131\u015fmada dereceye giren \u00f6\u011frencilere plaket ve \u00f6d\u00fclleri verildi. 3\u2019\u00fcnc\u00fcl\u00fck \u00f6d\u00fclleri; \u015eule Akyol, Damla Hanc\u0131o\u011flu, Emir Er\u00fcng\u00f6rmez, 2\u2019ncilik \u00f6d\u00fclleri; R\u00fcmeysa Ar\u0131c\u0131o\u011flu, Yunus \u015eahin, Ya\u011fmur \u015eahin, 1\u2019incilik \u00f6d\u00fclleri; Yasemin \u0130\u015f\u00f6z, Ay\u015feg\u00fcl Demir\u00f6ren, Berna Orhan<\/p>\n","protected":false},"excerpt":{"rendered":"<p>MEMUR-SEN KONFEDERASYONU\u2019NA BA\u011eLI E\u011e\u0130T\u0130M B\u0130R-SEN BURSA \u015eUBES\u0130 TARAFINDAN YEN\u0130 NESL\u0130N VATANINA, BAYRA\u011eINA VE MANEV\u0130 DE\u011eERLER\u0130NE SAH\u0130P \u00c7IKMASI, BUNUN \u0130\u00c7\u0130N B\u0130LGE NES\u0130LLER\u0130N YET\u0130\u015eMES\u0130N\u0130 SA\u011eLAMAK AMACIYLA D\u00dcZENLENEN \u2018B\u0130R B\u0130LENLE, B\u0130LGE NES\u0130L\u2019 TEMASI \u0130LE L\u0130SELER ARASI KOMPOZ\u0130SYON YARI\u015eMASINDA DERECE YE G\u0130REN \u00d6\u011eRENC\u0130LER\u0130N \u00d6D\u00dcLLER\u0130 VER\u0130LD\u0130.<\/p>\n","protected":false},"author":1,"featured_media":155711,"comment_status":"closed","ping_status":"open","sticky":false,"template":"","format":"standard","meta":{"jetpack_post_was_ever_published":false,"_jetpack_newsletter_access":"","_jetpack_dont_email_post_to_subs":false,"_jetpack_newsletter_tier_id":0,"_jetpack_memberships_contains_paywalled_content":false,"_jetpack_memberships_contains_paid_content":false,"footnotes":"","jetpack_publicize_message":"","jetpack_publicize_feature_enabled":true,"jetpack_social_post_already_shared":true,"jetpack_social_options":{"image_generator_settings":{"template":"highway","default_image_id":0,"font":"","enabled":false},"version":2}},"categories":[1],"tags":[10749,5497,125,1032,390,4031,634],"class_list":["post-155710","post","type-post","status-publish","format-standard","has-post-thumbnail","hentry","category-genel","tag-bilenle","tag-bilge","tag-bir","tag-bursada","tag-nesil","tag-odulleri","tag-verildi"],"jetpack_publicize_connections":[],"jetpack_featured_media_url":"https:\/\/i0.wp.com\/www.tvturk.com\/wp-content\/uploads\/2019\/05\/bursada-bir-bilenle-bilge-nesil-odulleri-verildi_3b682ec.jpg?fit=1000%2C675","jetpack_sharing_enabled":true,"jetpack_shortlink":"https:\/\/wp.me\/paKIfm-Evs","_links":{"self":[{"href":"http:\/\/www.tvturk.com\/index.php\/wp-json\/wp\/v2\/posts\/155710","targetHints":{"allow":["GET"]}}],"collection":[{"href":"http:\/\/www.tvturk.com\/index.php\/wp-json\/wp\/v2\/posts"}],"about":[{"href":"http:\/\/www.tvturk.com\/index.php\/wp-json\/wp\/v2\/types\/post"}],"author":[{"embeddable":true,"href":"http:\/\/www.tvturk.com\/index.php\/wp-json\/wp\/v2\/users\/1"}],"replies":[{"embeddable":true,"href":"http:\/\/www.tvturk.com\/index.php\/wp-json\/wp\/v2\/comments?post=155710"}],"version-history":[{"count":0,"href":"http:\/\/www.tvturk.com\/index.php\/wp-json\/wp\/v2\/posts\/155710\/revisions"}],"wp:featuredmedia":[{"embeddable":true,"href":"http:\/\/www.tvturk.com\/index.php\/wp-json\/wp\/v2\/media\/155711"}],"wp:attachment":[{"href":"http:\/\/www.tvturk.com\/index.php\/wp-json\/wp\/v2\/media?parent=155710"}],"wp:term":[{"taxonomy":"category","embeddable":true,"href":"http:\/\/www.tvturk.com\/index.php\/wp-json\/wp\/v2\/categories?post=155710"},{"taxonomy":"post_tag","embeddable":true,"href":"http:\/\/www.tvturk.com\/index.php\/wp-json\/wp\/v2\/tags?post=155710"}],"curies":[{"name":"wp","href":"https:\/\/api.w.org\/{rel}","templated":true}]}}