{"id":155712,"date":"2019-05-11T17:48:41","date_gmt":"2019-05-11T14:48:41","guid":{"rendered":"http:\/\/www.tvturk.com\/index.php\/vali-makaminda-gures-tuttu\/"},"modified":"2019-05-11T17:48:41","modified_gmt":"2019-05-11T14:48:41","slug":"vali-makaminda-gures-tuttu","status":"publish","type":"post","link":"http:\/\/www.tvturk.com\/index.php\/vali-makaminda-gures-tuttu\/","title":{"rendered":"Vali, makam\u0131nda g\u00fcre\u015f tuttu"},"content":{"rendered":"<p>Sivas Valisi Salih Ayhan milli g\u00fcre\u015f\u00e7i Dursun G\u00f6zel ile makam\u0131nda g\u00fcre\u015f tuttu.<\/p>\n<p>\u0130\u015fitme Engelliler kategorisinde bir\u00e7ok ba\u015far\u0131ya imza atan milli g\u00fcre\u015f\u00e7i Dursun G\u00f6zel, engelliler haftas\u0131 dolay\u0131s\u0131yla Sivas Valisi Salih Ayhan\u2019\u0131 makam\u0131nda ziyaret etti. Avrupa \u015fampiyonlu\u011fu, D\u00fcnya ve Olimpiyat ikincili\u011fi ve \u00fc\u00e7\u00fcnc\u00fcl\u00fc\u011f\u00fc bulunan milli g\u00fcre\u015f\u00e7i ve antren\u00f6r Dursun G\u00f6zel, Vali Ayhan ile makamda bir s\u00fcre sohbet etti.<\/p>\n<p>Sohbetin ard\u0131ndan Milli G\u00fcre\u015f\u00e7i G\u00f6zel, Ayhan\u2019a g\u00fcre\u015f hakk\u0131nda bilgi verdi. Daha sonra aya\u011fa kalkan ikili makam odas\u0131nda g\u00fcre\u015f tuttu. G\u00fcre\u015f tutulmas\u0131 esnas\u0131nda ikili aras\u0131nda renkli g\u00f6r\u00fcnt\u00fcler olu\u015ftu. G\u00f6zel, o anlar\u0131 sosyal medya hesab\u0131nda payla\u015ft\u0131.<\/p>\n","protected":false},"excerpt":{"rendered":"<p>S\u0130VAS VAL\u0130S\u0130 SAL\u0130H AYHAN M\u0130LL\u0130 G\u00dcRE\u015e\u00c7\u0130 DURSUN G\u00d6ZEL \u0130LE MAKAMINDA G\u00dcRE\u015e TUTTU.<\/p>\n","protected":false},"author":1,"featured_media":155713,"comment_status":"closed","ping_status":"open","sticky":false,"template":"","format":"standard","meta":{"jetpack_post_was_ever_published":false,"_jetpack_newsletter_access":"","_jetpack_dont_email_post_to_subs":false,"_jetpack_newsletter_tier_id":0,"_jetpack_memberships_contains_paywalled_content":false,"_jetpack_memberships_contains_paid_content":false,"footnotes":"","jetpack_publicize_message":"","jetpack_publicize_feature_enabled":true,"jetpack_social_post_already_shared":true,"jetpack_social_options":{"image_generator_settings":{"template":"highway","default_image_id":0,"font":"","enabled":false},"version":2}},"categories":[657],"tags":[8355,12122,2436,148],"class_list":["post-155712","post","type-post","status-publish","format-standard","has-post-thumbnail","hentry","category-spor","tag-gures","tag-makaminda","tag-tuttu","tag-vali"],"jetpack_publicize_connections":[],"jetpack_featured_media_url":"https:\/\/i0.wp.com\/www.tvturk.com\/wp-content\/uploads\/2019\/05\/vali-makaminda-gures-tuttu_ce565c8.jpg?fit=720%2C479","jetpack_sharing_enabled":true,"jetpack_shortlink":"https:\/\/wp.me\/paKIfm-Evu","_links":{"self":[{"href":"http:\/\/www.tvturk.com\/index.php\/wp-json\/wp\/v2\/posts\/155712","targetHints":{"allow":["GET"]}}],"collection":[{"href":"http:\/\/www.tvturk.com\/index.php\/wp-json\/wp\/v2\/posts"}],"about":[{"href":"http:\/\/www.tvturk.com\/index.php\/wp-json\/wp\/v2\/types\/post"}],"author":[{"embeddable":true,"href":"http:\/\/www.tvturk.com\/index.php\/wp-json\/wp\/v2\/users\/1"}],"replies":[{"embeddable":true,"href":"http:\/\/www.tvturk.com\/index.php\/wp-json\/wp\/v2\/comments?post=155712"}],"version-history":[{"count":0,"href":"http:\/\/www.tvturk.com\/index.php\/wp-json\/wp\/v2\/posts\/155712\/revisions"}],"wp:featuredmedia":[{"embeddable":true,"href":"http:\/\/www.tvturk.com\/index.php\/wp-json\/wp\/v2\/media\/155713"}],"wp:attachment":[{"href":"http:\/\/www.tvturk.com\/index.php\/wp-json\/wp\/v2\/media?parent=155712"}],"wp:term":[{"taxonomy":"category","embeddable":true,"href":"http:\/\/www.tvturk.com\/index.php\/wp-json\/wp\/v2\/categories?post=155712"},{"taxonomy":"post_tag","embeddable":true,"href":"http:\/\/www.tvturk.com\/index.php\/wp-json\/wp\/v2\/tags?post=155712"}],"curies":[{"name":"wp","href":"https:\/\/api.w.org\/{rel}","templated":true}]}}