{"id":155818,"date":"2019-05-12T09:02:53","date_gmt":"2019-05-12T06:02:53","guid":{"rendered":"http:\/\/www.tvturk.com\/index.php\/ozel-yuz-yillik-cinar-agacini-gece-operasyonuyla-ortadan-kaldirdilar\/"},"modified":"2019-05-12T09:02:53","modified_gmt":"2019-05-12T06:02:53","slug":"ozel-yuz-yillik-cinar-agacini-gece-operasyonuyla-ortadan-kaldirdilar","status":"publish","type":"post","link":"http:\/\/www.tvturk.com\/index.php\/ozel-yuz-yillik-cinar-agacini-gece-operasyonuyla-ortadan-kaldirdilar\/","title":{"rendered":"(\u00d6zel) Y\u00fcz y\u0131ll\u0131k \u00e7\u0131nar a\u011fac\u0131n\u0131 gece operasyonuyla ortadan kald\u0131rd\u0131lar"},"content":{"rendered":"<p>Bursa\u2019da tarihi \u00e7\u0131nar a\u011fac\u0131n\u0131n\u0131n gece yar\u0131s\u0131 kimse g\u00f6rmeden kesilip ortadan kald\u0131r\u0131lmas\u0131 b\u00fcy\u00fck tepki \u00e7ekti.<\/p>\n<p>&#8220;Bu kadar da olmaz&#8221; dedirten olay Bursa\u2019da ya\u015fand\u0131. Y\u0131ld\u0131r\u0131m il\u00e7esi Vi\u015fne Caddesi\u2019nde bebe konfeksiyoncular\u0131n\u0131n oldu\u011fu b\u00f6lgede bulunan tarihi \u00e7\u0131nar a\u011fac\u0131 gece kimse g\u00f6rmeden k\u00f6k\u00fcnden kesilerek ortadan kald\u0131r\u0131ld\u0131. Kim veya kimler taraf\u0131ndan kesildi\u011fi bilinmeyen \u00e7\u0131nar a\u011fac\u0131n\u0131n bir gece ans\u0131z\u0131n kesilmesi \u00e7evreciler ve vatanda\u015flar taraf\u0131ndan tepkiyle kar\u015f\u0131land\u0131. Vatanda\u015flar a\u011fac\u0131 kesenlerin biran \u00f6nce bulunup cezaland\u0131r\u0131lmas\u0131n\u0131 istedi.<\/p>\n<p>\u00c7\u0131nar a\u011fac\u0131 i\u015fyerinin \u00f6n\u00fcnde bulunan ma\u011faza sahibi de konudan  bilgisinin olmad\u0131\u011f\u0131n\u0131, bu durumdan kendisinin de \u015fikayet\u00e7i oldu\u011funu s\u00f6yledi. \u00d6te yandan b\u00f6lge esnaf\u0131 100 y\u0131ll\u0131k \u00e7\u0131nar a\u011fac\u0131n\u0131 kesen ki\u015finin bulunmas\u0131n\u0131, gerekirse su\u00e7 duyurusunda bulunacaklar\u0131n\u0131 belirterek Y\u0131ld\u0131r\u0131m ve B\u00fcy\u00fck\u015fehir Belediyesi\u2019ni g\u00f6reve \u00e7a\u011f\u0131rd\u0131<\/p>\n","protected":false},"excerpt":{"rendered":"<p>Y\u00dcZ YILLIK \u00c7INAR A\u011eACINI GECE OPERASYONUYLA ORTADAN KALDIRDILAR<\/p>\n","protected":false},"author":1,"featured_media":155819,"comment_status":"closed","ping_status":"open","sticky":false,"template":"","format":"standard","meta":{"jetpack_post_was_ever_published":false,"_jetpack_newsletter_access":"","_jetpack_dont_email_post_to_subs":false,"_jetpack_newsletter_tier_id":0,"_jetpack_memberships_contains_paywalled_content":false,"_jetpack_memberships_contains_paid_content":false,"footnotes":"","jetpack_publicize_message":"","jetpack_publicize_feature_enabled":true,"jetpack_social_post_already_shared":true,"jetpack_social_options":{"image_generator_settings":{"template":"highway","default_image_id":0,"font":"","enabled":false},"version":2}},"categories":[1],"tags":[1073,35916,9799,1501,6191,35917,13654,710,9097],"class_list":["post-155818","post","type-post","status-publish","format-standard","has-post-thumbnail","hentry","category-genel","tag-ozel","tag-agacini","tag-cinar","tag-gece","tag-kaldirdilar","tag-operasyonuyla","tag-ortadan","tag-yillik","tag-yuz"],"jetpack_publicize_connections":[],"jetpack_featured_media_url":"https:\/\/i0.wp.com\/www.tvturk.com\/wp-content\/uploads\/2019\/05\/ozel-yuz-yillik-cinar-agacini-gece-operasyonuyla-ortadan-kaldirdilar_3b682ec.jpg?fit=1000%2C562","jetpack_sharing_enabled":true,"jetpack_shortlink":"https:\/\/wp.me\/paKIfm-Exc","_links":{"self":[{"href":"http:\/\/www.tvturk.com\/index.php\/wp-json\/wp\/v2\/posts\/155818","targetHints":{"allow":["GET"]}}],"collection":[{"href":"http:\/\/www.tvturk.com\/index.php\/wp-json\/wp\/v2\/posts"}],"about":[{"href":"http:\/\/www.tvturk.com\/index.php\/wp-json\/wp\/v2\/types\/post"}],"author":[{"embeddable":true,"href":"http:\/\/www.tvturk.com\/index.php\/wp-json\/wp\/v2\/users\/1"}],"replies":[{"embeddable":true,"href":"http:\/\/www.tvturk.com\/index.php\/wp-json\/wp\/v2\/comments?post=155818"}],"version-history":[{"count":0,"href":"http:\/\/www.tvturk.com\/index.php\/wp-json\/wp\/v2\/posts\/155818\/revisions"}],"wp:featuredmedia":[{"embeddable":true,"href":"http:\/\/www.tvturk.com\/index.php\/wp-json\/wp\/v2\/media\/155819"}],"wp:attachment":[{"href":"http:\/\/www.tvturk.com\/index.php\/wp-json\/wp\/v2\/media?parent=155818"}],"wp:term":[{"taxonomy":"category","embeddable":true,"href":"http:\/\/www.tvturk.com\/index.php\/wp-json\/wp\/v2\/categories?post=155818"},{"taxonomy":"post_tag","embeddable":true,"href":"http:\/\/www.tvturk.com\/index.php\/wp-json\/wp\/v2\/tags?post=155818"}],"curies":[{"name":"wp","href":"https:\/\/api.w.org\/{rel}","templated":true}]}}