{"id":155886,"date":"2019-05-12T11:16:45","date_gmt":"2019-05-12T08:16:45","guid":{"rendered":"http:\/\/www.tvturk.com\/index.php\/gencler-avrupa-kupasinda-madalyali-gun\/"},"modified":"2019-05-12T11:16:45","modified_gmt":"2019-05-12T08:16:45","slug":"gencler-avrupa-kupasinda-madalyali-gun","status":"publish","type":"post","link":"http:\/\/www.tvturk.com\/index.php\/gencler-avrupa-kupasinda-madalyali-gun\/","title":{"rendered":"Gen\u00e7ler Avrupa Kupas\u0131\u2019nda madalyal\u0131 g\u00fcn"},"content":{"rendered":"<p>Litvanya\u2019n\u0131n Kaunas kentinde ba\u015flayan Gen\u00e7ler Avrupa Kupas\u0131 m\u00fcsabakalar\u0131n\u0131n ilk g\u00fcn\u00fcnde, tatamiye \u00e7\u0131kan T\u00fcrk judokalar, 2 g\u00fcm\u00fc\u015f ve 2 bronz madalya kazand\u0131.<\/p>\n<p>Federasyondan yap\u0131lan a\u00e7\u0131klamaya g\u00f6re Litvanya\u2019da ba\u015flayan Gen\u00e7ler Avrupa Kupas\u0131 ilk g\u00fcn\u00fcnde, Ay-y\u0131ld\u0131zl\u0131 judokalar 2 g\u00fcm\u00fc\u015f ve 2 bronz madalya kazand\u0131. Kaunas kentinde ger\u00e7ekle\u015fen m\u00fcsabakalarda kad\u0131nlar, +78 kiloda Mine Kalender ilk turu bay ge\u00e7ti. \u00c7eyrek finalde Belaruslu, yar\u0131 finalde de Rus rakibini alt\u0131n skorda ipponla yenen Kalender, finalde Hollandal\u0131 Kamps ile kar\u015f\u0131la\u015ft\u0131. Ma\u00e7\u0131n alt\u0131n skor b\u00f6l\u00fcm\u00fcnde rakibinin ata\u011f\u0131na kar\u015f\u0131l\u0131k veremedi ve g\u00fcm\u00fc\u015f madalyan\u0131n sahibi oldu. 63 kiloda Minel Akdeniz ise ilk turda Hollandal\u0131, ikinci turda Alman rakiplerini ipponla yenerek \u00e7eyrek ve yar\u0131 final m\u00fcsabakalar\u0131n\u0131 alt\u0131n skorlarla kazanarak finalist oldu. Akdeniz, Alman Pohl ile yapt\u0131\u011f\u0131 m\u00fccadelede g\u00fcm\u00fc\u015f madalyada kald\u0131. Erkekler 60 kiloda Salih Y\u0131ld\u0131z bronz madalya kar\u015f\u0131la\u015fmas\u0131nda Belaruslu  Kolasav\u2019\u0131 waza-ari puan\u0131yla yenerek \u00fc\u00e7\u00fcnc\u00fcl\u00fck k\u00fcrs\u00fcs\u00fcne \u00e7\u0131kt\u0131. 66 kiloda Eren Ersoy yar\u0131 finale kadar y\u00fckseldi. Bu turda yenildi ve bronz madalya i\u00e7in Belaruslu D. Muzhaila\u2019ya rakip oldu. Ma\u00e7\u0131 alt\u0131n skorda waza-ari puan\u0131yla galip tamamlayan Ersoy, bronz madalyay\u0131 kazanan judoka oldu.<\/p>\n","protected":false},"excerpt":{"rendered":"<p>L\u0130TVANYA\u2019NIN KAUNAS KENT\u0130NDE BA\u015eLAYAN M\u00dcSABAKALARIN \u0130LK G\u00dcN\u00dcNDE, TATAM\u0130YE \u00c7IKAN JUDOKALARIMIZ, 2 G\u00dcM\u00dc\u015e VE 2 BRONZ MADALYA KAZANDI.<\/p>\n","protected":false},"author":1,"featured_media":155887,"comment_status":"closed","ping_status":"open","sticky":false,"template":"","format":"standard","meta":{"jetpack_post_was_ever_published":false,"_jetpack_newsletter_access":"","_jetpack_dont_email_post_to_subs":false,"_jetpack_newsletter_tier_id":0,"_jetpack_memberships_contains_paywalled_content":false,"_jetpack_memberships_contains_paid_content":false,"footnotes":"","jetpack_publicize_message":"","jetpack_publicize_feature_enabled":true,"jetpack_social_post_already_shared":true,"jetpack_social_options":{"image_generator_settings":{"template":"highway","default_image_id":0,"font":"","enabled":false},"version":2}},"categories":[657],"tags":[392,1622,2579,13607,20340],"class_list":["post-155886","post","type-post","status-publish","format-standard","has-post-thumbnail","hentry","category-spor","tag-avrupa","tag-gencler","tag-gun","tag-kupasinda","tag-madalyali"],"jetpack_publicize_connections":[],"jetpack_featured_media_url":"https:\/\/i0.wp.com\/www.tvturk.com\/wp-content\/uploads\/2019\/05\/gencler-avrupa-kupasinda-madalyali-gun_ebe0ce4.jpg?fit=1000%2C485","jetpack_sharing_enabled":true,"jetpack_shortlink":"https:\/\/wp.me\/paKIfm-Eyi","_links":{"self":[{"href":"http:\/\/www.tvturk.com\/index.php\/wp-json\/wp\/v2\/posts\/155886","targetHints":{"allow":["GET"]}}],"collection":[{"href":"http:\/\/www.tvturk.com\/index.php\/wp-json\/wp\/v2\/posts"}],"about":[{"href":"http:\/\/www.tvturk.com\/index.php\/wp-json\/wp\/v2\/types\/post"}],"author":[{"embeddable":true,"href":"http:\/\/www.tvturk.com\/index.php\/wp-json\/wp\/v2\/users\/1"}],"replies":[{"embeddable":true,"href":"http:\/\/www.tvturk.com\/index.php\/wp-json\/wp\/v2\/comments?post=155886"}],"version-history":[{"count":0,"href":"http:\/\/www.tvturk.com\/index.php\/wp-json\/wp\/v2\/posts\/155886\/revisions"}],"wp:featuredmedia":[{"embeddable":true,"href":"http:\/\/www.tvturk.com\/index.php\/wp-json\/wp\/v2\/media\/155887"}],"wp:attachment":[{"href":"http:\/\/www.tvturk.com\/index.php\/wp-json\/wp\/v2\/media?parent=155886"}],"wp:term":[{"taxonomy":"category","embeddable":true,"href":"http:\/\/www.tvturk.com\/index.php\/wp-json\/wp\/v2\/categories?post=155886"},{"taxonomy":"post_tag","embeddable":true,"href":"http:\/\/www.tvturk.com\/index.php\/wp-json\/wp\/v2\/tags?post=155886"}],"curies":[{"name":"wp","href":"https:\/\/api.w.org\/{rel}","templated":true}]}}