{"id":155918,"date":"2019-05-12T12:24:14","date_gmt":"2019-05-12T09:24:14","guid":{"rendered":"http:\/\/www.tvturk.com\/index.php\/kastamonuda-simsiyah-akan-cay-koyluleri-tedirgin-etti\/"},"modified":"2019-05-12T12:24:14","modified_gmt":"2019-05-12T09:24:14","slug":"kastamonuda-simsiyah-akan-cay-koyluleri-tedirgin-etti","status":"publish","type":"post","link":"http:\/\/www.tvturk.com\/index.php\/kastamonuda-simsiyah-akan-cay-koyluleri-tedirgin-etti\/","title":{"rendered":"Kastamonu\u2019da simsiyah akan \u00e7ay k\u00f6yl\u00fcleri tedirgin etti"},"content":{"rendered":"<p>Kastamonu\u2019nun K\u00fcre il\u00e7esinden \u0130nebolu il\u00e7esine uzanan Zarbana \u00c7ay\u0131\u2019n\u0131n y\u00fczeyi simsiyah oldu. K\u00fcre\u2019den maden at\u0131klar\u0131n\u0131n \u00e7aya sal\u0131nd\u0131\u011f\u0131n\u0131 iddia eden k\u00f6yl\u00fcler ise duruma tepki g\u00f6stererek yetkililerden yard\u0131m istedi.<\/p>\n<p>K\u00fcre\u2013\u0130nebolu aras\u0131nda bulunan ve \u00d6zl\u00fcce k\u00f6y\u00fcnden denize kar\u0131\u015fan Zarbana \u00c7ay\u0131\u2019nda sel sular\u0131 ile birlikte dere y\u00fczeyinde olu\u015fan kirli g\u00f6r\u00fcnt\u00fc g\u00f6renleri \u015fa\u015f\u0131rtt\u0131. Sel sular\u0131 sonras\u0131 simsiyah g\u00f6r\u00fcnt\u00fcye b\u00fcr\u00fcnen \u00e7ay\u0131 g\u00f6ren k\u00f6yl\u00fcler ise durumdan tedirgin oldu. Dere y\u00fczeyinin maden at\u0131klar\u0131yla kapland\u0131\u011f\u0131n\u0131 iddia eden vatanda\u015flar, siyaha b\u00fcr\u00fcnen \u00e7ay\u0131n halini \u00e7ekerek yetkililerden inceleme yap\u0131lmas\u0131n\u0131 talep ettiler.<\/p>\n<p>G\u00f6r\u00fcnt\u00fclerde siyah akan \u00e7ay\u0131n haline tepki g\u00f6steren vatanda\u015flar, olaya \u00e7evrede bulunan bak\u0131r madeninin neden oldu\u011funu iddia ettiler. Durumun insan ve hayvan sa\u011fl\u0131\u011f\u0131 a\u00e7\u0131s\u0131ndan tehlikeli olabilece\u011fini g\u00f6r\u00fcnt\u00fcde anlatan k\u00f6yl\u00fclerin daha sonra k\u00f6y muhtarlar\u0131 e\u015fli\u011finde kaymakaml\u0131klara giderek \u015fikayet dilek\u00e7esi verdikleri \u00f6\u011frenildi.<\/p>\n<p>Zarbana \u00c7ay\u0131 \u00fczerinde zaman zaman maden at\u0131klar\u0131n\u0131n g\u00f6r\u00fcld\u00fc\u011f\u00fcn\u00fc belirten k\u00f6yl\u00fcler, ilk defa bu kadar yo\u011fun bir maden kal\u0131nt\u0131s\u0131n\u0131n dere boyunca kaplad\u0131\u011f\u0131n\u0131 s\u00f6yledi. Dere boyunca devam eden kirlili\u011fin denize de kar\u0131\u015ft\u0131\u011f\u0131n\u0131 belirten vatanda\u015flar, denizlerde canl\u0131lar\u0131n sa\u011fl\u0131\u011f\u0131na tehdit eden bu olay\u0131n ara\u015ft\u0131r\u0131lmas\u0131n\u0131 istedi.<\/p>\n","protected":false},"excerpt":{"rendered":"<p>ASTAMONU\u2019NUN K\u00dcRE \u0130L\u00c7ES\u0130NDEN \u0130NEBOLU \u0130L\u00c7ES\u0130NE UZANAN ZARBANA \u00c7AYI\u2019NIN Y\u00dcZEY\u0130 S\u0130MS\u0130YAH OLDU. K\u00dcRE&#8217;DEN MADEN ATIKLARININ \u00c7AYA SALINDI\u011eINI \u0130DD\u0130A EDEN K\u00d6YL\u00dcLER \u0130SE DURUMA TEPK\u0130 G\u00d6STEREREK YETK\u0130L\u0130LERDEN YARDIM \u0130STED\u0130.<\/p>\n","protected":false},"author":1,"featured_media":155919,"comment_status":"closed","ping_status":"open","sticky":false,"template":"","format":"standard","meta":{"jetpack_post_was_ever_published":false,"_jetpack_newsletter_access":"","_jetpack_dont_email_post_to_subs":false,"_jetpack_newsletter_tier_id":0,"_jetpack_memberships_contains_paywalled_content":false,"_jetpack_memberships_contains_paid_content":false,"footnotes":"","jetpack_publicize_message":"","jetpack_publicize_feature_enabled":true,"jetpack_social_post_already_shared":true,"jetpack_social_options":{"image_generator_settings":{"template":"highway","default_image_id":0,"font":"","enabled":false},"version":2}},"categories":[1],"tags":[2730,862,207,410,25321,35961,28733],"class_list":["post-155918","post","type-post","status-publish","format-standard","has-post-thumbnail","hentry","category-genel","tag-akan","tag-cay","tag-etti","tag-kastamonuda","tag-koyluleri","tag-simsiyah","tag-tedirgin"],"jetpack_publicize_connections":[],"jetpack_featured_media_url":"https:\/\/i0.wp.com\/www.tvturk.com\/wp-content\/uploads\/2019\/05\/kastamonuda-simsiyah-akan-cay-koyluleri-tedirgin-etti_59ad045.jpg?fit=565%2C1000","jetpack_sharing_enabled":true,"jetpack_shortlink":"https:\/\/wp.me\/paKIfm-EyO","_links":{"self":[{"href":"http:\/\/www.tvturk.com\/index.php\/wp-json\/wp\/v2\/posts\/155918","targetHints":{"allow":["GET"]}}],"collection":[{"href":"http:\/\/www.tvturk.com\/index.php\/wp-json\/wp\/v2\/posts"}],"about":[{"href":"http:\/\/www.tvturk.com\/index.php\/wp-json\/wp\/v2\/types\/post"}],"author":[{"embeddable":true,"href":"http:\/\/www.tvturk.com\/index.php\/wp-json\/wp\/v2\/users\/1"}],"replies":[{"embeddable":true,"href":"http:\/\/www.tvturk.com\/index.php\/wp-json\/wp\/v2\/comments?post=155918"}],"version-history":[{"count":0,"href":"http:\/\/www.tvturk.com\/index.php\/wp-json\/wp\/v2\/posts\/155918\/revisions"}],"wp:featuredmedia":[{"embeddable":true,"href":"http:\/\/www.tvturk.com\/index.php\/wp-json\/wp\/v2\/media\/155919"}],"wp:attachment":[{"href":"http:\/\/www.tvturk.com\/index.php\/wp-json\/wp\/v2\/media?parent=155918"}],"wp:term":[{"taxonomy":"category","embeddable":true,"href":"http:\/\/www.tvturk.com\/index.php\/wp-json\/wp\/v2\/categories?post=155918"},{"taxonomy":"post_tag","embeddable":true,"href":"http:\/\/www.tvturk.com\/index.php\/wp-json\/wp\/v2\/tags?post=155918"}],"curies":[{"name":"wp","href":"https:\/\/api.w.org\/{rel}","templated":true}]}}