{"id":155990,"date":"2019-05-12T14:51:32","date_gmt":"2019-05-12T11:51:32","guid":{"rendered":"http:\/\/www.tvturk.com\/index.php\/izmit-korfezindeki-kirlilikle-ilgili-aciklama\/"},"modified":"2019-05-12T14:51:32","modified_gmt":"2019-05-12T11:51:32","slug":"izmit-korfezindeki-kirlilikle-ilgili-aciklama","status":"publish","type":"post","link":"http:\/\/www.tvturk.com\/index.php\/izmit-korfezindeki-kirlilikle-ilgili-aciklama\/","title":{"rendered":"\u0130zmit K\u00f6rfezi\u2019ndeki kirlilikle ilgili a\u00e7\u0131klama:"},"content":{"rendered":"<p>\u0130zmit K\u00f6rfezi k\u0131y\u0131s\u0131nda olu\u015fan k\u0131z\u0131l g\u00f6r\u00fcnt\u00fc sonras\u0131nda, K\u00f6rfez\u2019de hurda gemilerden kaynakl\u0131 kirlili\u011fin olu\u015ftu\u011fu y\u00f6n\u00fcnde haberlerin g\u00fcndeme gelmesi sonras\u0131nda a\u00e7\u0131klama yapan Kocaeli B\u00fcy\u00fck\u015fehir Belediyesi, g\u00f6r\u00fcnt\u00fcn\u00fcn sebebinin do\u011fal bir olay olan alg patlamas\u0131 oldu\u011funu duyurdu.<\/p>\n<p>Kocaeli B\u00fcy\u00fck\u015fehir Belediyesi, \u0130zmit K\u00f6rfezi ile ilgili g\u00fcndeme gelen haberler sonras\u0131nda a\u00e7\u0131klama yapt\u0131. K\u00f6rfezin kirlendi\u011fi y\u00f6n\u00fcnde haberlerin g\u00fcndeme gelmesi sonras\u0131nda \u00c7evre Koruma ve Kontrol Dairesi Ba\u015fkanl\u0131\u011f\u0131na ba\u011fl\u0131 ekipler harekete ge\u00e7ti. Yap\u0131lan denetimlerde kirlili\u011fin nedeninin alg patlamas\u0131ndan kaynakland\u0131\u011f\u0131 a\u00e7\u0131kland\u0131. S\u00f6z konusu kirlili\u011fin, habere konu olan mevki\u2019ide yer alan hurda gemilerinden kaynakland\u0131\u011f\u0131 iddias\u0131n\u0131 yerinde inceledi\u011fini a\u00e7\u0131klayan Kocaeli B\u00fcy\u00fck\u015fehir Belediyesi, haberlere konu olan mevki\u2019ide yap\u0131lan incelemelerde s\u00f6z konusu k\u0131z\u0131l renkli g\u00f6r\u00fcnt\u00fcn\u00fcn, T\u00fcbitak-MAM ile birlikte yap\u0131lan incelemeler sonucu kirlilikten de\u011fil, biyolojik bir durumdan kaynakland\u0131\u011f\u0131 anla\u015f\u0131lan alg patlamas\u0131 olay\u0131 oldu\u011fu tespit edildi\u011fini belirtti.<\/p>\n<p>Durumun ge\u00e7ici oldu\u011funu duyuruldu<\/p>\n<p>\u0130zmit K\u00f6rfezi ve Marmara denizinde \u00f6zellikle ilkbahar aylar\u0131nda tekrarlayan bu olay\u0131n en \u00f6nemli sebebinin \u00f6zellikle ya\u011f\u0131\u015flar sonucu karadan azot ve fosfor gibi besin elementlerinin deniz ortam\u0131na girerek, fitoplankton t\u00fcrlerinin a\u015f\u0131r\u0131 \u00fcremesine neden olmas\u0131ndan kaynakland\u0131\u011f\u0131n\u0131 duyuran B\u00fcy\u00fck\u015fehir, durumun ge\u00e7ici oldu\u011funu duyurdu.<\/p>\n<p>Denizde bulunan hurda gemilerin kirlili\u011fe neden olmad\u0131\u011f\u0131 belirtildi<\/p>\n<p>Kirlili\u011fin hurda gemilerden kaynakland\u0131\u011f\u0131 y\u00f6n\u00fcndeki iddialara da yap\u0131lan a\u00e7\u0131klamada cevap verildi. Gemilerin, hakk\u0131nda y\u00fcr\u00fct\u00fclen haciz i\u015flemleri neticesinde s\u00fcregelen mahkeme s\u00fcreci bulundu\u011funun kaydedildi\u011fi a\u00e7\u0131klamada, s\u00f6z konusu gemi ve deniz ara\u00e7lar\u0131n\u0131n k\u0131y\u0131 tesisleri d\u0131\u015f\u0131nda k\u0131y\u0131 alanlar\u0131na ba\u011flanmalar\u0131na veya bulunduklar\u0131 yerden kald\u0131r\u0131lmalar\u0131na y\u00f6nelik i\u015f ve i\u015flemlerin ise \u0130zmit Liman Y\u00f6netmeli\u011fi\u2019nin ilgili h\u00fck\u00fcmleri \u00e7er\u00e7evesinde Kocaeli Liman Ba\u015fkanl\u0131\u011f\u0131 taraf\u0131ndan y\u00fcr\u00fct\u00fcld\u00fc\u011f\u00fc ifade edildi.<\/p>\n","protected":false},"excerpt":{"rendered":"<p>KOCAEL\u0130 B\u00dcY\u00dcK\u015eEH\u0130R BELED\u0130YES\u0130, K\u0130RL\u0130L\u0130K G\u00d6R\u00dcNT\u00dcS\u00dcN\u00dcN SEBEB\u0130N\u0130N DO\u011eAL B\u0130R OLAY OLAN ALG PATLAMASI OLDU\u011eUNU DUYURDU.<\/p>\n","protected":false},"author":1,"featured_media":155991,"comment_status":"closed","ping_status":"open","sticky":false,"template":"","format":"standard","meta":{"jetpack_post_was_ever_published":false,"_jetpack_newsletter_access":"","_jetpack_dont_email_post_to_subs":false,"_jetpack_newsletter_tier_id":0,"_jetpack_memberships_contains_paywalled_content":false,"_jetpack_memberships_contains_paid_content":false,"footnotes":"","jetpack_publicize_message":"","jetpack_publicize_feature_enabled":true,"jetpack_social_post_already_shared":true,"jetpack_social_options":{"image_generator_settings":{"template":"highway","default_image_id":0,"font":"","enabled":false},"version":2}},"categories":[1],"tags":[3349,3012,2441,35992,35991],"class_list":["post-155990","post","type-post","status-publish","format-standard","has-post-thumbnail","hentry","category-genel","tag-aciklama","tag-ilgili","tag-izmit","tag-kirlilikle","tag-korfezindeki"],"jetpack_publicize_connections":[],"jetpack_featured_media_url":"https:\/\/i0.wp.com\/www.tvturk.com\/wp-content\/uploads\/2019\/05\/izmit-korfezindeki-kirlilikle-ilgili-aciklama_a03b685.jpg?fit=1000%2C540","jetpack_sharing_enabled":true,"jetpack_shortlink":"https:\/\/wp.me\/paKIfm-EzY","_links":{"self":[{"href":"http:\/\/www.tvturk.com\/index.php\/wp-json\/wp\/v2\/posts\/155990","targetHints":{"allow":["GET"]}}],"collection":[{"href":"http:\/\/www.tvturk.com\/index.php\/wp-json\/wp\/v2\/posts"}],"about":[{"href":"http:\/\/www.tvturk.com\/index.php\/wp-json\/wp\/v2\/types\/post"}],"author":[{"embeddable":true,"href":"http:\/\/www.tvturk.com\/index.php\/wp-json\/wp\/v2\/users\/1"}],"replies":[{"embeddable":true,"href":"http:\/\/www.tvturk.com\/index.php\/wp-json\/wp\/v2\/comments?post=155990"}],"version-history":[{"count":0,"href":"http:\/\/www.tvturk.com\/index.php\/wp-json\/wp\/v2\/posts\/155990\/revisions"}],"wp:featuredmedia":[{"embeddable":true,"href":"http:\/\/www.tvturk.com\/index.php\/wp-json\/wp\/v2\/media\/155991"}],"wp:attachment":[{"href":"http:\/\/www.tvturk.com\/index.php\/wp-json\/wp\/v2\/media?parent=155990"}],"wp:term":[{"taxonomy":"category","embeddable":true,"href":"http:\/\/www.tvturk.com\/index.php\/wp-json\/wp\/v2\/categories?post=155990"},{"taxonomy":"post_tag","embeddable":true,"href":"http:\/\/www.tvturk.com\/index.php\/wp-json\/wp\/v2\/tags?post=155990"}],"curies":[{"name":"wp","href":"https:\/\/api.w.org\/{rel}","templated":true}]}}