{"id":156134,"date":"2019-05-12T20:48:41","date_gmt":"2019-05-12T17:48:41","guid":{"rendered":"http:\/\/www.tvturk.com\/index.php\/ildiz-denizlispor-super-ligde-eski-gunlerine-kavusacak\/"},"modified":"2019-05-12T20:48:41","modified_gmt":"2019-05-12T17:48:41","slug":"ildiz-denizlispor-super-ligde-eski-gunlerine-kavusacak","status":"publish","type":"post","link":"http:\/\/www.tvturk.com\/index.php\/ildiz-denizlispor-super-ligde-eski-gunlerine-kavusacak\/","title":{"rendered":"\u0130ldiz: \u201cDenizlispor S\u00fcper Lig\u2019de eski g\u00fcnlerine kavu\u015facak\u201d"},"content":{"rendered":"<p>Denizlispor Teknik Direkt\u00f6r\u00fc Y\u00fccel \u0130ldiz, 6-0 kazan\u0131p S\u00fcper Lig\u2019e \u00e7\u0131kt\u0131klar\u0131 kar\u015f\u0131la\u015fman\u0131n ard\u0131ndan, \u201cDenizlispor bu ba\u015far\u0131y\u0131 net bir \u015fekilde hak etti. Denizlispor, en ufak \u015faibesiz, g\u00fcr\u00fclt\u00fcs\u00fcz \u00e7a\u011fda\u015f bir oyun oynayarak, yak\u0131\u015fan\u0131 yaparak \u015fampiyon olmu\u015ftur\u201d dedi.<\/p>\n<p>Spor Toto 1. Lig\u2019in 33. haftas\u0131nda sahas\u0131nda Kardemir Karab\u00fckspor ile kar\u015f\u0131la\u015fan Abal\u0131 Denizlispor sahadan 6-0 galip ayr\u0131ld\u0131. Denizlispor bu sonu\u00e7la 9 y\u0131l aradan sonra S\u00fcper Lig\u2019e \u00e7\u0131kman\u0131n mutlulu\u011funu ya\u015fad\u0131. Kar\u015f\u0131la\u015fman\u0131n ard\u0131ndan d\u00fczenledi\u011fi bas\u0131n toplant\u0131s\u0131nda a\u00e7\u0131klamalarda bulunan Denizlispor Teknik Direkt\u00f6r\u00fc Y\u00fccel \u0130ldiz, bu ba\u015far\u0131y\u0131 hak ettiklerini dile getirdi. Denizlispor\u2019un S\u00fcper Lig\u2019de tekrar eski g\u00fcnlerine d\u00f6nece\u011fini s\u00f6yleyen \u0130ldiz, \u201cEn \u00f6nemlisi teknik heyetin, futbolcular\u0131n, kul\u00fcp personelimiz inan\u0131lmaz derece de bize inand\u0131lar, \u00e7ok hizmet ettiler sa\u011f olsunlar. Onlar ile birlikte ba\u015far\u0131y\u0131 yakalad\u0131k, kul\u00fcp ba\u015fkan\u0131m\u0131z, y\u00f6netici arkada\u015flar\u0131m\u0131z, belediye ba\u015fkan\u0131m\u0131z, herkes. Bug\u00fcnk\u00fc co\u015fkuyu g\u00f6rd\u00fcn\u00fcz ve ayr\u0131ca Denizlispor\u2019un \u00e7ok net bir \u015fekilde hak etti\u011fini d\u00fc\u015f\u00fcn\u00fcyorum. Denizlispor, en ufak \u015faibesiz, g\u00fcr\u00fclt\u00fcs\u00fcz \u00e7a\u011fda\u015f bir oyun oynayarak, yak\u0131\u015fan\u0131 yaparak \u015fampiyon olmu\u015ftur. Herkese camiam\u0131za hay\u0131rl\u0131 u\u011furlu olsun, b\u00f6lge halk\u0131m\u0131za hay\u0131rl\u0131 u\u011furlu olsun. Denizlispor in\u015fallah ligde de eski g\u00fcnlerine kavu\u015facakt\u0131r\u201d diye konu\u015ftu.<\/p>\n","protected":false},"excerpt":{"rendered":"<p>DEN\u0130ZL\u0130SPOR TEKN\u0130K D\u0130REKT\u00d6R\u00dc Y\u00dcCEL \u0130LD\u0130Z, 6-0 KAZANIP S\u00dcPER L\u0130G\u2019E \u00c7IKTIKLARI KAR\u015eILA\u015eMANIN ARDINDAN, \u201cDEN\u0130ZL\u0130SPOR BU BA\u015eARIYI NET B\u0130R \u015eEK\u0130LDE HAK ETT\u0130. DEN\u0130ZL\u0130SPOR, EN UFAK \u015eA\u0130BES\u0130Z, G\u00dcR\u00dcLT\u00dcS\u00dcZ \u00c7A\u011eDA\u015e B\u0130R OYUN OYNAYARAK, YAKI\u015eANI YAPARAK \u015eAMP\u0130YON OLMU\u015eTUR\u201d DED\u0130.<\/p>\n","protected":false},"author":1,"featured_media":156135,"comment_status":"closed","ping_status":"open","sticky":false,"template":"","format":"standard","meta":{"jetpack_post_was_ever_published":false,"_jetpack_newsletter_access":"","_jetpack_dont_email_post_to_subs":false,"_jetpack_newsletter_tier_id":0,"_jetpack_memberships_contains_paywalled_content":false,"_jetpack_memberships_contains_paid_content":false,"footnotes":"","jetpack_publicize_message":"","jetpack_publicize_feature_enabled":true,"jetpack_social_post_already_shared":true,"jetpack_social_options":{"image_generator_settings":{"template":"highway","default_image_id":0,"font":"","enabled":false},"version":2}},"categories":[657],"tags":[6694,1123,6684,2548,14322,8715,1463],"class_list":["post-156134","post","type-post","status-publish","format-standard","has-post-thumbnail","hentry","category-spor","tag-denizlispor","tag-eski","tag-gunlerine","tag-ildiz","tag-kavusacak","tag-ligde","tag-super"],"jetpack_publicize_connections":[],"jetpack_featured_media_url":"https:\/\/i0.wp.com\/www.tvturk.com\/wp-content\/uploads\/2019\/05\/ildiz-denizlispor-super-ligde-eski-gunlerine-kavusacak_8443367.jpg?fit=1000%2C662","jetpack_sharing_enabled":true,"jetpack_shortlink":"https:\/\/wp.me\/paKIfm-ECi","_links":{"self":[{"href":"http:\/\/www.tvturk.com\/index.php\/wp-json\/wp\/v2\/posts\/156134","targetHints":{"allow":["GET"]}}],"collection":[{"href":"http:\/\/www.tvturk.com\/index.php\/wp-json\/wp\/v2\/posts"}],"about":[{"href":"http:\/\/www.tvturk.com\/index.php\/wp-json\/wp\/v2\/types\/post"}],"author":[{"embeddable":true,"href":"http:\/\/www.tvturk.com\/index.php\/wp-json\/wp\/v2\/users\/1"}],"replies":[{"embeddable":true,"href":"http:\/\/www.tvturk.com\/index.php\/wp-json\/wp\/v2\/comments?post=156134"}],"version-history":[{"count":0,"href":"http:\/\/www.tvturk.com\/index.php\/wp-json\/wp\/v2\/posts\/156134\/revisions"}],"wp:featuredmedia":[{"embeddable":true,"href":"http:\/\/www.tvturk.com\/index.php\/wp-json\/wp\/v2\/media\/156135"}],"wp:attachment":[{"href":"http:\/\/www.tvturk.com\/index.php\/wp-json\/wp\/v2\/media?parent=156134"}],"wp:term":[{"taxonomy":"category","embeddable":true,"href":"http:\/\/www.tvturk.com\/index.php\/wp-json\/wp\/v2\/categories?post=156134"},{"taxonomy":"post_tag","embeddable":true,"href":"http:\/\/www.tvturk.com\/index.php\/wp-json\/wp\/v2\/tags?post=156134"}],"curies":[{"name":"wp","href":"https:\/\/api.w.org\/{rel}","templated":true}]}}