{"id":156136,"date":"2019-05-12T20:51:22","date_gmt":"2019-05-12T17:51:22","guid":{"rendered":"http:\/\/www.tvturk.com\/index.php\/cumhurbaskani-nostaljik-tramvay-ile-iftara-geldi\/"},"modified":"2019-05-12T20:51:22","modified_gmt":"2019-05-12T17:51:22","slug":"cumhurbaskani-nostaljik-tramvay-ile-iftara-geldi","status":"publish","type":"post","link":"http:\/\/www.tvturk.com\/index.php\/cumhurbaskani-nostaljik-tramvay-ile-iftara-geldi\/","title":{"rendered":"Cumhurba\u015fkan\u0131 nostaljik tramvay ile iftara geldi"},"content":{"rendered":"<p>Cumhurba\u015fkan\u0131 Recep Tayyip Erdo\u011fan, Beyo\u011flu Taksim Meydan\u0131\u2019nda geleneksel olarak d\u00fczenlenen iftar program\u0131 i\u00e7in, nostaljik tramvaya binerek vatanda\u015flarla bir s\u00fcre sohbet etti.<\/p>\n<p>Cumhurba\u015fkan\u0131 Recep Tayyip Erdo\u011fan, Beyo\u011flu Taksim Meydan\u0131\u2019nda d\u00fczenlenen iftara kat\u0131ld\u0131. Erdo\u011fan, iftar \u00f6ncesi \u0130stiklal Caddesi\u2019nde \u00f6nce bir s\u00fcre y\u00fcr\u00fcd\u00fc sonras\u0131nda ise nostaljik tramvaya bindi. Cumhurba\u015fkan\u0131, vatanda\u015flarla bir s\u00fcre sohbet edip, foto\u011fraf \u00e7ektirdi. Erdo\u011fan, \u0130stiklal Caddesi\u2019ndeki gezisinin ard\u0131ndan Taksim Meydan\u0131\u2019ndaki iftar \u00e7ad\u0131r\u0131na girdi.<\/p>\n","protected":false},"excerpt":{"rendered":"<p>CUMHURBA\u015eKANI RECEP TAYY\u0130P ERDO\u011eAN, BEYO\u011eLU TAKS\u0130M MEYDANI&#8217;NDA GELENEKSEL OLARAK D\u00dcZENLENEN \u0130FTAR PROGRAMI \u0130\u00c7\u0130N, NOSTALJ\u0130K TRAMVAYA B\u0130NEREK VATANDA\u015eLARLA B\u0130R S\u00dcRE SOHBET ETT\u0130.<\/p>\n","protected":false},"author":1,"featured_media":156137,"comment_status":"closed","ping_status":"open","sticky":false,"template":"","format":"standard","meta":{"jetpack_post_was_ever_published":false,"_jetpack_newsletter_access":"","_jetpack_dont_email_post_to_subs":false,"_jetpack_newsletter_tier_id":0,"_jetpack_memberships_contains_paywalled_content":false,"_jetpack_memberships_contains_paid_content":false,"footnotes":"","jetpack_publicize_message":"","jetpack_publicize_feature_enabled":true,"jetpack_social_post_already_shared":true,"jetpack_social_options":{"image_generator_settings":{"template":"highway","default_image_id":0,"font":"","enabled":false},"version":2}},"categories":[1],"tags":[503,127,36032,192,12586,7773],"class_list":["post-156136","post","type-post","status-publish","format-standard","has-post-thumbnail","hentry","category-genel","tag-cumhurbaskani","tag-geldi","tag-iftara","tag-ile","tag-nostaljik","tag-tramvay"],"jetpack_publicize_connections":[],"jetpack_featured_media_url":"https:\/\/i0.wp.com\/www.tvturk.com\/wp-content\/uploads\/2019\/05\/cumhurbaskani-nostaljik-tramvay-ile-iftara-geldi_5320fa4.jpg?fit=1000%2C623","jetpack_sharing_enabled":true,"jetpack_shortlink":"https:\/\/wp.me\/paKIfm-ECk","_links":{"self":[{"href":"http:\/\/www.tvturk.com\/index.php\/wp-json\/wp\/v2\/posts\/156136","targetHints":{"allow":["GET"]}}],"collection":[{"href":"http:\/\/www.tvturk.com\/index.php\/wp-json\/wp\/v2\/posts"}],"about":[{"href":"http:\/\/www.tvturk.com\/index.php\/wp-json\/wp\/v2\/types\/post"}],"author":[{"embeddable":true,"href":"http:\/\/www.tvturk.com\/index.php\/wp-json\/wp\/v2\/users\/1"}],"replies":[{"embeddable":true,"href":"http:\/\/www.tvturk.com\/index.php\/wp-json\/wp\/v2\/comments?post=156136"}],"version-history":[{"count":0,"href":"http:\/\/www.tvturk.com\/index.php\/wp-json\/wp\/v2\/posts\/156136\/revisions"}],"wp:featuredmedia":[{"embeddable":true,"href":"http:\/\/www.tvturk.com\/index.php\/wp-json\/wp\/v2\/media\/156137"}],"wp:attachment":[{"href":"http:\/\/www.tvturk.com\/index.php\/wp-json\/wp\/v2\/media?parent=156136"}],"wp:term":[{"taxonomy":"category","embeddable":true,"href":"http:\/\/www.tvturk.com\/index.php\/wp-json\/wp\/v2\/categories?post=156136"},{"taxonomy":"post_tag","embeddable":true,"href":"http:\/\/www.tvturk.com\/index.php\/wp-json\/wp\/v2\/tags?post=156136"}],"curies":[{"name":"wp","href":"https:\/\/api.w.org\/{rel}","templated":true}]}}