{"id":156144,"date":"2019-05-12T21:10:39","date_gmt":"2019-05-12T18:10:39","guid":{"rendered":"http:\/\/www.tvturk.com\/index.php\/ispanyada-ipi-hamilton-gogusledi\/"},"modified":"2019-05-12T21:10:39","modified_gmt":"2019-05-12T18:10:39","slug":"ispanyada-ipi-hamilton-gogusledi","status":"publish","type":"post","link":"http:\/\/www.tvturk.com\/index.php\/ispanyada-ipi-hamilton-gogusledi\/","title":{"rendered":"\u0130spanya\u2019da ipi Hamilton g\u00f6\u011f\u00fcsledi"},"content":{"rendered":"<p>2019 Formula 1 sezonunun be\u015finci yar\u0131\u015f\u0131 olan \u0130spanya Grand Prix\u2019inde de Mercedes-AMG Petronas yar\u0131\u015ftan duble ile ayr\u0131ld\u0131. Lewis Hamilton ile birinci, Valtteri Bottas ile ikincili\u011fi kazand\u0131.<\/p>\n<p>2019 Formula 1 D\u00fcnya \u015eampiyonas\u0131\u2019n\u0131n be\u015finci dura\u011f\u0131 olan \u0130spanya\u2019da da Mercedes-AMG Petronas yine zirvede yer ald\u0131. Sezona d\u00f6rt yar\u0131\u015f dublesiyle ba\u015flayan Mercedes-AMG Petronas, bir kez daha podyumun ilk iki basama\u011f\u0131n\u0131 kimseye b\u0131rakmad\u0131. Barcelona\u2019da damal\u0131 bayra\u011f\u0131n alt\u0131ndan ilk s\u0131rada ge\u00e7en Lewis Hamilton\u2019\u0131 tak\u0131m arkada\u015f\u0131 Valtteri Bottas takip etti. Tak\u0131mlar s\u0131ralamas\u0131nda son 5 sezonun markalar \u015fampiyonu olan Mercedes-AMG Petronas ise liderlik koltu\u011fundaki fark\u0131 a\u00e7t\u0131.<\/p>\n<p>M\u00fccadeleye ikinci cepten ba\u015flayan Hamilton, ilk virajla elde etti\u011fi birincili\u011fi yar\u0131\u015f sonuna kadar korudu ve bu sezonki \u00fc\u00e7\u00fcnc\u00fc yar\u0131\u015f zaferine ula\u015ft\u0131. Startta ilk cebin sahibi olan Bottas ise tak\u0131m arkada\u015f\u0131na ge\u00e7ildikten sonra konumunu korudu ve \u0130spanya\u2019dan ikincilikle ayr\u0131ld\u0131.<\/p>\n<p>\u0130spanya Grand Prix\u2019inin ard\u0131ndan Lewis Hamilton 112 puanla liderli\u011fi eline ge\u00e7irdi. Valtteri Bottas 105 puanla ikinci s\u0131rada yer al\u0131rken Mercedes-AMG Petronas 216 puanla birincili\u011fini korudu.<\/p>\n<p>Formula 1\u2019de 2019 sezonunun 6. yar\u0131\u015f\u0131 26 May\u0131s 2019 tarihinde Monaco caddelerinde ger\u00e7ekle\u015ftirilecek. Mercedes-AMG Petronas, Monaco\u2019daki son 6 yar\u0131\u015fta 4 kez birincilik elde etmi\u015fti.<\/p>\n","protected":false},"excerpt":{"rendered":"<p>2019 FORMULA 1 SEZONUNUN BE\u015e\u0130NC\u0130 YARI\u015eI OLAN \u0130SPANYA GRAND PR\u0130X\u2019\u0130NDE DE MERCEDES-AMG PETRONAS YARI\u015eTAN DUBLE \u0130LE AYRILDI. LEW\u0130S HAM\u0130LTON \u0130LE B\u0130R\u0130NC\u0130, VALTTER\u0130 BOTTAS \u0130LE \u0130K\u0130NC\u0130L\u0130\u011e\u0130 KAZANDI.<\/p>\n","protected":false},"author":1,"featured_media":156145,"comment_status":"closed","ping_status":"open","sticky":false,"template":"","format":"standard","meta":{"jetpack_post_was_ever_published":false,"_jetpack_newsletter_access":"","_jetpack_dont_email_post_to_subs":false,"_jetpack_newsletter_tier_id":0,"_jetpack_memberships_contains_paywalled_content":false,"_jetpack_memberships_contains_paid_content":false,"footnotes":"","jetpack_publicize_message":"","jetpack_publicize_feature_enabled":true,"jetpack_social_post_already_shared":true,"jetpack_social_options":{"image_generator_settings":{"template":"highway","default_image_id":0,"font":"","enabled":false},"version":2}},"categories":[657],"tags":[36036,36035,36034,799],"class_list":["post-156144","post","type-post","status-publish","format-standard","has-post-thumbnail","hentry","category-spor","tag-gogusledi","tag-hamilton","tag-ipi","tag-ispanyada"],"jetpack_publicize_connections":[],"jetpack_featured_media_url":"https:\/\/i0.wp.com\/www.tvturk.com\/wp-content\/uploads\/2019\/05\/ispanyada-ipi-hamilton-gogusledi_f1154f3.jpg?fit=1000%2C666","jetpack_sharing_enabled":true,"jetpack_shortlink":"https:\/\/wp.me\/paKIfm-ECs","_links":{"self":[{"href":"http:\/\/www.tvturk.com\/index.php\/wp-json\/wp\/v2\/posts\/156144","targetHints":{"allow":["GET"]}}],"collection":[{"href":"http:\/\/www.tvturk.com\/index.php\/wp-json\/wp\/v2\/posts"}],"about":[{"href":"http:\/\/www.tvturk.com\/index.php\/wp-json\/wp\/v2\/types\/post"}],"author":[{"embeddable":true,"href":"http:\/\/www.tvturk.com\/index.php\/wp-json\/wp\/v2\/users\/1"}],"replies":[{"embeddable":true,"href":"http:\/\/www.tvturk.com\/index.php\/wp-json\/wp\/v2\/comments?post=156144"}],"version-history":[{"count":0,"href":"http:\/\/www.tvturk.com\/index.php\/wp-json\/wp\/v2\/posts\/156144\/revisions"}],"wp:featuredmedia":[{"embeddable":true,"href":"http:\/\/www.tvturk.com\/index.php\/wp-json\/wp\/v2\/media\/156145"}],"wp:attachment":[{"href":"http:\/\/www.tvturk.com\/index.php\/wp-json\/wp\/v2\/media?parent=156144"}],"wp:term":[{"taxonomy":"category","embeddable":true,"href":"http:\/\/www.tvturk.com\/index.php\/wp-json\/wp\/v2\/categories?post=156144"},{"taxonomy":"post_tag","embeddable":true,"href":"http:\/\/www.tvturk.com\/index.php\/wp-json\/wp\/v2\/tags?post=156144"}],"curies":[{"name":"wp","href":"https:\/\/api.w.org\/{rel}","templated":true}]}}