{"id":156160,"date":"2019-05-12T22:05:14","date_gmt":"2019-05-12T19:05:14","guid":{"rendered":"http:\/\/www.tvturk.com\/index.php\/cumhurbaskani-erdogandan-sehit-babasina-taziye-telefonu\/"},"modified":"2019-05-12T22:05:14","modified_gmt":"2019-05-12T19:05:14","slug":"cumhurbaskani-erdogandan-sehit-babasina-taziye-telefonu","status":"publish","type":"post","link":"http:\/\/www.tvturk.com\/index.php\/cumhurbaskani-erdogandan-sehit-babasina-taziye-telefonu\/","title":{"rendered":"Cumhurba\u015fkan\u0131 Erdo\u011fan\u2019dan \u015fehit babas\u0131na taziye telefonu"},"content":{"rendered":"<p>Cumhurba\u015fkan\u0131 Recep Tayyip Erdo\u011fan, T\u00fcrkiye-\u0130ran s\u0131n\u0131r\u0131ndaki I\u011fd\u0131r\u2019a ba\u011fl\u0131 Dilucu b\u00f6lgesinde d\u00fczenlenen ter\u00f6r sald\u0131r\u0131s\u0131 sonras\u0131nda \u015fehit olan K\u0131r\u0131kkaleli Piyade S\u00f6zle\u015fmeli Er Hakan \u00d6zdemir\u2019in (31) babas\u0131 Alaattin \u00d6zdemir ile telefonda g\u00f6r\u00fc\u015ft\u00fc.<\/p>\n<p>AK Parti K\u0131r\u0131kkale Milletvekili Ramazan Can, AK Parti K\u0131r\u0131kkale \u0130l Ba\u015fkan\u0131 Nuh Da\u011fdelen ve beraberindeki heyet, 10 May\u0131s Cuma g\u00fcn\u00fc T\u00fcrkiye-\u0130ran s\u0131n\u0131r\u0131ndaki I\u011fd\u0131r\u2019a ba\u011fl\u0131 Dilucu b\u00f6lgesinde PKK\u2019l\u0131 ter\u00f6ristler taraf\u0131ndan \u015fehit olan K\u0131r\u0131kkaleli Piyade S\u00f6zle\u015fmeli Er Hakan \u00d6zdemir\u2019in (31) Bal\u0131\u015feyh il\u00e7esine ba\u011fl\u0131 H\u00fcseyinbeyobas\u0131\u2019ndaki ailesine taziye ziyaretinde bulundu. Milletvekili Can, aileye taziyelerini ilettikten sonra Cumhurba\u015fkan\u0131 Recep Tayyip Erdo\u011fan\u2019\u0131 arayarak, baba Alaattin \u00d6zdemir ile g\u00f6r\u00fc\u015ft\u00fcrd\u00fc.<\/p>\n<p>\u015eehit babas\u0131yla telefonda g\u00f6r\u00fc\u015fen Cumhurba\u015fkan\u0131 Erdo\u011fan, \u201cAlaattin Bey; ba\u015f\u0131m\u0131z sa\u011f olsun. Allah sabr\u0131n\u0131z\u0131 art\u0131rs\u0131n. Allah yar ve yard\u0131mc\u0131n\u0131z olsun. Rabbim \u015fehidimizle in\u015fallah sizlerle cennetinde bulu\u015fmay\u0131 nasip etsin. Yenge han\u0131ma da ayn\u0131 \u015fekilde bu temennilerimizi iletirseniz \u00e7ok \u00e7ok memnun olurum. Zaten \u015fehitlik makam\u0131 noktas\u0131nda bir \u015fey s\u00f6ylememize gerek yok. Onlar sevgili peygamberimizin en yak\u0131n dostlar\u0131. Onunla beraberler. Allah yar ve yard\u0131mc\u0131n\u0131z olsun. Allah sabr\u0131n\u0131z\u0131 artt\u0131rs\u0131n. Birli\u011fimizi daim etsin\u201d dedi.<\/p>\n<p>\u015eehit babas\u0131 Alaattin \u00d6zdemir ise \u201cVatan sa\u011f olun, bayra\u011f\u0131m\u0131z dalgalans\u0131n. Ezan\u0131m\u0131z susmas\u0131n\u201d \u015feklinde cevap verdi.<\/p>\n<p>\u015eehit Hakan \u00d6zdemir\u2019in dedesi Faik \u00d6zdemir ise, \u201cSay\u0131n Cumhurba\u015fkan\u0131m ben senin hastan\u0131m. Ben sana hep dua ediyorum. Ben 77 ya\u015f\u0131nday\u0131m. Senin resmini odaya takt\u0131m\u201d dedi.<\/p>\n","protected":false},"excerpt":{"rendered":"<p>CUMHURBA\u015eKANI RECEP TAYY\u0130P ERDO\u011eAN, T\u00dcRK\u0130YE-\u0130RAN SINIRINDAK\u0130 I\u011eDIR&#8217;A BA\u011eLI D\u0130LUCU B\u00d6LGES\u0130NDE D\u00dcZENLENEN TER\u00d6R SALDIRISI SONRASINDA \u015eEH\u0130T OLAN KIRIKKALEL\u0130 P\u0130YADE S\u00d6ZLE\u015eMEL\u0130 ER HAKAN \u00d6ZDEM\u0130R\u2019\u0130N BABASI ALAATT\u0130N \u00d6ZDEM\u0130R \u0130LE TELEFONDA G\u00d6R\u00dc\u015eT\u00dc.<\/p>\n","protected":false},"author":1,"featured_media":156161,"comment_status":"closed","ping_status":"open","sticky":false,"template":"","format":"standard","meta":{"jetpack_post_was_ever_published":false,"_jetpack_newsletter_access":"","_jetpack_dont_email_post_to_subs":false,"_jetpack_newsletter_tier_id":0,"_jetpack_memberships_contains_paywalled_content":false,"_jetpack_memberships_contains_paid_content":false,"footnotes":"","jetpack_publicize_message":"","jetpack_publicize_feature_enabled":true,"jetpack_social_post_already_shared":true,"jetpack_social_options":{"image_generator_settings":{"template":"highway","default_image_id":0,"font":"","enabled":false},"version":2}},"categories":[1],"tags":[22919,503,11926,237,4691,10008],"class_list":["post-156160","post","type-post","status-publish","format-standard","has-post-thumbnail","hentry","category-genel","tag-babasina","tag-cumhurbaskani","tag-erdogandan","tag-sehit","tag-taziye","tag-telefonu"],"jetpack_publicize_connections":[],"jetpack_featured_media_url":"https:\/\/i0.wp.com\/www.tvturk.com\/wp-content\/uploads\/2019\/05\/cumhurbaskani-erdogandan-sehit-babasina-taziye-telefonu_6412b11.jpg?fit=1000%2C562","jetpack_sharing_enabled":true,"jetpack_shortlink":"https:\/\/wp.me\/paKIfm-ECI","_links":{"self":[{"href":"http:\/\/www.tvturk.com\/index.php\/wp-json\/wp\/v2\/posts\/156160","targetHints":{"allow":["GET"]}}],"collection":[{"href":"http:\/\/www.tvturk.com\/index.php\/wp-json\/wp\/v2\/posts"}],"about":[{"href":"http:\/\/www.tvturk.com\/index.php\/wp-json\/wp\/v2\/types\/post"}],"author":[{"embeddable":true,"href":"http:\/\/www.tvturk.com\/index.php\/wp-json\/wp\/v2\/users\/1"}],"replies":[{"embeddable":true,"href":"http:\/\/www.tvturk.com\/index.php\/wp-json\/wp\/v2\/comments?post=156160"}],"version-history":[{"count":0,"href":"http:\/\/www.tvturk.com\/index.php\/wp-json\/wp\/v2\/posts\/156160\/revisions"}],"wp:featuredmedia":[{"embeddable":true,"href":"http:\/\/www.tvturk.com\/index.php\/wp-json\/wp\/v2\/media\/156161"}],"wp:attachment":[{"href":"http:\/\/www.tvturk.com\/index.php\/wp-json\/wp\/v2\/media?parent=156160"}],"wp:term":[{"taxonomy":"category","embeddable":true,"href":"http:\/\/www.tvturk.com\/index.php\/wp-json\/wp\/v2\/categories?post=156160"},{"taxonomy":"post_tag","embeddable":true,"href":"http:\/\/www.tvturk.com\/index.php\/wp-json\/wp\/v2\/tags?post=156160"}],"curies":[{"name":"wp","href":"https:\/\/api.w.org\/{rel}","templated":true}]}}