{"id":156184,"date":"2019-05-12T23:35:14","date_gmt":"2019-05-12T20:35:14","guid":{"rendered":"http:\/\/www.tvturk.com\/index.php\/rize-valiligi-sehit-aileleri-ve-gaziler-onuruna-iftar-programi-duzenledi\/"},"modified":"2019-05-12T23:35:14","modified_gmt":"2019-05-12T20:35:14","slug":"rize-valiligi-sehit-aileleri-ve-gaziler-onuruna-iftar-programi-duzenledi","status":"publish","type":"post","link":"http:\/\/www.tvturk.com\/index.php\/rize-valiligi-sehit-aileleri-ve-gaziler-onuruna-iftar-programi-duzenledi\/","title":{"rendered":"Rize Valili\u011fi, \u015fehit aileleri ve gaziler onuruna iftar program\u0131 d\u00fczenledi"},"content":{"rendered":"<p>Rize Valisi Kemal \u00c7eber, Rize Valili\u011fi b\u00fcnyesinde organize edilen, \u015fehit aileleri ve gaziler onuruna verilen iftar program\u0131na kat\u0131ld\u0131.<\/p>\n<p>D\u00fczenlenen iftar program\u0131na Vali Kemal \u00c7eber ve e\u015fi Neslihan Ayan \u00c7eber\u2019in yan\u0131 s\u0131ra Belediye Ba\u015fkan\u0131 Rahmi Metin, Cumhuriyet Ba\u015fsavc\u0131s\u0131 \u00d6nder Kemal Sek\u00fcc\u00fc, Adalet Komisyonu Ba\u015fkan\u0131 \u00d6zkan Tavuz, \u0130l Genel Meclisi Ba\u015fkan\u0131 \u0130smail T\u00fcr\u00fct, Vali Yard\u0131mc\u0131s\u0131 Abdullah \u015een, Vali Yard\u0131mc\u0131s\u0131 Ahmet Dalk\u0131ran, \u0130l Emniyet M\u00fcd\u00fcr\u00fc Nurettin G\u00f6kduman, \u0130l Jandarma Komutan\u0131 Albay Hakan Dedeba\u011f\u0131, il\u00e7e kaymakamlar\u0131 ve e\u015fleri, kurum amirleri, \u015fehit aileleri ve gaziler kat\u0131ld\u0131.<\/p>\n<p>Vali \u00c7eber program esnas\u0131nda yapm\u0131\u015f oldu\u011fu konu\u015fmada, \u201cBug\u00fcn burada \u00fc\u00e7 \u00f6nemli vesile ile bir araya geldik ve birlikte iftar yapaca\u011f\u0131z. \u00d6ncelikli olarak ba\u015f\u0131m\u0131z\u0131n tac\u0131 k\u0131ymetli \u015fehit aileleri ve yak\u0131nlar\u0131 burada bizlerle beraber. Bu vesile ile \u015fehitlerimizi bir kez daha rahmet, minnet ve \u015f\u00fckranla an\u0131yorum. Gazilerimiz ve onlar\u0131n da yak\u0131nlar\u0131 bizlerle beraber, onlara aileleri ile birlikte sa\u011fl\u0131kl\u0131, mutlu ve huzurlu bir \u00f6m\u00fcr diliyorum. Bu y\u0131l jandarma te\u015fkilat\u0131m\u0131z\u0131n 180. kurulu\u015f y\u0131l d\u00f6n\u00fcm\u00fc, kanun ordusu, kahraman jandarmam\u0131z\u0131n k\u0131ymetli mensuplar\u0131 burada bizlerle beraber. Buradan onlar\u0131n da 180. kurulu\u015f y\u0131l d\u00f6n\u00fcm\u00fcn\u00fc kutluyorum&#8221; ifadelerini kulland\u0131.<\/p>\n<p>Konu\u015fman\u0131n ard\u0131ndan 1994 y\u0131l\u0131nda Kars\u2019ta y\u00fcr\u00fct\u00fclmekte olan bir operasyonda gazi olan \u0130smail K\u0131s\u0131r\u2019a, Devlet \u00d6v\u00fcn\u00e7 Madalyas\u0131 takdim edildi. Madalya t\u00f6reni esnas\u0131nda Vali \u00c7eber, &#8220;Devletimizin en \u00f6nemli madalyalar\u0131ndan bir tanesini almaya hak kazanan karde\u015fimiz gazi \u0130smail K\u0131s\u0131r\u2019a, Say\u0131n Cumhurba\u015fkan\u0131m\u0131z Recep Tayyip Erdo\u011fan ad\u0131na bu madalyay\u0131 takdim etmek benim i\u00e7in gurur verici. Bu \u00f6d\u00fcle lay\u0131k g\u00f6r\u00fclmesinden \u00f6t\u00fcr\u00fc kendisini bir kez daha can\u0131 g\u00f6n\u00fclden kutluyorum&#8221; \u015feklinde konu\u015ftu.<\/p>\n<p>Madalya t\u00f6reninin ard\u0131ndan Vali \u00c7eber, \u015fehit aileleri ve gazilerle tek tek ilgilendi ve sohbet etti.<\/p>\n","protected":false},"excerpt":{"rendered":"<p>VAL\u0130 KEMAL \u00c7EBER, R\u0130ZE VAL\u0130L\u0130\u011e\u0130 B\u00dcNYES\u0130NDE ORGAN\u0130ZE ED\u0130LEN, \u015eEH\u0130T A\u0130LELER\u0130 VE GAZ\u0130LER ONURUNA VER\u0130LEN \u0130FTAR PROGRAMINA KATILDI.<\/p>\n","protected":false},"author":1,"featured_media":156185,"comment_status":"closed","ping_status":"open","sticky":false,"template":"","format":"standard","meta":{"jetpack_post_was_ever_published":false,"_jetpack_newsletter_access":"","_jetpack_dont_email_post_to_subs":false,"_jetpack_newsletter_tier_id":0,"_jetpack_memberships_contains_paywalled_content":false,"_jetpack_memberships_contains_paid_content":false,"footnotes":"","jetpack_publicize_message":"","jetpack_publicize_feature_enabled":true,"jetpack_social_post_already_shared":true,"jetpack_social_options":{"image_generator_settings":{"template":"highway","default_image_id":0,"font":"","enabled":false},"version":2}},"categories":[1],"tags":[9215,12361,12914,30333,10833,1999,638,237,10802],"class_list":["post-156184","post","type-post","status-publish","format-standard","has-post-thumbnail","hentry","category-genel","tag-aileleri","tag-duzenledi","tag-gaziler","tag-iftar","tag-onuruna","tag-programi","tag-rize","tag-sehit","tag-valiligi"],"jetpack_publicize_connections":[],"jetpack_featured_media_url":"https:\/\/i0.wp.com\/www.tvturk.com\/wp-content\/uploads\/2019\/05\/rize-valiligi-sehit-aileleri-ve-gaziler-onuruna-iftar-programi-duzenledi_5925884.jpg?fit=1000%2C666","jetpack_sharing_enabled":true,"jetpack_shortlink":"https:\/\/wp.me\/paKIfm-ED6","_links":{"self":[{"href":"http:\/\/www.tvturk.com\/index.php\/wp-json\/wp\/v2\/posts\/156184","targetHints":{"allow":["GET"]}}],"collection":[{"href":"http:\/\/www.tvturk.com\/index.php\/wp-json\/wp\/v2\/posts"}],"about":[{"href":"http:\/\/www.tvturk.com\/index.php\/wp-json\/wp\/v2\/types\/post"}],"author":[{"embeddable":true,"href":"http:\/\/www.tvturk.com\/index.php\/wp-json\/wp\/v2\/users\/1"}],"replies":[{"embeddable":true,"href":"http:\/\/www.tvturk.com\/index.php\/wp-json\/wp\/v2\/comments?post=156184"}],"version-history":[{"count":0,"href":"http:\/\/www.tvturk.com\/index.php\/wp-json\/wp\/v2\/posts\/156184\/revisions"}],"wp:featuredmedia":[{"embeddable":true,"href":"http:\/\/www.tvturk.com\/index.php\/wp-json\/wp\/v2\/media\/156185"}],"wp:attachment":[{"href":"http:\/\/www.tvturk.com\/index.php\/wp-json\/wp\/v2\/media?parent=156184"}],"wp:term":[{"taxonomy":"category","embeddable":true,"href":"http:\/\/www.tvturk.com\/index.php\/wp-json\/wp\/v2\/categories?post=156184"},{"taxonomy":"post_tag","embeddable":true,"href":"http:\/\/www.tvturk.com\/index.php\/wp-json\/wp\/v2\/tags?post=156184"}],"curies":[{"name":"wp","href":"https:\/\/api.w.org\/{rel}","templated":true}]}}