{"id":156192,"date":"2019-05-13T00:07:45","date_gmt":"2019-05-12T21:07:45","guid":{"rendered":"http:\/\/www.tvturk.com\/index.php\/fikret-orman-bu-secimin-kazanani-besiktastir\/"},"modified":"2019-05-13T00:07:45","modified_gmt":"2019-05-12T21:07:45","slug":"fikret-orman-bu-secimin-kazanani-besiktastir","status":"publish","type":"post","link":"http:\/\/www.tvturk.com\/index.php\/fikret-orman-bu-secimin-kazanani-besiktastir\/","title":{"rendered":"Fikret Orman: \u201cBu se\u00e7imin kazanan\u0131 Be\u015fikta\u015f\u2019t\u0131r\u201d"},"content":{"rendered":"<p>Be\u015fikta\u015f\u2019ta ger\u00e7ekle\u015fen Ola\u011fan Se\u00e7imli Genel Kurul\u2019u 2882 oyla kazanan Fikret Orman, sonu\u00e7lar\u0131n a\u00e7\u0131klanmas\u0131n\u0131n ard\u0131ndan konu\u015ftu. Se\u00e7imin kazanan\u0131n\u0131n Be\u015fikta\u015f oldu\u011funu s\u00f6yleyen Orman, son d\u00f6nemi oldu\u011funu yineleyerek, \u201cSon d\u00f6nemimde daha radikal kararlar alaca\u011f\u0131m\u201d dedi.<\/p>\n<p>Be\u015fikta\u015f\u2019ta yeniden ba\u015fkanl\u0131\u011fa se\u00e7ilen Fikret Orman, resmi sonu\u00e7lar\u0131n a\u00e7\u0131klanmas\u0131n\u0131n ard\u0131ndan konu\u015ftu. 4 bin 899 oyun 2882\u2019sini alan Orman, se\u00e7imin hay\u0131rl\u0131 olmas\u0131n\u0131 dileyerek s\u00f6zlerine ba\u015flad\u0131. Denetim Kurulu, Sicil Kurulu ve Disiplin Kurulu se\u00e7imlerine de hay\u0131rl\u0131 olsun diyen Fikret Orman, \u201cDemokratik bir se\u00e7im oldu ve herkes h\u00fcr iradesini kulland\u0131. Bu se\u00e7imlerin tek kazanan\u0131 Be\u015fikta\u015f\u2019t\u0131r. Fikirler \u00e7at\u0131\u015fabilir ama neticede hepimiz Be\u015fikta\u015f i\u00e7in u\u011fra\u015f\u0131yoruz. Bu benim son se\u00e7imim, bundan sonra bir se\u00e7imim yok. Bundan sonraki s\u00fcre\u00e7te, 2022 senesinde Be\u015fikta\u015f\u2019\u0131 yeni bir ba\u015fkan y\u00f6netecek. Vermek istedi\u011fim mesaj \u015fu, art\u0131k benimle yap\u0131lacak bir se\u00e7im olmad\u0131\u011f\u0131na g\u00f6re el birli\u011fiyle ge\u00e7irece\u011fimiz bir 3 sene olmas\u0131n\u0131 diliyorum. Se\u00e7imlerin kazanan\u0131 kaybedeni olur, se\u00e7im bunun i\u00e7in yap\u0131l\u0131r. Kazan\u00e7l\u0131 olan \u015fey demokratik bir se\u00e7im olmas\u0131d\u0131r. Benimle beraber olan arkada\u015flara da rica edece\u011fim. Bunun bir zafer oldu\u011funu g\u00f6rmemeleri gerekir. Be\u015fikta\u015f i\u00e7in 1000\u2019e yak\u0131n g\u00fcn var \u00f6n\u00fcm\u00fczde. \u0130lk g\u00fcnk\u00fcnden daha h\u0131rsl\u0131 olarak elimizden gelen gayreti yapaca\u011f\u0131z. Benim de son d\u00f6nemim oldu\u011fu i\u00e7in daha radikal kararlar alaca\u011f\u0131z, masraflar\u0131 k\u0131saca\u011f\u0131z ve b\u00fct\u00e7ede daralmaya gidece\u011fiz. Yeni bir hocayla sezona ba\u015flayaca\u011f\u0131z, b\u00fct\u00e7emiz i\u00e7inde iyi bir tak\u0131m kurmak i\u00e7in \u00e7al\u0131\u015faca\u011f\u0131z. Burada emek d\u00f6ken ba\u015fka divan\u0131m\u0131z olmak \u00fczere, b\u00fct\u00fcn sand\u0131ktaki arkada\u015flara te\u015fekk\u00fcr ediyorum. \u0130n\u015fallah Be\u015fikta\u015f i\u00e7in g\u00fczel g\u00fcnler olur\u201d ifadelerini kulland\u0131. Orman\u2019\u0131n s\u00f6zlerinin ard\u0131ndan yeni y\u00f6netim kurulu bas\u0131n mensuplar\u0131na poz verdi.<\/p>\n","protected":false},"excerpt":{"rendered":"<p>BE\u015e\u0130KTA\u015e\u2019TA GER\u00c7EKLE\u015eEN OLA\u011eAN SE\u00c7\u0130ML\u0130 GENEL KURUL\u2019U 2882 OYLA KAZANAN F\u0130KRET ORMAN, SONU\u00c7LARIN A\u00c7IKLANMASININ ARDINDAN KONU\u015eTU. SE\u00c7\u0130M\u0130N KAZANANININ BE\u015e\u0130KTA\u015e OLDU\u011eUNU S\u00d6YLEYEN ORMAN, SON D\u00d6NEM\u0130 OLDU\u011eUNU Y\u0130NELEYEREK, \u201cSON D\u00d6NEM\u0130MDE DAHA RAD\u0130KAL KARARLAR ALACA\u011eIM\u201d DED\u0130<\/p>\n","protected":false},"author":1,"featured_media":156193,"comment_status":"closed","ping_status":"open","sticky":false,"template":"","format":"standard","meta":{"jetpack_post_was_ever_published":false,"_jetpack_newsletter_access":"","_jetpack_dont_email_post_to_subs":false,"_jetpack_newsletter_tier_id":0,"_jetpack_memberships_contains_paywalled_content":false,"_jetpack_memberships_contains_paid_content":false,"footnotes":"","jetpack_publicize_message":"","jetpack_publicize_feature_enabled":true,"jetpack_social_post_already_shared":true,"jetpack_social_options":{"image_generator_settings":{"template":"highway","default_image_id":0,"font":"","enabled":false},"version":2}},"categories":[657],"tags":[986,36056,4919,10779,2404,24666],"class_list":["post-156192","post","type-post","status-publish","format-standard","has-post-thumbnail","hentry","category-spor","tag-bu","tag-besiktastir","tag-fikret","tag-kazanani","tag-orman","tag-secimin"],"jetpack_publicize_connections":[],"jetpack_featured_media_url":"https:\/\/i0.wp.com\/www.tvturk.com\/wp-content\/uploads\/2019\/05\/fikret-orman-bu-secimin-kazanani-besiktastir_98cd9fe.jpg?fit=1000%2C740","jetpack_sharing_enabled":true,"jetpack_shortlink":"https:\/\/wp.me\/paKIfm-EDe","_links":{"self":[{"href":"http:\/\/www.tvturk.com\/index.php\/wp-json\/wp\/v2\/posts\/156192","targetHints":{"allow":["GET"]}}],"collection":[{"href":"http:\/\/www.tvturk.com\/index.php\/wp-json\/wp\/v2\/posts"}],"about":[{"href":"http:\/\/www.tvturk.com\/index.php\/wp-json\/wp\/v2\/types\/post"}],"author":[{"embeddable":true,"href":"http:\/\/www.tvturk.com\/index.php\/wp-json\/wp\/v2\/users\/1"}],"replies":[{"embeddable":true,"href":"http:\/\/www.tvturk.com\/index.php\/wp-json\/wp\/v2\/comments?post=156192"}],"version-history":[{"count":0,"href":"http:\/\/www.tvturk.com\/index.php\/wp-json\/wp\/v2\/posts\/156192\/revisions"}],"wp:featuredmedia":[{"embeddable":true,"href":"http:\/\/www.tvturk.com\/index.php\/wp-json\/wp\/v2\/media\/156193"}],"wp:attachment":[{"href":"http:\/\/www.tvturk.com\/index.php\/wp-json\/wp\/v2\/media?parent=156192"}],"wp:term":[{"taxonomy":"category","embeddable":true,"href":"http:\/\/www.tvturk.com\/index.php\/wp-json\/wp\/v2\/categories?post=156192"},{"taxonomy":"post_tag","embeddable":true,"href":"http:\/\/www.tvturk.com\/index.php\/wp-json\/wp\/v2\/tags?post=156192"}],"curies":[{"name":"wp","href":"https:\/\/api.w.org\/{rel}","templated":true}]}}