{"id":156212,"date":"2019-05-13T09:18:02","date_gmt":"2019-05-13T06:18:02","guid":{"rendered":"http:\/\/www.tvturk.com\/index.php\/vali-kaymak-kayinvalideleri-de-unutmayalim\/"},"modified":"2019-05-13T09:18:02","modified_gmt":"2019-05-13T06:18:02","slug":"vali-kaymak-kayinvalideleri-de-unutmayalim","status":"publish","type":"post","link":"http:\/\/www.tvturk.com\/index.php\/vali-kaymak-kayinvalideleri-de-unutmayalim\/","title":{"rendered":"Vali Kaymak: \u201cKay\u0131nvalideleri de unutmayal\u0131m\u201d"},"content":{"rendered":"<p>Samsun Valisi Osman Kaymak, \u201cSadece \u00f6z anneler de\u011fil, kay\u0131nvalideler de annedir. Kay\u0131nvalideleri de unutmayal\u0131m. Onlara da sayg\u0131da ve h\u00fcrmette kusur etmeyelim\u201d dedi.<\/p>\n<p>Vali Osman Kaymak, B\u00fcy\u00fck\u015fehir Belediye Ba\u015fkan\u0131 Mustafa Demir ile birlikte 19 May\u0131s 1919\u2019un 100. y\u0131l\u0131 kapsam\u0131nda Anneler G\u00fcn\u00fc dolay\u0131s\u0131yla Samsunum 1 Gemisi\u2019nde d\u00fczenlenen iftar yeme\u011finde, Samsunlu milli sporcular ve onlar\u0131 yeti\u015ftiren anneleriyle bir araya geldi.<\/p>\n<p>Milli M\u00fccadele\u2019nin ba\u015flang\u0131\u00e7 y\u0131l\u0131 19 May\u0131s 1919\u2019un 100. y\u0131l\u0131 kapsam\u0131nda Anneler G\u00fcn\u00fc dolay\u0131s\u0131yla, Samsunlu milli sporcular ve onlar\u0131 yeti\u015ftiren fedakar anneleri i\u00e7in d\u00fczenlene iftar yeme\u011finde B\u00fcy\u00fck\u015fehir Belediye Ba\u015fkan\u0131 Mustafa Demir yapt\u0131\u011f\u0131 konu\u015fmas\u0131nda, \u201cBu ak\u015fam 30 dalda 130 milli sporcumuz ve onlar\u0131 yeti\u015ftiren fedakar anneleri ile birlikteyiz. \u00d6zellikle bu g\u00fcn bu program\u0131 sporcu karde\u015flerimizin annelerinin anneler g\u00fcn\u00fcn\u00fc kutlamak i\u00e7in d\u00fczenledik. Bu birbirinden ba\u015far\u0131l\u0131 yavrular\u0131 yeti\u015ftirdi\u011finiz i\u00e7in hepinize ayr\u0131 ayr\u0131 te\u015fekk\u00fcr ediyorum.  Hepinizin \u2018Anneler G\u00fcn\u00fc\u2019 kutlu olsun. Ellerinizden \u00f6p\u00fcyoruz\u201d dedi.<\/p>\n<p>\u201c\u00d6ncelikle hepinizin \u2018Anneler G\u00fcn\u00fc\u2019n\u00fc kutluyorum\u201d diyerek konu\u015fmas\u0131na ba\u015flayan Vali Osman Kaymak ise, \u201cBu ak\u015fam, ilimizi ve \u00fclkemizi uluslararas\u0131 m\u00fcsabakalarda temsil ederek \u015fanl\u0131 bayra\u011f\u0131m\u0131z\u0131 g\u00f6klerde dalgaland\u0131ran birbirinden ba\u015far\u0131l\u0131 milli sporcular\u0131m\u0131zla ve onlar\u0131 yeti\u015ftiren fedakar anneleri ile bir arada olmaktan b\u00fcy\u00fck mutluluk duyuyoruz. Birbirinden ba\u015far\u0131l\u0131 sporcular\u0131 yeti\u015ftirdi\u011finiz i\u00e7in hepinize \u00e7ok te\u015fekk\u00fcr ediyorum. Annelik \u00e7ok fedakarl\u0131k ve \u00f6zveri gerektiren bir i\u015f. O y\u00f6n\u00fcyle annelerin hakk\u0131 \u00f6denmez. \u0130n\u015fallah annelerinin k\u0131ymetini bilen, onlar\u0131 \u00fczmeyen, sayg\u0131s\u0131zl\u0131k yapmayan bir nesil yeti\u015ftirmek i\u00e7in gayret edece\u011fiz. \u0130n\u015fallah bu vesileyle annelerimiz ve babalar\u0131m\u0131z bizlerden raz\u0131 olur\u201d \u015feklinde konu\u015ftu.<\/p>\n<p>Annelerin ya\u015fland\u0131klar\u0131nda \u00e7ocuklar\u0131ndan daha \u00e7ok ilgi bekledi\u011fini ifade eden Kaymak, \u201cSadece \u00f6z anneler de\u011fil, kay\u0131nvalideler de annedir. Kay\u0131nvalideleri de unutmayal\u0131m. Onlara da sayg\u0131da ve h\u00fcrmette kusur etmeyelim. Kendi annemiz gibi onlara da sayg\u0131 g\u00f6sterip eksikliklerini giderelim. \u0130n\u015fallah g\u00f6receksiniz ki annesine ve kay\u0131nvalidesine hizmet eden kimse hizmeti bulur. Atalar\u0131m\u0131z, hizmet edersen hizmet bulursun demi\u015f. Sizler birbirinden ba\u015far\u0131l\u0131 milli sporcular yeti\u015ftiren annelersiniz. Sizin evlatlar\u0131n\u0131z uluslararas\u0131 m\u00fcsabakalarda milli birli\u011fimizin sembol\u00fc olan T\u00fcrk bayra\u011f\u0131n\u0131 g\u00f6ndere \u00e7ektirip, \u0130stiklal Mar\u015f\u0131m\u0131z\u0131 okutturuyorlar. Bu y\u00f6n\u00fcyle siz mili sporcular\u0131m\u0131za ve sizleri yeti\u015ftiren fedakar annelerinize \u00e7ok te\u015fekk\u00fcr ediyorum. Allah hepinizin yolunu a\u00e7\u0131k etsin\u201d diye konu\u015ftu.<\/p>\n<p>Konu\u015fmalar\u0131n ard\u0131ndan Vali Osman Kaymak ve B\u00fcy\u00fck\u015fehir Belediye Ba\u015fkan\u0131 Mustafa Demir, milli sporcular\u0131n annelerine \u00e7i\u00e7ek hediye ederek, ba\u015fta \u015fehit anneleri olmak \u00fczere t\u00fcm annelerin Anneler G\u00fcn\u00fc\u2019n\u00fc kutlad\u0131.<\/p>\n<p>Daha sonra Osman Kaymak ve Mustafa Demir, iftar\u0131n ard\u0131ndan Samsunum 1 Gemisi\u2019nin g\u00fcvertesinde milli sporcular ve anneleriyle sohbet ederek, hat\u0131ra foto\u011fraf\u0131 \u00e7ektirdi.<\/p>\n<p>\u0130ftar yeme\u011fi program\u0131nda Gen\u00e7lik ve Spor \u0130l M\u00fcd\u00fcr\u00fc \u0130smail Kasapo\u011flu da haz\u0131r bulundu.<\/p>\n","protected":false},"excerpt":{"rendered":"<p>VAL\u0130 OSMAN KAYMAK, B\u00dcY\u00dcK\u015eEH\u0130R BELED\u0130YE BA\u015eKANI MUSTAFA DEM\u0130R \u0130LE B\u0130RL\u0130KTE 19 MAYIS 1919&#8217;UN 100. YILI KAPSAMINDA ANNELER G\u00dcN\u00dc DOLAYISIYLA SAMSUNUM 1 GEM\u0130S\u0130&#8217;NDE D\u00dcZENLENEN \u0130FTAR YEME\u011e\u0130NDE, SAMSUNLU M\u0130LL\u0130 SPORCULAR VE ONLARI YET\u0130\u015eT\u0130REN ANNELER\u0130YLE B\u0130R ARAYA GELD\u0130.<\/p>\n","protected":false},"author":1,"featured_media":156213,"comment_status":"closed","ping_status":"open","sticky":false,"template":"","format":"standard","meta":{"jetpack_post_was_ever_published":false,"_jetpack_newsletter_access":"","_jetpack_dont_email_post_to_subs":false,"_jetpack_newsletter_tier_id":0,"_jetpack_memberships_contains_paywalled_content":false,"_jetpack_memberships_contains_paid_content":false,"footnotes":"","jetpack_publicize_message":"","jetpack_publicize_feature_enabled":true,"jetpack_social_post_already_shared":true,"jetpack_social_options":{"image_generator_settings":{"template":"highway","default_image_id":0,"font":"","enabled":false},"version":2}},"categories":[1],"tags":[36060,16392,36061,148],"class_list":["post-156212","post","type-post","status-publish","format-standard","has-post-thumbnail","hentry","category-genel","tag-kayinvalideleri","tag-kaymak","tag-unutmayalim","tag-vali"],"jetpack_publicize_connections":[],"jetpack_featured_media_url":"https:\/\/i0.wp.com\/www.tvturk.com\/wp-content\/uploads\/2019\/05\/vali-kaymak-kayinvalideleri-de-unutmayalim_2a3c144.jpg?fit=1000%2C666","jetpack_sharing_enabled":true,"jetpack_shortlink":"https:\/\/wp.me\/paKIfm-EDy","_links":{"self":[{"href":"http:\/\/www.tvturk.com\/index.php\/wp-json\/wp\/v2\/posts\/156212","targetHints":{"allow":["GET"]}}],"collection":[{"href":"http:\/\/www.tvturk.com\/index.php\/wp-json\/wp\/v2\/posts"}],"about":[{"href":"http:\/\/www.tvturk.com\/index.php\/wp-json\/wp\/v2\/types\/post"}],"author":[{"embeddable":true,"href":"http:\/\/www.tvturk.com\/index.php\/wp-json\/wp\/v2\/users\/1"}],"replies":[{"embeddable":true,"href":"http:\/\/www.tvturk.com\/index.php\/wp-json\/wp\/v2\/comments?post=156212"}],"version-history":[{"count":0,"href":"http:\/\/www.tvturk.com\/index.php\/wp-json\/wp\/v2\/posts\/156212\/revisions"}],"wp:featuredmedia":[{"embeddable":true,"href":"http:\/\/www.tvturk.com\/index.php\/wp-json\/wp\/v2\/media\/156213"}],"wp:attachment":[{"href":"http:\/\/www.tvturk.com\/index.php\/wp-json\/wp\/v2\/media?parent=156212"}],"wp:term":[{"taxonomy":"category","embeddable":true,"href":"http:\/\/www.tvturk.com\/index.php\/wp-json\/wp\/v2\/categories?post=156212"},{"taxonomy":"post_tag","embeddable":true,"href":"http:\/\/www.tvturk.com\/index.php\/wp-json\/wp\/v2\/tags?post=156212"}],"curies":[{"name":"wp","href":"https:\/\/api.w.org\/{rel}","templated":true}]}}