{"id":156264,"date":"2019-05-13T10:19:08","date_gmt":"2019-05-13T07:19:08","guid":{"rendered":"http:\/\/www.tvturk.com\/index.php\/ozel-kiyikoylulerin-turkakimi-projesi-hakkindaki-kaygilari-bitti\/"},"modified":"2019-05-13T10:19:08","modified_gmt":"2019-05-13T07:19:08","slug":"ozel-kiyikoylulerin-turkakimi-projesi-hakkindaki-kaygilari-bitti","status":"publish","type":"post","link":"http:\/\/www.tvturk.com\/index.php\/ozel-kiyikoylulerin-turkakimi-projesi-hakkindaki-kaygilari-bitti\/","title":{"rendered":"(\u00d6zel) K\u0131y\u0131k\u00f6yl\u00fclerin T\u00fcrkAk\u0131m\u0131 Projesi hakk\u0131ndaki kayg\u0131lar\u0131 bitti"},"content":{"rendered":"<p>K\u0131rklareli K\u0131y\u0131k\u00f6y beldesinde yap\u0131m\u0131 devam eden T\u00fcrkAk\u0131m Do\u011fal Gaz Boru Hatt\u0131 Projesi\u2019nin y\u00fczde 70\u2019i tamamlan\u0131rken, proje hakk\u0131nda K\u0131y\u0131k\u00f6y halk\u0131n\u0131n kayg\u0131lar\u0131 kalmad\u0131.<\/p>\n<p>10 Ekim 2016 tarihinde K\u0131rklareli K\u0131y\u0131k\u00f6y beldesinde yap\u0131m\u0131 ba\u015flayan T\u00fcrkAk\u0131m Do\u011fal Gaz Boru Hatt\u0131 Projesi\u2019nin y\u00fczde 70\u2019i sona ererken Rus do\u011falgaz\u0131n\u0131 T\u00fcrkiye\u2019ye ba\u011flayacak olan projede ilk gaz\u0131n, 2019 y\u0131l\u0131 sonunda verilmesi planland\u0131\u011f\u0131 \u00f6\u011frenildi. T\u00fcrkAk\u0131m\u2019\u0131n ge\u00e7ti\u011fi K\u0131y\u0131k\u00f6y sakinleri, Rus do\u011falgaz\u0131n bu b\u00f6lgeden ge\u00e7i\u015finin faydalar\u0131n\u0131 anlatt\u0131.<\/p>\n<p>Bu kapsamda K\u0131y\u0131k\u00f6y beldesinde bulunan emekli idaresi Rasim Ak\u00e7atepe, bu zamana kadar kayg\u0131lar\u0131n\u0131n oldu\u011funu dile getirerek &#8220;Her yap\u0131lan projelerin faydas\u0131 da var zarar\u0131 da var. Faydas\u0131 olarak orada \u00e7al\u0131\u015fan vatanda\u015flar\u0131m\u0131z var. Faydas\u0131z diye bilece\u011fim bal\u0131k\u00e7\u0131lar\u0131m\u0131z zarara u\u011frad\u0131 fakat kar\u015f\u0131l\u0131\u011f\u0131 \u00f6dendi. Biz K\u0131y\u0131k\u00f6y halk\u0131 olarak kar\u015f\u0131 durmad\u0131k, durmaya gerek yok&#8221; dedi.<\/p>\n<p>&#8220;Bal\u0131k\u00e7\u0131lara bedeli \u00f6dendi&#8221;<\/p>\n<p>T\u00fcrkAk\u0131m Do\u011fal Gaz Boru Hatt\u0131 Projesi\u2019nin K\u0131y\u0131k\u00f6y halk\u0131na fayda sa\u011flad\u0131\u011f\u0131n\u0131 s\u00f6yleyen bal\u0131k\u00e7\u0131 Hasan Kiraz, &#8220;T\u00fcrkAk\u0131m Do\u011fal Gaz Boru Hatt\u0131 Projesinin K\u0131y\u0131k\u00f6y\u2019\u00fcm\u00fcze faydas\u0131 oldu. T\u00fcrkAk\u0131m\u0131 Belediyemize yard\u0131m etti. Sokaklar\u0131m\u0131za ta\u015flar d\u00f6\u015fendi. Proje muhitinde avlanan bal\u0131k\u00e7\u0131lar o muhite giremedi ve kar\u015f\u0131l\u0131\u011f\u0131nda bal\u0131k\u00e7\u0131lar\u0131m\u0131za bedeli \u00f6dendi. K\u0131y\u0131k\u00f6y halk\u0131n\u0131n ma\u011fdur etmemek amac\u0131yla bizlere bedeli \u00f6dendi&#8221; \u015feklinde konu\u015ftu.<\/p>\n<p>&#8220;\u0130stihdam sa\u011fland\u0131&#8221;<\/p>\n<p>K\u0131y\u0131k\u00f6y de bulunan vatanda\u015flara erkek-kad\u0131n ay\u0131rmadan istihdam sa\u011fland\u0131\u011f\u0131n\u0131 belirten Seyfi Ya\u015fayan, &#8220;T\u00fcrkAk\u0131m Do\u011fal Gaz Boru Hatt\u0131 Projesi kapsam\u0131nda beldemizde bulunan 500 &#8211; 600 ki\u015fiye istihdam sa\u011fland\u0131. Sadece erkeklere istihdam sa\u011flanmad\u0131. Bayanlara da istihdam sa\u011fland\u0131. T\u00fcrkAk\u0131m Do\u011fal Gaz Boru Hatt\u0131 Projesi\u2019nin K\u0131y\u0131k\u00f6y\u2019e faydas\u0131 \u00e7ok oldu&#8221; ifadelerini kulland\u0131.<\/p>\n","protected":false},"excerpt":{"rendered":"<p>KIRKLAREL\u0130 KIYIK\u00d6Y BELDES\u0130NDE YAPIMI DEVAM EDEN T\u00dcRKAKIM DO\u011eAL GAZ BORU HATTI PROJES\u0130N\u0130N Y\u00dcZDE 70&#8217;\u0130 TAMAMLANIRKEN KIYIK\u00d6Y HALKI&#8217;NIN KAYGILARI KALMADI<\/p>\n","protected":false},"author":1,"featured_media":156265,"comment_status":"closed","ping_status":"open","sticky":false,"template":"","format":"standard","meta":{"jetpack_post_was_ever_published":false,"_jetpack_newsletter_access":"","_jetpack_dont_email_post_to_subs":false,"_jetpack_newsletter_tier_id":0,"_jetpack_memberships_contains_paywalled_content":false,"_jetpack_memberships_contains_paid_content":false,"footnotes":"","jetpack_publicize_message":"","jetpack_publicize_feature_enabled":true,"jetpack_social_post_already_shared":true,"jetpack_social_options":{"image_generator_settings":{"template":"highway","default_image_id":0,"font":"","enabled":false},"version":2}},"categories":[1],"tags":[1073,3991,11060,36084,36082,1324,36083],"class_list":["post-156264","post","type-post","status-publish","format-standard","has-post-thumbnail","hentry","category-genel","tag-ozel","tag-bitti","tag-hakkindaki","tag-kaygilari","tag-kiyikoylulerin","tag-projesi","tag-turkakimi"],"jetpack_publicize_connections":[],"jetpack_featured_media_url":"https:\/\/i0.wp.com\/www.tvturk.com\/wp-content\/uploads\/2019\/05\/ozel-kiyikoylulerin-turkakimi-projesi-hakkindaki-kaygilari-bitti_89f0cb9.jpg?fit=1000%2C666","jetpack_sharing_enabled":true,"jetpack_shortlink":"https:\/\/wp.me\/paKIfm-EEo","_links":{"self":[{"href":"http:\/\/www.tvturk.com\/index.php\/wp-json\/wp\/v2\/posts\/156264","targetHints":{"allow":["GET"]}}],"collection":[{"href":"http:\/\/www.tvturk.com\/index.php\/wp-json\/wp\/v2\/posts"}],"about":[{"href":"http:\/\/www.tvturk.com\/index.php\/wp-json\/wp\/v2\/types\/post"}],"author":[{"embeddable":true,"href":"http:\/\/www.tvturk.com\/index.php\/wp-json\/wp\/v2\/users\/1"}],"replies":[{"embeddable":true,"href":"http:\/\/www.tvturk.com\/index.php\/wp-json\/wp\/v2\/comments?post=156264"}],"version-history":[{"count":0,"href":"http:\/\/www.tvturk.com\/index.php\/wp-json\/wp\/v2\/posts\/156264\/revisions"}],"wp:featuredmedia":[{"embeddable":true,"href":"http:\/\/www.tvturk.com\/index.php\/wp-json\/wp\/v2\/media\/156265"}],"wp:attachment":[{"href":"http:\/\/www.tvturk.com\/index.php\/wp-json\/wp\/v2\/media?parent=156264"}],"wp:term":[{"taxonomy":"category","embeddable":true,"href":"http:\/\/www.tvturk.com\/index.php\/wp-json\/wp\/v2\/categories?post=156264"},{"taxonomy":"post_tag","embeddable":true,"href":"http:\/\/www.tvturk.com\/index.php\/wp-json\/wp\/v2\/tags?post=156264"}],"curies":[{"name":"wp","href":"https:\/\/api.w.org\/{rel}","templated":true}]}}