{"id":156292,"date":"2019-05-13T10:35:13","date_gmt":"2019-05-13T07:35:13","guid":{"rendered":"http:\/\/www.tvturk.com\/index.php\/ozel-kimse-dokunamiyor-bir-koy-goz-gore-gore-yok-oluyor\/"},"modified":"2019-05-13T10:35:13","modified_gmt":"2019-05-13T07:35:13","slug":"ozel-kimse-dokunamiyor-bir-koy-goz-gore-gore-yok-oluyor","status":"publish","type":"post","link":"http:\/\/www.tvturk.com\/index.php\/ozel-kimse-dokunamiyor-bir-koy-goz-gore-gore-yok-oluyor\/","title":{"rendered":"(\u00d6zel) Kimse dokunam\u0131yor&#8230;Bir k\u00f6y g\u00f6z g\u00f6re g\u00f6re yok oluyor"},"content":{"rendered":"<p>Bursa\u2019da yap\u0131lan bir yanl\u0131\u015f tespit y\u00fcz\u00fcnden k\u00f6y\u00fcn tamam\u0131 tescilli yap\u0131 ilan edildi. K\u00f6ydeki evlere tek bir \u00e7ivi bile \u00e7ak\u0131lamazken, evler tek tek y\u0131k\u0131l\u0131yor ama kimse bir \u015fey yapam\u0131yor.<\/p>\n<p>K\u00f6yl\u00fcler tarihi olmayan k\u00f6y evlerinin S\u0130T alan\u0131 kapsam\u0131na al\u0131nmas\u0131yla evlerine ne tadilat yapabiliyor ne de y\u0131kabiliyor. Hal b\u00f6yle olunca harabeye d\u00f6nen evlerini terk etmek zorunda kalan k\u00f6yl\u00fcler ne yapacaklar\u0131n\u0131 \u015fa\u015f\u0131rd\u0131.<\/p>\n<p>Orhaneli il\u00e7esi Deliball\u0131lar k\u00f6y\u00fc sakinlerinin ba\u015f\u0131 yap\u0131lan bir hata sebebiyle dertte. K\u00f6yl\u00fcler tarihi olmayan k\u00f6y evlerinin S\u0130T alan\u0131 ilan edilmesiyle birlikte evlerinin y\u0131k\u0131l\u0131\u015f\u0131n\u0131 izlemekle yetiniyor. \u015eu an k\u00f6yde 10 ev y\u0131k\u0131lm\u0131\u015f ve harap vaziyette duruyor. K\u00f6yl\u00fcler S\u0130T alan\u0131 oldu\u011fu i\u00e7in molozlar\u0131 kald\u0131r\u0131p yerine yeni ev yapam\u0131yor. \u0130\u015fin i\u00e7inden \u00e7\u0131kamayan k\u00f6yl\u00fclerin yar\u0131s\u0131 k\u00f6ylerini terk edip \u015fehre ta\u015f\u0131nmak zorunda kald\u0131.<\/p>\n<p>Bu yanl\u0131\u015ftan bir an \u00f6nce d\u00f6n\u00fclmesi gerekti\u011fini ifade eden Delibal\u0131lar K\u00f6y\u00fc Muhtar\u0131 \u015eahmeran Ay, &#8220;K\u00f6y\u00fcm\u00fcz\u00fcn evleri S\u0130T alan\u0131 ilan edilip K\u00fclt\u00fcr ve Tabiat Varl\u0131klar\u0131 Koruma Kurulu taraf\u0131ndan koruma alt\u0131na al\u0131nm\u0131\u015f. Bu evler koruma alt\u0131ndaysa restore etmeleri gerekmez mi? Evler y\u0131k\u0131l\u0131yor. Kimse bir \u015fey yapam\u0131yor. Y\u0131k\u0131lan evin molozunu da kald\u0131ram\u0131yoruz. \u015eu an k\u00f6yde 10 tane y\u0131k\u0131lm\u0131\u015f bina var. K\u00f6y\u00fcm\u00fcz\u00fcn evleri tarihi falan de\u011fil. Evler yeni yap\u0131lm\u0131\u015f evler. Evlerimiz tarihi S\u0130T alan\u0131nda olmas\u0131n\u0131 gerektirecek \u015fekilde de\u011fil. K\u00f6y\u00fcm\u00fcze 10 y\u0131l \u00f6nce \u00fcniversite \u00f6\u011frencileri gelip eski evlerin foto\u011fraflar\u0131n \u00e7ekmi\u015fler. Onun ard\u0131ndan K\u00fclt\u00fcr ve Tabiat Varl\u0131klar\u0131n\u0131 Koruma Kurulu buray\u0131 koruma alt\u0131na alm\u0131\u015f. Asl\u0131nda evleri de\u011fil bizim k\u00f6y\u00fcn insanlar\u0131n\u0131 koruma alt\u0131na als\u0131nlar. K\u00f6yde insan kalmad\u0131, her kes k\u00f6y\u00fc terk ediyor. K\u00f6yde ya\u015fayanlar\u0131n en genci 80 ya\u015f\u0131nda. K\u00f6y\u00fcm\u00fcz n\u00fcfusu \u015fu an 70 ki\u015fi. G\u00f6\u00e7 olmadan \u00f6nce 180 ki\u015fi ya\u015f\u0131yordu&#8221; dedi.<\/p>\n<p>Evlerine \u00e7ivi bile \u00e7akamayan k\u00f6yl\u00fcler ise &#8220;K\u00f6y\u00fcm\u00fcz\u00fcn evleri tarihi de\u011fil, evleri bizim babalar\u0131m\u0131z yapt\u0131. Biz hat\u0131rl\u0131yoruz. Bu yanl\u0131\u015ftan bir an \u00f6nce d\u00f6n\u00fcls\u00fcn. Yoksa k\u00f6yde ya\u015fayan insan kalmayacak&#8221; \u015feklinde konu\u015ftu.<\/p>\n","protected":false},"excerpt":{"rendered":"<p>EVLER\u0130 BA\u015eINA YIKILIYOR H\u0130\u00c7 B\u0130R\u015eEY YAPAMIYORLAR<\/p>\n","protected":false},"author":1,"featured_media":156293,"comment_status":"closed","ping_status":"open","sticky":false,"template":"","format":"standard","meta":{"jetpack_post_was_ever_published":false,"_jetpack_newsletter_access":"","_jetpack_dont_email_post_to_subs":false,"_jetpack_newsletter_tier_id":0,"_jetpack_memberships_contains_paywalled_content":false,"_jetpack_memberships_contains_paid_content":false,"footnotes":"","jetpack_publicize_message":"","jetpack_publicize_feature_enabled":true,"jetpack_social_post_already_shared":true,"jetpack_social_options":{"image_generator_settings":{"template":"highway","default_image_id":0,"font":"","enabled":false},"version":2}},"categories":[1],"tags":[4581,1073,36100,4020,1126,1703,145,664],"class_list":["post-156292","post","type-post","status-publish","format-standard","has-post-thumbnail","hentry","category-genel","tag-kimse","tag-ozel","tag-dokunamiyor-bir","tag-gore","tag-goz","tag-koy","tag-oluyor","tag-yok"],"jetpack_publicize_connections":[],"jetpack_featured_media_url":"https:\/\/i0.wp.com\/www.tvturk.com\/wp-content\/uploads\/2019\/05\/ozel-kimse-dokunamiyorbir-koy-goz-gore-gore-yok-oluyor_54b4f63.jpg?fit=1000%2C562","jetpack_sharing_enabled":true,"jetpack_shortlink":"https:\/\/wp.me\/paKIfm-EEQ","_links":{"self":[{"href":"http:\/\/www.tvturk.com\/index.php\/wp-json\/wp\/v2\/posts\/156292","targetHints":{"allow":["GET"]}}],"collection":[{"href":"http:\/\/www.tvturk.com\/index.php\/wp-json\/wp\/v2\/posts"}],"about":[{"href":"http:\/\/www.tvturk.com\/index.php\/wp-json\/wp\/v2\/types\/post"}],"author":[{"embeddable":true,"href":"http:\/\/www.tvturk.com\/index.php\/wp-json\/wp\/v2\/users\/1"}],"replies":[{"embeddable":true,"href":"http:\/\/www.tvturk.com\/index.php\/wp-json\/wp\/v2\/comments?post=156292"}],"version-history":[{"count":0,"href":"http:\/\/www.tvturk.com\/index.php\/wp-json\/wp\/v2\/posts\/156292\/revisions"}],"wp:featuredmedia":[{"embeddable":true,"href":"http:\/\/www.tvturk.com\/index.php\/wp-json\/wp\/v2\/media\/156293"}],"wp:attachment":[{"href":"http:\/\/www.tvturk.com\/index.php\/wp-json\/wp\/v2\/media?parent=156292"}],"wp:term":[{"taxonomy":"category","embeddable":true,"href":"http:\/\/www.tvturk.com\/index.php\/wp-json\/wp\/v2\/categories?post=156292"},{"taxonomy":"post_tag","embeddable":true,"href":"http:\/\/www.tvturk.com\/index.php\/wp-json\/wp\/v2\/tags?post=156292"}],"curies":[{"name":"wp","href":"https:\/\/api.w.org\/{rel}","templated":true}]}}