{"id":156322,"date":"2019-05-13T11:19:05","date_gmt":"2019-05-13T08:19:05","guid":{"rendered":"http:\/\/www.tvturk.com\/index.php\/duravit-kuresel-isinma-ve-iklim-degisikligine-dikkat-cekiyor\/"},"modified":"2019-05-13T11:19:05","modified_gmt":"2019-05-13T08:19:05","slug":"duravit-kuresel-isinma-ve-iklim-degisikligine-dikkat-cekiyor","status":"publish","type":"post","link":"http:\/\/www.tvturk.com\/index.php\/duravit-kuresel-isinma-ve-iklim-degisikligine-dikkat-cekiyor\/","title":{"rendered":"Duravit K\u00fcresel \u0131s\u0131nma ve iklim de\u011fi\u015fikli\u011fine dikkat \u00e7ekiyor"},"content":{"rendered":"<p>Alman merkezli Duravit, K\u00fcresel Raporlama Giri\u015fimi\u2019nin (GRI) G4 y\u00f6nergelerine g\u00f6re haz\u0131rlanan son raporunda, \u00fcretimde y\u00fczde 100 geri d\u00f6n\u00fc\u015f\u00fcm oran\u0131na ula\u015f\u0131ld\u0131\u011f\u0131na ve \u00e7evrenin korunmas\u0131na y\u00f6nelik harcamalarda y\u00fczde 60 oran\u0131nda art\u0131\u015f kaydetti\u011fini a\u00e7\u0131klad\u0131.<\/p>\n<p>15 May\u0131s D\u00fcnya \u0130klim G\u00fcn\u00fc olmas\u0131 sonucunda H\u00fck\u00fcmetler aras\u0131 \u0130klim De\u011fi\u015fikli\u011fi Paneli (IPCC) 6\u2019nc\u0131 De\u011ferlendirme Raporu\u2019nun ortaya koydu\u011fu bilgilere g\u00f6re; k\u00fcresel hava s\u0131cakl\u0131klar\u0131 artarken, kutup b\u00f6lgelerinde buzlar h\u0131zla eriyor ve ortalama deniz seviyelerinde y\u00fckselme g\u00f6zleniyor. Geli\u015fmi\u015f \u00fclkeler sera gaz\u0131 emisyonlar\u0131n\u0131 azaltma konusunda \u00e7al\u0131\u015fmalar\u0131n\u0131 h\u0131zland\u0131rmazsa 2100 y\u0131l\u0131na kadar k\u00fcresel s\u0131cakl\u0131\u011f\u0131n 4 derece artabilece\u011fi \u00f6n g\u00f6r\u00fcl\u00fcyor. Is\u0131nman\u0131n en b\u00fcy\u00fck nedenini ise insan faaliyetleriyle ortaya \u00e7\u0131kan sera gaz\u0131 emisyonlar\u0131 olu\u015fturuldu\u011fu bildiriliyor. Bu da sa\u011fl\u0131\u011f\u0131, refah\u0131, g\u00fcvenli\u011fi ve ekonomisiyle insan hayat\u0131n\u0131 do\u011frudan etkileyecek y\u0131k\u0131c\u0131 sonu\u00e7lar do\u011furabilir. K\u0131sacas\u0131 iklim de\u011fi\u015fikli\u011fiyle m\u00fccadelede kararl\u0131 ad\u0131mlar atmak, enerji, ula\u015f\u0131m ve g\u0131da gibi t\u00fcm alanlarda d\u00fc\u015f\u00fck karbona ge\u00e7i\u015fi h\u0131zland\u0131rmak \u00f6ncelik ta\u015f\u0131d\u0131\u011f\u0131n\u0131n alt\u0131 \u00e7izildi.<\/p>\n<p>\u0130klim de\u011fi\u015fimi ve kaynaklar\u0131n azald\u0131\u011f\u0131 d\u00f6nemde s\u00fcrd\u00fcr\u00fclebilir yakla\u015f\u0131m\u0131n\u0131 t\u00fcm tasar\u0131m ve \u00fcretim s\u00fcre\u00e7lerinde uygulad\u0131\u011f\u0131 belirtilen Alman merkezli Duravit, 2011 y\u0131l\u0131ndan bu yana K\u00fcresel Raporlama Giri\u015fimi\u2019nin (GRI) G4 y\u00f6nergelerine g\u00f6re haz\u0131rlanan raporlar\u0131n sonuncusunda, \u00fcretimde y\u00fczde 100 geri d\u00f6n\u00fc\u015f\u00fcm oran\u0131na ula\u015f\u0131ld\u0131\u011f\u0131n\u0131 ve \u00e7evrenin korunmas\u0131na y\u00f6nelik harcamalarda y\u00fczde 60 oran\u0131nda art\u0131\u015f kaydedildi\u011fine dikkat \u00e7ekti.<\/p>\n<p>\u00c7evre \u00dcretim Beyannamesi (EPD) \u00f6d\u00fcl\u00fcne lay\u0131k g\u00f6r\u00fcld\u00fc<\/p>\n<p>Marka ayn\u0131 zamanda, geli\u015ftirdi\u011fi mineral malzemesi ile Institut Bauen und Umwelt e.V. taraf\u0131ndan \u00c7evre \u00dcretim Beyannamesi (EPD) \u00f6d\u00fcl\u00fcne lay\u0131k g\u00f6r\u00fcld\u00fc\u011f\u00fcn\u00fc de a\u00e7\u0131klad\u0131. Duravit AG Teknoloji Ba\u015f Sorumlusu Thomas Stammel, &#8220;Son s\u00fcrd\u00fcr\u00fclebilirlik raporumuz ve DuraSolid ile kazand\u0131\u011f\u0131m\u0131z EPD \u00f6d\u00fcl\u00fc, sekt\u00f6rdeki \u00f6nc\u00fc rol\u00fcm\u00fcz\u00fc bir kez daha vurgulad\u0131. S\u00fcrd\u00fcr\u00fclebilir yap\u0131lara \u00f6nemli katk\u0131lar sa\u011flarken, m\u00fc\u015fterilerimize de g\u00fcvenli \u00fcr\u00fcnlerin yan\u0131 s\u0131ra \u015feffafl\u0131k sunuyoruz&#8221; dedi.<\/p>\n<p>T\u00fcrkiye\u2019de 33 bin litre fosil yak\u0131t tasarrufu yap\u0131lmas\u0131n\u0131 sa\u011flad\u0131<\/p>\n<p>Ayr\u0131ca Duravit, \u00c7evre Koruma ve Ambalaj At\u0131klar\u0131 De\u011ferlendirme Vakf\u0131 (\u00c7EVKO) ile yapt\u0131\u011f\u0131 i\u015f birli\u011finin sonu\u00e7lar\u0131n\u0131, ambalaj at\u0131klar\u0131 \u00e7evresel fayda raporu 2018 ile a\u00e7\u0131klad\u0131. Rapora g\u00f6re; marka bu y\u00fck\u00fcml\u00fcl\u00fckler \u00e7er\u00e7evesinde yapt\u0131\u011f\u0131 \u00e7al\u0131\u015fmalar ile 2018 y\u0131l\u0131nda ka\u011f\u0131t, karton, ah\u015fap ve kompozit ambalaj at\u0131klar\u0131n\u0131n geri d\u00f6n\u00fc\u015f\u00fcm\u00fcyle 119 d\u00f6n\u00fcm orman arazisini kaplayacak 5 bin 964 a\u011fac\u0131n kesilmesini \u00f6nledi. Geri kazan\u0131m\u0131 sa\u011flanan ambalaj at\u0131klar\u0131yla 577 ailenin y\u0131ll\u0131k elektrik t\u00fcketimine kar\u015f\u0131l\u0131k gelen yakla\u015f\u0131k 1.6 milyon kw\/saat elektrik enerjisi tasarrufunda bulundu. Duravit, ambalaj at\u0131klar\u0131n\u0131 depolama sahalar\u0131na g\u00f6mmek yerine geri d\u00f6n\u00fc\u015ft\u00fcrerek 1 olimpik y\u00fczme havuzu hacminde yakla\u015f\u0131k 3 bin metrek\u00fcp alandan tasarruf etti. Duravit ayr\u0131ca 49 ailenin y\u0131ll\u0131k su t\u00fcketimine e\u015f de\u011fer yakla\u015f\u0131k 87 milyon metrek\u00fcp su ve 33 bin litre fosil yak\u0131t tasarrufu yap\u0131lmas\u0131n\u0131 da sa\u011flad\u0131.<\/p>\n<p>Ambalaj at\u0131klar\u0131 \u00e7evresel fayda raporu 2018\u2019in \u00f6ne \u00e7\u0131kan sonu\u00e7lar\u0131 \u015f\u00f6yle;<\/p>\n<p>Ka\u011f\u0131t, karton, ah\u015fap ve kompozit ambalaj at\u0131klar\u0131n\u0131n geri d\u00f6n\u00fc\u015f\u00fcm\u00fcyle yakla\u015f\u0131k 90 hektar orman alan\u0131na denk gelen 4 milyon 492 bin adet a\u011fa\u00e7 kesilmekten kurtuldu.<\/p>\n<p>Plastik ambalaj at\u0131klar\u0131n\u0131n geri d\u00f6n\u00fc\u015f\u00fcm\u00fc ile yakla\u015f\u0131k 125 milyon litre petrol tasarrufu sa\u011fland\u0131. Bu yakla\u015f\u0131k 2.8 milyon arac\u0131n deposunu doldurmaya yetecek bir miktar.<\/p>\n<p>Geri kazan\u0131m\u0131 sa\u011flanan ka\u011f\u0131t-karton\/kompozit ambalaj at\u0131klar\u0131 ile 39 bin 312 ailenin y\u0131ll\u0131k su t\u00fcketimine e\u015f de\u011fer oranda, 6.9 milyar litreden fazla su tasarrufu sa\u011fland\u0131.<\/p>\n<p>Geri kazan\u0131m\u0131 sa\u011flanan ambalaj at\u0131klar\u0131yla, bir milyona yak\u0131n (920 bin) ailenin y\u0131ll\u0131k elektrik t\u00fcketimine denk, yakla\u015f\u0131k 2.6 milyar kw\/saat elektrik tasarrufu sa\u011fland\u0131.<\/p>\n<p>Yakla\u015f\u0131k 1329 adet olimpik y\u00fczme havuzu hacminde, yakla\u015f\u0131k 3 milyon 320 bin metrek\u00fcp depolama alan\u0131ndan tasarruf edildi.<\/p>\n<p>Geri kazan\u0131m\u0131 sa\u011flanan ambalaj at\u0131klar\u0131 ile 331 bin 329 ton karbondioksit sal\u0131m\u0131 \u00f6nlendi. Bu miktar bir u\u00e7a\u011f\u0131n d\u00fcnyan\u0131n \u00e7evresini 16 bin 566 kez d\u00f6nmesi sonucu sal\u0131nan sera gaz\u0131na e\u015fde\u011fer.<\/p>\n","protected":false},"excerpt":{"rendered":"<p>ALMAN MERKEZL\u0130 DURAV\u0130T, K\u00dcRESEL RAPORLAMA G\u0130R\u0130\u015e\u0130M\u0130\u2019N\u0130N (GRI) G4 Y\u00d6NERGELER\u0130NE G\u00d6RE HAZIRLANAN SON RAPORUNDA, \u00dcRET\u0130MDE Y\u00dcZDE 100 GER\u0130 D\u00d6N\u00dc\u015e\u00dcM ORANINA ULA\u015eILDI\u011eINA VE \u00c7EVREN\u0130N KORUNMASINA Y\u00d6NEL\u0130K HARCAMALARDA Y\u00dcZDE 60 ORANINDA ARTI\u015e KAYDETT\u0130\u011e\u0130N\u0130 A\u00c7IKLADI.<\/p>\n","protected":false},"author":1,"featured_media":156323,"comment_status":"closed","ping_status":"open","sticky":false,"template":"","format":"standard","meta":{"jetpack_post_was_ever_published":false,"_jetpack_newsletter_access":"","_jetpack_dont_email_post_to_subs":false,"_jetpack_newsletter_tier_id":0,"_jetpack_memberships_contains_paywalled_content":false,"_jetpack_memberships_contains_paid_content":false,"footnotes":"","jetpack_publicize_message":"","jetpack_publicize_feature_enabled":true,"jetpack_social_post_already_shared":true,"jetpack_social_options":{"image_generator_settings":{"template":"highway","default_image_id":0,"font":"","enabled":false},"version":2}},"categories":[19],"tags":[3922,19832,1440,36119,6633,36120,15619],"class_list":["post-156322","post","type-post","status-publish","format-standard","has-post-thumbnail","hentry","category-ekonomi","tag-cekiyor","tag-degisikligine","tag-dikkat","tag-duravit","tag-iklim","tag-isinma","tag-kuresel"],"jetpack_publicize_connections":[],"jetpack_featured_media_url":"https:\/\/i0.wp.com\/www.tvturk.com\/wp-content\/uploads\/2019\/05\/duravit-kuresel-isinma-ve-iklim-degisikligine-dikkat-cekiyor_2eca050.jpg?fit=940%2C400","jetpack_sharing_enabled":true,"jetpack_shortlink":"https:\/\/wp.me\/paKIfm-EFk","_links":{"self":[{"href":"http:\/\/www.tvturk.com\/index.php\/wp-json\/wp\/v2\/posts\/156322","targetHints":{"allow":["GET"]}}],"collection":[{"href":"http:\/\/www.tvturk.com\/index.php\/wp-json\/wp\/v2\/posts"}],"about":[{"href":"http:\/\/www.tvturk.com\/index.php\/wp-json\/wp\/v2\/types\/post"}],"author":[{"embeddable":true,"href":"http:\/\/www.tvturk.com\/index.php\/wp-json\/wp\/v2\/users\/1"}],"replies":[{"embeddable":true,"href":"http:\/\/www.tvturk.com\/index.php\/wp-json\/wp\/v2\/comments?post=156322"}],"version-history":[{"count":0,"href":"http:\/\/www.tvturk.com\/index.php\/wp-json\/wp\/v2\/posts\/156322\/revisions"}],"wp:featuredmedia":[{"embeddable":true,"href":"http:\/\/www.tvturk.com\/index.php\/wp-json\/wp\/v2\/media\/156323"}],"wp:attachment":[{"href":"http:\/\/www.tvturk.com\/index.php\/wp-json\/wp\/v2\/media?parent=156322"}],"wp:term":[{"taxonomy":"category","embeddable":true,"href":"http:\/\/www.tvturk.com\/index.php\/wp-json\/wp\/v2\/categories?post=156322"},{"taxonomy":"post_tag","embeddable":true,"href":"http:\/\/www.tvturk.com\/index.php\/wp-json\/wp\/v2\/tags?post=156322"}],"curies":[{"name":"wp","href":"https:\/\/api.w.org\/{rel}","templated":true}]}}