{"id":15645,"date":"2019-02-09T14:39:49","date_gmt":"2019-02-09T11:39:49","guid":{"rendered":"http:\/\/www.tvturk.com\/index.php\/ozel-haber-itfaiye-ogrencisi-atletizmde-turkiye-birincisi-oldu\/"},"modified":"2019-02-09T14:39:58","modified_gmt":"2019-02-09T11:39:58","slug":"ozel-haber-itfaiye-ogrencisi-atletizmde-turkiye-birincisi-oldu","status":"publish","type":"post","link":"http:\/\/www.tvturk.com\/index.php\/ozel-haber-itfaiye-ogrencisi-atletizmde-turkiye-birincisi-oldu\/","title":{"rendered":"(\u00d6zel Haber) \u0130tfaiye \u00f6\u011frencisi atletizmde T\u00fcrkiye birincisi oldu"},"content":{"rendered":"<p>Kayseri\u2019de Ahi Evran Mesleki ve Teknik Anadolu Lisesi\u2019nde \u0130tfaiye ve Yang\u0131n G\u00fcvenli\u011fi B\u00f6l\u00fcm\u00fc \u00f6\u011frencisi Burak Karata\u015f, iyi bir itfaiyecili\u011fin yan\u0131 s\u0131ra atletizmde milli tak\u0131m formas\u0131 giyme hayallerinin pe\u015finden ko\u015farak, 200 metre ko\u015fuda T\u00fcrkiye birincisi oldu.<\/p>\n<p>Ahi Evran Mesleki ve Teknik Anadolu Lisesi \u0130tfaiye ve Yang\u0131n G\u00fcvenli\u011fi B\u00f6l\u00fcm\u00fc \u00f6\u011frencisi 18 ya\u015f\u0131ndaki Burak Karata\u015f; iyi bir itfaiyeci olman\u0131n yan\u0131 s\u0131ra atletizmde de milli tak\u0131m formas\u0131 giymenin hayallerini s\u00fcsledi\u011fini s\u00f6yledi. Hayalleri do\u011frultusunda e\u011fitimine ve antrenmanlar\u0131na devam eden Karata\u015f\u2019a ailesi ve okul y\u00f6netimi de destek oluyor. Spora ba\u015flama hikayesini anlatan Karata\u015f; \u201cAtletizm benim k\u00fc\u00e7\u00fckl\u00fc\u011f\u00fcmden bu yana en sevdi\u011fim spordu. Ba\u015flamama vesile olmamda Beden E\u011fitimi \u00d6\u011fretmenim Nurg\u00fcl T\u00fcrk \u00d6zsoy\u2019un \u00e7ok b\u00fcy\u00fck katk\u0131s\u0131 oldu. Okul yar\u0131\u015flar\u0131na ba\u015flamamla birlikte bu spora ba\u015flam\u0131\u015f bulundum. Kendi alan\u0131mda \u00e7e\u015fitli ba\u015far\u0131lar ald\u0131m. 200 metre olimpik salon denemelerinde birincili\u011fim oldu. Bu \u015fekilde devam ettim. Hedefim, atletizmde milli tak\u0131m formas\u0131n\u0131 en iyi \u015fekilde ta\u015f\u0131mak&#8221; diye konu\u015ftu.<\/p>\n<p>Karata\u015f ayr\u0131ca itfaiyecili\u011fin de k\u00fc\u00e7\u00fckl\u00fc\u011f\u00fcnden bu yana hayalindeki meslek oldu\u011funu ve bu konuda da okuldaki \u00f6\u011fretmenlerinden \u00e7ok iyi e\u011fitim ald\u0131klar\u0131n\u0131 s\u00f6yledi.<\/p>\n<p>4 b\u00f6l\u00fcmde 530 \u00f6\u011frenci<\/p>\n<p>Okul M\u00fcd\u00fcr\u00fc Halis Karabulut da okullar\u0131nda 4 ayr\u0131 b\u00f6l\u00fcmde 530 \u00f6\u011frencinin bulundu\u011funu, at\u00f6lye ve laboratuvarlarda \u00f6\u011frencilerin en iyi \u015fekilde e\u011fitilmesine \u00f6nem verdiklerini belirterek, &#8220;Okulumuz 2011 y\u0131l\u0131nda a\u00e7\u0131ld\u0131. Sanat Tasar\u0131m\u0131 Alan\u0131, \u0130\u00e7 Mekan Dekorasyonu, \u0130tfaiye ve Yang\u0131n G\u00fcvenli\u011fi Alan\u0131, Kimya Kuyumcu Teknolojisi Alan\u0131 olmak \u00fczere 4 b\u00f6l\u00fcmden olu\u015fuyor. Okulumuz \u015fu anda 530 \u00f6\u011frenci ile e\u011fitim-\u00f6\u011fretime devam ediyor. Okulumuzda d\u00f6ner sermaye i\u015fletmemiz var. Bunun yan\u0131nda \u0130tfaiye Daire Ba\u015fkanl\u0131\u011f\u0131, AFAD, Organize Sanayi B\u00f6lgeleri ile i\u015fbirli\u011fimiz var. Bunlarla beraber \u00f6\u011frencilerimizi yeti\u015ftirmeye \u00e7al\u0131\u015f\u0131yoruz. Okulumuzda kimya b\u00f6l\u00fcm\u00fcnde s\u0131v\u0131 grubu deterjanlar \u00fcretilmekte, aromatik bitkilerin esans\u0131 \u00e7\u0131kart\u0131lmakta; sanat tasar\u0131m\u0131 alan\u0131nda seramik, i\u00e7 mekan tasar\u0131m\u0131 alan\u0131nda mobilya at\u00f6lyemiz var. Bu alanlarda \u00e7al\u0131\u015fmaya devam ediyoruz. Kuyumculuk alan\u0131nda da \u00f6\u011frencilerimizin tak\u0131 tasar\u0131m\u0131 ve imalat\u0131 devam etmektedir. Bu \u015fekilde her y\u0131l okulumuzdan 30 ki\u015fi \u00fcniversiteye yerle\u015fmektedir&#8221; dedi.<\/p>\n<p>&#8220;200 metrede birinci, 60 metrede ikinci oldu&#8221;<\/p>\n<p>\u00d6\u011frencilerinden Burak Karata\u015f\u2019\u0131n atletizm konusunda yetene\u011fini g\u00f6zlemlediklerini ve yar\u0131\u015flara kat\u0131lmas\u0131n\u0131 sa\u011flad\u0131klar\u0131n\u0131 dile getiren Karabulut; &#8220;\u0130tfaiye b\u00f6l\u00fcm\u00fcnde okuyan \u00f6\u011frencimiz Burak Karata\u015f, okulumuzun futbol kalecisiydi. Atletizm konusunda yetene\u011finin oldu\u011funu g\u00f6zlemledik. Bu konuda liderlik yapmaya \u00e7al\u0131\u015ft\u0131k, mahalli atletizm yar\u0131\u015flar\u0131na kat\u0131lmas\u0131n\u0131 sa\u011flad\u0131k. Orada da iyi bir derece yap\u0131nca T\u00fcrkiye\u2019deki di\u011fer atletizm denemelerine girdi. 2017 y\u0131l\u0131nda 200 ve 60 metrede \u0130stanbul\u2019da olimpik denemelere kat\u0131ld\u0131. 200 metrede birinci, 60 metrede ikinci oldu. Yine 2018 y\u0131l\u0131nda bu denemelere yine kat\u0131ld\u0131, 200 metrede birinci, 60 metrede yine ikinci oldu. 6 Ocak\u2019ta yap\u0131lan 400 metre olimpik denemesinde T\u00fcrkiye birincisi oldu. May\u0131s ay\u0131nda Ankara\u2019da yap\u0131lacak olan Balkan Olimpik Denemesinde dereceye girerse \u00f6\u011frencimiz milli sporcu olma unvan\u0131n\u0131 kazanacak ve yoluna devam edecek&#8221; diye konu\u015ftu.<\/p>\n<p>&#8220;Burak di\u011fer \u00f6\u011frencilere yol g\u00f6sterdi&#8221;<\/p>\n<p>Okullar\u0131ndan T\u00fcrkiye birincisi \u00e7\u0131kmas\u0131n\u0131n di\u011fer \u00f6\u011frencilere de \u00f6rnek oldu\u011funu ve atletizm \u00e7al\u0131\u015fmas\u0131 yapan \u00f6\u011frencilerin bulundu\u011funu da s\u00f6zlerine ekleyen Okul M\u00fcd\u00fcr\u00fc Halis Karabulut s\u00f6zlerini \u015f\u00f6yle tamamlad\u0131:<\/p>\n<p>&#8220;\u015eu an okulumuzda kul\u00fcplerde, atletizm \u00e7al\u0131\u015fmas\u0131 yapan yakla\u015f\u0131k olarak 5 \u00f6\u011frencimiz var. Bunlar alt s\u0131n\u0131flardan gelen \u00f6\u011frenciler. Burak, bunlara bir yol g\u00f6stermi\u015f oldu. Onlar da bu yolda ilerliyorlar. Okuldan bu t\u00fcr \u00f6\u011frencinin \u00e7\u0131kmas\u0131 b\u00fct\u00fcn her \u015feyi de\u011fi\u015ftirdi.&#8221;<div class=\"tiled-gallery type-rectangular tiled-gallery-unresized\" data-original-width=\"500\" data-carousel-extra='null' itemscope itemtype=\"http:\/\/schema.org\/ImageGallery\" > <div class=\"gallery-row\" style=\"width: 500px; height: 224px;\" data-original-width=\"500\" data-original-height=\"224\" > <div class=\"gallery-group images-1\" style=\"width: 334px; height: 224px;\" data-original-width=\"334\" data-original-height=\"224\" > <div class=\"tiled-gallery-item tiled-gallery-item-large\" itemprop=\"associatedMedia\" itemscope itemtype=\"http:\/\/schema.org\/ImageObject\"> <a href=\"http:\/\/www.tvturk.com\/index.php\/ozel-haber-itfaiye-ogrencisi-atletizmde-turkiye-birincisi-oldu\/ozel-haber-itfaiye-ogrencisi-atletizmde-turkiye-birincisi-oldu-3\/\" border=\"0\" itemprop=\"url\"> <meta itemprop=\"width\" content=\"330\"> <meta itemprop=\"height\" content=\"220\"> <img decoding=\"async\" class=\"\" data-attachment-id=\"15647\" data-orig-file=\"http:\/\/www.tvturk.com\/wp-content\/uploads\/2019\/02\/ozel-haber-itfaiye-ogrencisi-atletizmde-turkiye-birincisi-oldu_587afda.jpg\" data-orig-size=\"1000,666\" data-comments-opened=\"\" data-image-meta=\"{&quot;aperture&quot;:&quot;0&quot;,&quot;credit&quot;:&quot;IHA&quot;,&quot;camera&quot;:&quot;&quot;,&quot;caption&quot;:&quot;KAYSER\\u0130\\u0027DE AH\\u0130 EVRAN MESLEK\\u0130 VE TEKN\\u0130K ANADOLU L\\u0130SES\\u0130\\u0027NDE \\u0130TFA\\u0130YE VE YANGIN G\\u00dcVENL\\u0130\\u011e\\u0130 B\\u00d6L\\u00dcM\\u00dc \\u00d6\\u011eRENC\\u0130S\\u0130 BURAK KARATA\\u015e, \\u0130Y\\u0130 B\\u0130R \\u0130TFA\\u0130YEC\\u0130L\\u0130\\u011e\\u0130N YANI SIRA ATLET\\u0130ZMDE M\\u0130LL\\u0130 TAKIM FORMASI G\\u0130YME HAYALLER\\u0130N\\u0130N PE\\u015e\\u0130NDEN KO\\u015eARAK, 200 METRE KO\\u015eUDA T\\u00dcRK\\u0130YE B\\u0130R\\u0130NC\\u0130S\\u0130 OLDU. (TURAN BULUT\\\/KAYSER\\u0130-\\u0130HA)&quot;,&quot;created_timestamp&quot;:&quot;0&quot;,&quot;copyright&quot;:&quot;\\u0130HLAS HABER AJANSI, www.iha.com.tr&quot;,&quot;focal_length&quot;:&quot;0&quot;,&quot;iso&quot;:&quot;0&quot;,&quot;shutter_speed&quot;:&quot;0&quot;,&quot;title&quot;:&quot;(\\u00d6ZEL HABER) \\u0130TFA\\u0130YE \\u00d6\\u011eRENC\\u0130S\\u0130 ATLET\\u0130ZMDE T\\u00dcRK\\u0130YE B\\u0130R\\u0130NC\\u0130S\\u0130 OLDU \\u0130TFA\\u0130YE VE YANGIN G\\u00dcVENL\\u0130\\u011e\\u0130 \\u00d6\\u011eRENC\\u0130S\\u0130 BURAK KARATA\\u015e: \\u0022HEDEF\\u0130M, ATLET\\u0130ZMDE M\\u0130LL\\u0130 TAKIM FORMASINI EN \\u0130Y\\u0130 \\u015eEK\\u0130LDE TA\\u015eIMAK\\u0022&quot;,&quot;orientation&quot;:&quot;0&quot;}\" data-image-title=\"(\u00d6zel Haber) \u0130tfaiye \u00f6\u011frencisi atletizmde T\u00fcrkiye birincisi oldu\" data-image-description=\"&lt;p&gt;(\u00d6zel Haber) \u0130tfaiye \u00f6\u011frencisi atletizmde T\u00fcrkiye birincisi oldu&lt;\/p&gt; \" data-medium-file=\"https:\/\/i0.wp.com\/www.tvturk.com\/wp-content\/uploads\/2019\/02\/ozel-haber-itfaiye-ogrencisi-atletizmde-turkiye-birincisi-oldu_587afda.jpg?fit=300%2C200\" data-large-file=\"https:\/\/i0.wp.com\/www.tvturk.com\/wp-content\/uploads\/2019\/02\/ozel-haber-itfaiye-ogrencisi-atletizmde-turkiye-birincisi-oldu_587afda.jpg?fit=1000%2C666\" src=\"https:\/\/i0.wp.com\/www.tvturk.com\/wp-content\/uploads\/2019\/02\/ozel-haber-itfaiye-ogrencisi-atletizmde-turkiye-birincisi-oldu_587afda.jpg?w=330&#038;h=220\" srcset=\"https:\/\/i0.wp.com\/www.tvturk.com\/wp-content\/uploads\/2019\/02\/ozel-haber-itfaiye-ogrencisi-atletizmde-turkiye-birincisi-oldu_587afda.jpg?w=1000 1000w, https:\/\/i0.wp.com\/www.tvturk.com\/wp-content\/uploads\/2019\/02\/ozel-haber-itfaiye-ogrencisi-atletizmde-turkiye-birincisi-oldu_587afda.jpg?resize=150%2C100 150w, https:\/\/i0.wp.com\/www.tvturk.com\/wp-content\/uploads\/2019\/02\/ozel-haber-itfaiye-ogrencisi-atletizmde-turkiye-birincisi-oldu_587afda.jpg?resize=300%2C200 300w, https:\/\/i0.wp.com\/www.tvturk.com\/wp-content\/uploads\/2019\/02\/ozel-haber-itfaiye-ogrencisi-atletizmde-turkiye-birincisi-oldu_587afda.jpg?resize=768%2C511 768w, https:\/\/i0.wp.com\/www.tvturk.com\/wp-content\/uploads\/2019\/02\/ozel-haber-itfaiye-ogrencisi-atletizmde-turkiye-birincisi-oldu_587afda.jpg?resize=170%2C113 170w, https:\/\/i0.wp.com\/www.tvturk.com\/wp-content\/uploads\/2019\/02\/ozel-haber-itfaiye-ogrencisi-atletizmde-turkiye-birincisi-oldu_587afda.jpg?resize=120%2C80 120w\" width=\"330\" height=\"220\" loading=\"lazy\" data-original-width=\"330\" data-original-height=\"220\" itemprop=\"http:\/\/schema.org\/image\" title=\"(\u00d6zel Haber) \u0130tfaiye \u00f6\u011frencisi atletizmde T\u00fcrkiye birincisi oldu\" alt=\"(\u00d6zel Haber) \u0130tfaiye \u00f6\u011frencisi atletizmde T\u00fcrkiye birincisi oldu\" style=\"width: 330px; height: 220px;\" \/> <\/a> <\/div> <\/div> <!-- close group --> <div class=\"gallery-group images-2\" style=\"width: 166px; height: 224px;\" data-original-width=\"166\" data-original-height=\"224\" > <div class=\"tiled-gallery-item tiled-gallery-item-small\" itemprop=\"associatedMedia\" itemscope itemtype=\"http:\/\/schema.org\/ImageObject\"> <a href=\"http:\/\/www.tvturk.com\/index.php\/ozel-haber-itfaiye-ogrencisi-atletizmde-turkiye-birincisi-oldu\/ozel-haber-itfaiye-ogrencisi-atletizmde-turkiye-birincisi-oldu-4\/\" border=\"0\" itemprop=\"url\"> <meta itemprop=\"width\" content=\"162\"> <meta itemprop=\"height\" content=\"108\"> <img decoding=\"async\" class=\"\" data-attachment-id=\"15648\" data-orig-file=\"http:\/\/www.tvturk.com\/wp-content\/uploads\/2019\/02\/ozel-haber-itfaiye-ogrencisi-atletizmde-turkiye-birincisi-oldu_3cd30b7.jpg\" data-orig-size=\"1000,666\" data-comments-opened=\"\" data-image-meta=\"{&quot;aperture&quot;:&quot;0&quot;,&quot;credit&quot;:&quot;IHA&quot;,&quot;camera&quot;:&quot;&quot;,&quot;caption&quot;:&quot;KAYSER\\u0130\\u0027DE AH\\u0130 EVRAN MESLEK\\u0130 VE TEKN\\u0130K ANADOLU L\\u0130SES\\u0130\\u0027NDE \\u0130TFA\\u0130YE VE YANGIN G\\u00dcVENL\\u0130\\u011e\\u0130 B\\u00d6L\\u00dcM\\u00dc \\u00d6\\u011eRENC\\u0130S\\u0130 BURAK KARATA\\u015e, \\u0130Y\\u0130 B\\u0130R \\u0130TFA\\u0130YEC\\u0130L\\u0130\\u011e\\u0130N YANI SIRA ATLET\\u0130ZMDE M\\u0130LL\\u0130 TAKIM FORMASI G\\u0130YME HAYALLER\\u0130N\\u0130N PE\\u015e\\u0130NDEN KO\\u015eARAK, 200 METRE KO\\u015eUDA T\\u00dcRK\\u0130YE B\\u0130R\\u0130NC\\u0130S\\u0130 OLDU. (TURAN BULUT\\\/KAYSER\\u0130-\\u0130HA)&quot;,&quot;created_timestamp&quot;:&quot;0&quot;,&quot;copyright&quot;:&quot;\\u0130HLAS HABER AJANSI, www.iha.com.tr&quot;,&quot;focal_length&quot;:&quot;0&quot;,&quot;iso&quot;:&quot;0&quot;,&quot;shutter_speed&quot;:&quot;0&quot;,&quot;title&quot;:&quot;(\\u00d6ZEL HABER) \\u0130TFA\\u0130YE \\u00d6\\u011eRENC\\u0130S\\u0130 ATLET\\u0130ZMDE T\\u00dcRK\\u0130YE B\\u0130R\\u0130NC\\u0130S\\u0130 OLDU \\u0130TFA\\u0130YE VE YANGIN G\\u00dcVENL\\u0130\\u011e\\u0130 \\u00d6\\u011eRENC\\u0130S\\u0130 BURAK KARATA\\u015e: \\u0022HEDEF\\u0130M, ATLET\\u0130ZMDE M\\u0130LL\\u0130 TAKIM FORMASINI EN \\u0130Y\\u0130 \\u015eEK\\u0130LDE TA\\u015eIMAK\\u0022&quot;,&quot;orientation&quot;:&quot;0&quot;}\" data-image-title=\"(\u00d6zel Haber) \u0130tfaiye \u00f6\u011frencisi atletizmde T\u00fcrkiye birincisi oldu\" data-image-description=\"&lt;p&gt;(\u00d6zel Haber) \u0130tfaiye \u00f6\u011frencisi atletizmde T\u00fcrkiye birincisi oldu&lt;\/p&gt; \" data-medium-file=\"https:\/\/i0.wp.com\/www.tvturk.com\/wp-content\/uploads\/2019\/02\/ozel-haber-itfaiye-ogrencisi-atletizmde-turkiye-birincisi-oldu_3cd30b7.jpg?fit=300%2C200\" data-large-file=\"https:\/\/i0.wp.com\/www.tvturk.com\/wp-content\/uploads\/2019\/02\/ozel-haber-itfaiye-ogrencisi-atletizmde-turkiye-birincisi-oldu_3cd30b7.jpg?fit=1000%2C666\" src=\"https:\/\/i0.wp.com\/www.tvturk.com\/wp-content\/uploads\/2019\/02\/ozel-haber-itfaiye-ogrencisi-atletizmde-turkiye-birincisi-oldu_3cd30b7.jpg?w=162&#038;h=108\" srcset=\"https:\/\/i0.wp.com\/www.tvturk.com\/wp-content\/uploads\/2019\/02\/ozel-haber-itfaiye-ogrencisi-atletizmde-turkiye-birincisi-oldu_3cd30b7.jpg?w=1000 1000w, https:\/\/i0.wp.com\/www.tvturk.com\/wp-content\/uploads\/2019\/02\/ozel-haber-itfaiye-ogrencisi-atletizmde-turkiye-birincisi-oldu_3cd30b7.jpg?resize=150%2C100 150w, https:\/\/i0.wp.com\/www.tvturk.com\/wp-content\/uploads\/2019\/02\/ozel-haber-itfaiye-ogrencisi-atletizmde-turkiye-birincisi-oldu_3cd30b7.jpg?resize=300%2C200 300w, https:\/\/i0.wp.com\/www.tvturk.com\/wp-content\/uploads\/2019\/02\/ozel-haber-itfaiye-ogrencisi-atletizmde-turkiye-birincisi-oldu_3cd30b7.jpg?resize=768%2C511 768w, https:\/\/i0.wp.com\/www.tvturk.com\/wp-content\/uploads\/2019\/02\/ozel-haber-itfaiye-ogrencisi-atletizmde-turkiye-birincisi-oldu_3cd30b7.jpg?resize=170%2C113 170w, https:\/\/i0.wp.com\/www.tvturk.com\/wp-content\/uploads\/2019\/02\/ozel-haber-itfaiye-ogrencisi-atletizmde-turkiye-birincisi-oldu_3cd30b7.jpg?resize=120%2C80 120w\" width=\"162\" height=\"108\" loading=\"lazy\" data-original-width=\"162\" data-original-height=\"108\" itemprop=\"http:\/\/schema.org\/image\" title=\"(\u00d6zel Haber) \u0130tfaiye \u00f6\u011frencisi atletizmde T\u00fcrkiye birincisi oldu\" alt=\"(\u00d6zel Haber) \u0130tfaiye \u00f6\u011frencisi atletizmde T\u00fcrkiye birincisi oldu\" style=\"width: 162px; height: 108px;\" \/> <\/a> <\/div> <div class=\"tiled-gallery-item tiled-gallery-item-small\" itemprop=\"associatedMedia\" itemscope itemtype=\"http:\/\/schema.org\/ImageObject\"> <a href=\"http:\/\/www.tvturk.com\/index.php\/ozel-haber-itfaiye-ogrencisi-atletizmde-turkiye-birincisi-oldu\/ozel-haber-itfaiye-ogrencisi-atletizmde-turkiye-birincisi-oldu-5\/\" border=\"0\" itemprop=\"url\"> <meta itemprop=\"width\" content=\"162\"> <meta itemprop=\"height\" content=\"108\"> <img decoding=\"async\" class=\"\" data-attachment-id=\"15649\" data-orig-file=\"http:\/\/www.tvturk.com\/wp-content\/uploads\/2019\/02\/ozel-haber-itfaiye-ogrencisi-atletizmde-turkiye-birincisi-oldu_9b49b58.jpg\" data-orig-size=\"1000,666\" data-comments-opened=\"\" data-image-meta=\"{&quot;aperture&quot;:&quot;0&quot;,&quot;credit&quot;:&quot;IHA&quot;,&quot;camera&quot;:&quot;&quot;,&quot;caption&quot;:&quot;KAYSER\\u0130\\u0027DE AH\\u0130 EVRAN MESLEK\\u0130 VE TEKN\\u0130K ANADOLU L\\u0130SES\\u0130\\u0027NDE \\u0130TFA\\u0130YE VE YANGIN G\\u00dcVENL\\u0130\\u011e\\u0130 B\\u00d6L\\u00dcM\\u00dc \\u00d6\\u011eRENC\\u0130S\\u0130 BURAK KARATA\\u015e, \\u0130Y\\u0130 B\\u0130R \\u0130TFA\\u0130YEC\\u0130L\\u0130\\u011e\\u0130N YANI SIRA ATLET\\u0130ZMDE M\\u0130LL\\u0130 TAKIM FORMASI G\\u0130YME HAYALLER\\u0130N\\u0130N PE\\u015e\\u0130NDEN KO\\u015eARAK, 200 METRE KO\\u015eUDA T\\u00dcRK\\u0130YE B\\u0130R\\u0130NC\\u0130S\\u0130 OLDU. (TURAN BULUT\\\/KAYSER\\u0130-\\u0130HA)&quot;,&quot;created_timestamp&quot;:&quot;0&quot;,&quot;copyright&quot;:&quot;\\u0130HLAS HABER AJANSI, www.iha.com.tr&quot;,&quot;focal_length&quot;:&quot;0&quot;,&quot;iso&quot;:&quot;0&quot;,&quot;shutter_speed&quot;:&quot;0&quot;,&quot;title&quot;:&quot;(\\u00d6ZEL HABER) \\u0130TFA\\u0130YE \\u00d6\\u011eRENC\\u0130S\\u0130 ATLET\\u0130ZMDE T\\u00dcRK\\u0130YE B\\u0130R\\u0130NC\\u0130S\\u0130 OLDU \\u0130TFA\\u0130YE VE YANGIN G\\u00dcVENL\\u0130\\u011e\\u0130 \\u00d6\\u011eRENC\\u0130S\\u0130 BURAK KARATA\\u015e: \\u0022HEDEF\\u0130M, ATLET\\u0130ZMDE M\\u0130LL\\u0130 TAKIM FORMASINI EN \\u0130Y\\u0130 \\u015eEK\\u0130LDE TA\\u015eIMAK\\u0022&quot;,&quot;orientation&quot;:&quot;0&quot;}\" data-image-title=\"(\u00d6zel Haber) \u0130tfaiye \u00f6\u011frencisi atletizmde T\u00fcrkiye birincisi oldu\" data-image-description=\"&lt;p&gt;(\u00d6zel Haber) \u0130tfaiye \u00f6\u011frencisi atletizmde T\u00fcrkiye birincisi oldu&lt;\/p&gt; \" data-medium-file=\"https:\/\/i0.wp.com\/www.tvturk.com\/wp-content\/uploads\/2019\/02\/ozel-haber-itfaiye-ogrencisi-atletizmde-turkiye-birincisi-oldu_9b49b58.jpg?fit=300%2C200\" data-large-file=\"https:\/\/i0.wp.com\/www.tvturk.com\/wp-content\/uploads\/2019\/02\/ozel-haber-itfaiye-ogrencisi-atletizmde-turkiye-birincisi-oldu_9b49b58.jpg?fit=1000%2C666\" src=\"https:\/\/i0.wp.com\/www.tvturk.com\/wp-content\/uploads\/2019\/02\/ozel-haber-itfaiye-ogrencisi-atletizmde-turkiye-birincisi-oldu_9b49b58.jpg?w=162&#038;h=108\" srcset=\"https:\/\/i0.wp.com\/www.tvturk.com\/wp-content\/uploads\/2019\/02\/ozel-haber-itfaiye-ogrencisi-atletizmde-turkiye-birincisi-oldu_9b49b58.jpg?w=1000 1000w, https:\/\/i0.wp.com\/www.tvturk.com\/wp-content\/uploads\/2019\/02\/ozel-haber-itfaiye-ogrencisi-atletizmde-turkiye-birincisi-oldu_9b49b58.jpg?resize=150%2C100 150w, https:\/\/i0.wp.com\/www.tvturk.com\/wp-content\/uploads\/2019\/02\/ozel-haber-itfaiye-ogrencisi-atletizmde-turkiye-birincisi-oldu_9b49b58.jpg?resize=300%2C200 300w, https:\/\/i0.wp.com\/www.tvturk.com\/wp-content\/uploads\/2019\/02\/ozel-haber-itfaiye-ogrencisi-atletizmde-turkiye-birincisi-oldu_9b49b58.jpg?resize=768%2C511 768w, https:\/\/i0.wp.com\/www.tvturk.com\/wp-content\/uploads\/2019\/02\/ozel-haber-itfaiye-ogrencisi-atletizmde-turkiye-birincisi-oldu_9b49b58.jpg?resize=170%2C113 170w, https:\/\/i0.wp.com\/www.tvturk.com\/wp-content\/uploads\/2019\/02\/ozel-haber-itfaiye-ogrencisi-atletizmde-turkiye-birincisi-oldu_9b49b58.jpg?resize=120%2C80 120w\" width=\"162\" height=\"108\" loading=\"lazy\" data-original-width=\"162\" data-original-height=\"108\" itemprop=\"http:\/\/schema.org\/image\" title=\"(\u00d6zel Haber) \u0130tfaiye \u00f6\u011frencisi atletizmde T\u00fcrkiye birincisi oldu\" alt=\"(\u00d6zel Haber) \u0130tfaiye \u00f6\u011frencisi atletizmde T\u00fcrkiye birincisi oldu\" style=\"width: 162px; height: 108px;\" \/> <\/a> <\/div> <\/div> <!-- close group --> <\/div> <!-- close row --> <div class=\"gallery-row\" style=\"width: 500px; height: 112px;\" data-original-width=\"500\" data-original-height=\"112\" > <div class=\"gallery-group images-1\" style=\"width: 167px; height: 112px;\" data-original-width=\"167\" data-original-height=\"112\" > <div class=\"tiled-gallery-item tiled-gallery-item-small\" itemprop=\"associatedMedia\" itemscope itemtype=\"http:\/\/schema.org\/ImageObject\"> <a href=\"http:\/\/www.tvturk.com\/index.php\/ozel-haber-itfaiye-ogrencisi-atletizmde-turkiye-birincisi-oldu\/ozel-haber-itfaiye-ogrencisi-atletizmde-turkiye-birincisi-oldu-6\/\" border=\"0\" itemprop=\"url\"> <meta itemprop=\"width\" content=\"163\"> <meta itemprop=\"height\" content=\"108\"> <img decoding=\"async\" class=\"\" data-attachment-id=\"15650\" data-orig-file=\"http:\/\/www.tvturk.com\/wp-content\/uploads\/2019\/02\/ozel-haber-itfaiye-ogrencisi-atletizmde-turkiye-birincisi-oldu_9449784.jpg\" data-orig-size=\"1000,666\" data-comments-opened=\"\" data-image-meta=\"{&quot;aperture&quot;:&quot;0&quot;,&quot;credit&quot;:&quot;IHA&quot;,&quot;camera&quot;:&quot;&quot;,&quot;caption&quot;:&quot;KAYSER\\u0130\\u0027DE AH\\u0130 EVRAN MESLEK\\u0130 VE TEKN\\u0130K ANADOLU L\\u0130SES\\u0130\\u0027NDE \\u0130TFA\\u0130YE VE YANGIN G\\u00dcVENL\\u0130\\u011e\\u0130 B\\u00d6L\\u00dcM\\u00dc \\u00d6\\u011eRENC\\u0130S\\u0130 BURAK KARATA\\u015e, \\u0130Y\\u0130 B\\u0130R \\u0130TFA\\u0130YEC\\u0130L\\u0130\\u011e\\u0130N YANI SIRA ATLET\\u0130ZMDE M\\u0130LL\\u0130 TAKIM FORMASI G\\u0130YME HAYALLER\\u0130N\\u0130N PE\\u015e\\u0130NDEN KO\\u015eARAK, 200 METRE KO\\u015eUDA T\\u00dcRK\\u0130YE B\\u0130R\\u0130NC\\u0130S\\u0130 OLDU. (TURAN BULUT\\\/KAYSER\\u0130-\\u0130HA)&quot;,&quot;created_timestamp&quot;:&quot;0&quot;,&quot;copyright&quot;:&quot;\\u0130HLAS HABER AJANSI, www.iha.com.tr&quot;,&quot;focal_length&quot;:&quot;0&quot;,&quot;iso&quot;:&quot;0&quot;,&quot;shutter_speed&quot;:&quot;0&quot;,&quot;title&quot;:&quot;(\\u00d6ZEL HABER) \\u0130TFA\\u0130YE \\u00d6\\u011eRENC\\u0130S\\u0130 ATLET\\u0130ZMDE T\\u00dcRK\\u0130YE B\\u0130R\\u0130NC\\u0130S\\u0130 OLDU \\u0130TFA\\u0130YE VE YANGIN G\\u00dcVENL\\u0130\\u011e\\u0130 \\u00d6\\u011eRENC\\u0130S\\u0130 BURAK KARATA\\u015e: \\u0022HEDEF\\u0130M, ATLET\\u0130ZMDE M\\u0130LL\\u0130 TAKIM FORMASINI EN \\u0130Y\\u0130 \\u015eEK\\u0130LDE TA\\u015eIMAK\\u0022&quot;,&quot;orientation&quot;:&quot;0&quot;}\" data-image-title=\"(\u00d6zel Haber) \u0130tfaiye \u00f6\u011frencisi atletizmde T\u00fcrkiye birincisi oldu\" data-image-description=\"&lt;p&gt;(\u00d6zel Haber) \u0130tfaiye \u00f6\u011frencisi atletizmde T\u00fcrkiye birincisi oldu&lt;\/p&gt; \" data-medium-file=\"https:\/\/i0.wp.com\/www.tvturk.com\/wp-content\/uploads\/2019\/02\/ozel-haber-itfaiye-ogrencisi-atletizmde-turkiye-birincisi-oldu_9449784.jpg?fit=300%2C200\" data-large-file=\"https:\/\/i0.wp.com\/www.tvturk.com\/wp-content\/uploads\/2019\/02\/ozel-haber-itfaiye-ogrencisi-atletizmde-turkiye-birincisi-oldu_9449784.jpg?fit=1000%2C666\" src=\"https:\/\/i0.wp.com\/www.tvturk.com\/wp-content\/uploads\/2019\/02\/ozel-haber-itfaiye-ogrencisi-atletizmde-turkiye-birincisi-oldu_9449784.jpg?w=163&#038;h=108\" srcset=\"https:\/\/i0.wp.com\/www.tvturk.com\/wp-content\/uploads\/2019\/02\/ozel-haber-itfaiye-ogrencisi-atletizmde-turkiye-birincisi-oldu_9449784.jpg?w=1000 1000w, https:\/\/i0.wp.com\/www.tvturk.com\/wp-content\/uploads\/2019\/02\/ozel-haber-itfaiye-ogrencisi-atletizmde-turkiye-birincisi-oldu_9449784.jpg?resize=150%2C100 150w, https:\/\/i0.wp.com\/www.tvturk.com\/wp-content\/uploads\/2019\/02\/ozel-haber-itfaiye-ogrencisi-atletizmde-turkiye-birincisi-oldu_9449784.jpg?resize=300%2C200 300w, https:\/\/i0.wp.com\/www.tvturk.com\/wp-content\/uploads\/2019\/02\/ozel-haber-itfaiye-ogrencisi-atletizmde-turkiye-birincisi-oldu_9449784.jpg?resize=768%2C511 768w, https:\/\/i0.wp.com\/www.tvturk.com\/wp-content\/uploads\/2019\/02\/ozel-haber-itfaiye-ogrencisi-atletizmde-turkiye-birincisi-oldu_9449784.jpg?resize=170%2C113 170w, https:\/\/i0.wp.com\/www.tvturk.com\/wp-content\/uploads\/2019\/02\/ozel-haber-itfaiye-ogrencisi-atletizmde-turkiye-birincisi-oldu_9449784.jpg?resize=120%2C80 120w\" width=\"163\" height=\"108\" loading=\"lazy\" data-original-width=\"163\" data-original-height=\"108\" itemprop=\"http:\/\/schema.org\/image\" title=\"(\u00d6zel Haber) \u0130tfaiye \u00f6\u011frencisi atletizmde T\u00fcrkiye birincisi oldu\" alt=\"(\u00d6zel Haber) \u0130tfaiye \u00f6\u011frencisi atletizmde T\u00fcrkiye birincisi oldu\" style=\"width: 163px; height: 108px;\" \/> <\/a> <\/div> <\/div> <!-- close group --> <div class=\"gallery-group images-1\" style=\"width: 167px; height: 112px;\" data-original-width=\"167\" data-original-height=\"112\" > <div class=\"tiled-gallery-item tiled-gallery-item-small\" itemprop=\"associatedMedia\" itemscope itemtype=\"http:\/\/schema.org\/ImageObject\"> <a href=\"http:\/\/www.tvturk.com\/index.php\/ozel-haber-itfaiye-ogrencisi-atletizmde-turkiye-birincisi-oldu\/ozel-haber-itfaiye-ogrencisi-atletizmde-turkiye-birincisi-oldu-7\/\" border=\"0\" itemprop=\"url\"> <meta itemprop=\"width\" content=\"163\"> <meta itemprop=\"height\" content=\"108\"> <img decoding=\"async\" class=\"\" data-attachment-id=\"15651\" data-orig-file=\"http:\/\/www.tvturk.com\/wp-content\/uploads\/2019\/02\/ozel-haber-itfaiye-ogrencisi-atletizmde-turkiye-birincisi-oldu_d47d412.jpg\" data-orig-size=\"1000,666\" data-comments-opened=\"\" data-image-meta=\"{&quot;aperture&quot;:&quot;0&quot;,&quot;credit&quot;:&quot;IHA&quot;,&quot;camera&quot;:&quot;&quot;,&quot;caption&quot;:&quot;OKUL M\\u00dcD\\u00dcR\\u00dc HAL\\u0130S KARABULUT DA OKULLARINDA 4 AYRI B\\u00d6L\\u00dcMDE 530 \\u00d6\\u011eRENC\\u0130N\\u0130N BULUNDU\\u011eUNU, AT\\u00d6LYE VE LABORATUVARLARDA \\u00d6\\u011eRENC\\u0130LER\\u0130N EN \\u0130Y\\u0130 \\u015eEK\\u0130LDE E\\u011e\\u0130T\\u0130LMES\\u0130NE \\u00d6NEM VERD\\u0130KLER\\u0130N\\u0130 S\\u00d6YLED\\u0130. (TURAN BULUT\\\/KAYSER\\u0130-\\u0130HA)&quot;,&quot;created_timestamp&quot;:&quot;0&quot;,&quot;copyright&quot;:&quot;\\u0130HLAS HABER AJANSI, www.iha.com.tr&quot;,&quot;focal_length&quot;:&quot;0&quot;,&quot;iso&quot;:&quot;0&quot;,&quot;shutter_speed&quot;:&quot;0&quot;,&quot;title&quot;:&quot;(\\u00d6ZEL HABER) \\u0130TFA\\u0130YE \\u00d6\\u011eRENC\\u0130S\\u0130 ATLET\\u0130ZMDE T\\u00dcRK\\u0130YE B\\u0130R\\u0130NC\\u0130S\\u0130 OLDU \\u0130TFA\\u0130YE VE YANGIN G\\u00dcVENL\\u0130\\u011e\\u0130 \\u00d6\\u011eRENC\\u0130S\\u0130 BURAK KARATA\\u015e: \\u0022HEDEF\\u0130M, ATLET\\u0130ZMDE M\\u0130LL\\u0130 TAKIM FORMASINI EN \\u0130Y\\u0130 \\u015eEK\\u0130LDE TA\\u015eIMAK\\u0022&quot;,&quot;orientation&quot;:&quot;0&quot;}\" data-image-title=\"(\u00d6zel Haber) \u0130tfaiye \u00f6\u011frencisi atletizmde T\u00fcrkiye birincisi oldu\" data-image-description=\"&lt;p&gt;(\u00d6zel Haber) \u0130tfaiye \u00f6\u011frencisi atletizmde T\u00fcrkiye birincisi oldu&lt;\/p&gt; \" data-medium-file=\"https:\/\/i0.wp.com\/www.tvturk.com\/wp-content\/uploads\/2019\/02\/ozel-haber-itfaiye-ogrencisi-atletizmde-turkiye-birincisi-oldu_d47d412.jpg?fit=300%2C200\" data-large-file=\"https:\/\/i0.wp.com\/www.tvturk.com\/wp-content\/uploads\/2019\/02\/ozel-haber-itfaiye-ogrencisi-atletizmde-turkiye-birincisi-oldu_d47d412.jpg?fit=1000%2C666\" src=\"https:\/\/i0.wp.com\/www.tvturk.com\/wp-content\/uploads\/2019\/02\/ozel-haber-itfaiye-ogrencisi-atletizmde-turkiye-birincisi-oldu_d47d412.jpg?w=163&#038;h=108\" srcset=\"https:\/\/i0.wp.com\/www.tvturk.com\/wp-content\/uploads\/2019\/02\/ozel-haber-itfaiye-ogrencisi-atletizmde-turkiye-birincisi-oldu_d47d412.jpg?w=1000 1000w, https:\/\/i0.wp.com\/www.tvturk.com\/wp-content\/uploads\/2019\/02\/ozel-haber-itfaiye-ogrencisi-atletizmde-turkiye-birincisi-oldu_d47d412.jpg?resize=150%2C100 150w, https:\/\/i0.wp.com\/www.tvturk.com\/wp-content\/uploads\/2019\/02\/ozel-haber-itfaiye-ogrencisi-atletizmde-turkiye-birincisi-oldu_d47d412.jpg?resize=300%2C200 300w, https:\/\/i0.wp.com\/www.tvturk.com\/wp-content\/uploads\/2019\/02\/ozel-haber-itfaiye-ogrencisi-atletizmde-turkiye-birincisi-oldu_d47d412.jpg?resize=768%2C511 768w, https:\/\/i0.wp.com\/www.tvturk.com\/wp-content\/uploads\/2019\/02\/ozel-haber-itfaiye-ogrencisi-atletizmde-turkiye-birincisi-oldu_d47d412.jpg?resize=170%2C113 170w, https:\/\/i0.wp.com\/www.tvturk.com\/wp-content\/uploads\/2019\/02\/ozel-haber-itfaiye-ogrencisi-atletizmde-turkiye-birincisi-oldu_d47d412.jpg?resize=120%2C80 120w\" width=\"163\" height=\"108\" loading=\"lazy\" data-original-width=\"163\" data-original-height=\"108\" itemprop=\"http:\/\/schema.org\/image\" title=\"(\u00d6zel Haber) \u0130tfaiye \u00f6\u011frencisi atletizmde T\u00fcrkiye birincisi oldu\" alt=\"(\u00d6zel Haber) \u0130tfaiye \u00f6\u011frencisi atletizmde T\u00fcrkiye birincisi oldu\" style=\"width: 163px; height: 108px;\" \/> <\/a> <\/div> <\/div> <!-- close group --> <div class=\"gallery-group images-1\" style=\"width: 166px; height: 112px;\" data-original-width=\"166\" data-original-height=\"112\" > <div class=\"tiled-gallery-item tiled-gallery-item-small\" itemprop=\"associatedMedia\" itemscope itemtype=\"http:\/\/schema.org\/ImageObject\"> <a href=\"http:\/\/www.tvturk.com\/index.php\/ozel-haber-itfaiye-ogrencisi-atletizmde-turkiye-birincisi-oldu\/ozel-haber-itfaiye-ogrencisi-atletizmde-turkiye-birincisi-oldu-8\/\" border=\"0\" itemprop=\"url\"> <meta itemprop=\"width\" content=\"162\"> <meta itemprop=\"height\" content=\"108\"> <img decoding=\"async\" class=\"\" data-attachment-id=\"15652\" data-orig-file=\"http:\/\/www.tvturk.com\/wp-content\/uploads\/2019\/02\/ozel-haber-itfaiye-ogrencisi-atletizmde-turkiye-birincisi-oldu_2338b2b.jpg\" data-orig-size=\"1000,666\" data-comments-opened=\"\" data-image-meta=\"{&quot;aperture&quot;:&quot;0&quot;,&quot;credit&quot;:&quot;IHA&quot;,&quot;camera&quot;:&quot;&quot;,&quot;caption&quot;:&quot;KAYSER\\u0130\\u0027DE AH\\u0130 EVRAN MESLEK\\u0130 VE TEKN\\u0130K ANADOLU L\\u0130SES\\u0130\\u0027NDE \\u0130TFA\\u0130YE VE YANGIN G\\u00dcVENL\\u0130\\u011e\\u0130 B\\u00d6L\\u00dcM\\u00dc \\u00d6\\u011eRENC\\u0130S\\u0130 BURAK KARATA\\u015e, \\u0130Y\\u0130 B\\u0130R \\u0130TFA\\u0130YEC\\u0130L\\u0130\\u011e\\u0130N YANI SIRA ATLET\\u0130ZMDE M\\u0130LL\\u0130 TAKIM FORMASI G\\u0130YME HAYALLER\\u0130N\\u0130N PE\\u015e\\u0130NDEN KO\\u015eARAK, 200 METRE KO\\u015eUDA T\\u00dcRK\\u0130YE B\\u0130R\\u0130NC\\u0130S\\u0130 OLDU. (TURAN BULUT\\\/KAYSER\\u0130-\\u0130HA)&quot;,&quot;created_timestamp&quot;:&quot;0&quot;,&quot;copyright&quot;:&quot;\\u0130HLAS HABER AJANSI, www.iha.com.tr&quot;,&quot;focal_length&quot;:&quot;0&quot;,&quot;iso&quot;:&quot;0&quot;,&quot;shutter_speed&quot;:&quot;0&quot;,&quot;title&quot;:&quot;(\\u00d6ZEL HABER) \\u0130TFA\\u0130YE \\u00d6\\u011eRENC\\u0130S\\u0130 ATLET\\u0130ZMDE T\\u00dcRK\\u0130YE B\\u0130R\\u0130NC\\u0130S\\u0130 OLDU \\u0130TFA\\u0130YE VE YANGIN G\\u00dcVENL\\u0130\\u011e\\u0130 \\u00d6\\u011eRENC\\u0130S\\u0130 BURAK KARATA\\u015e: \\u0022HEDEF\\u0130M, ATLET\\u0130ZMDE M\\u0130LL\\u0130 TAKIM FORMASINI EN \\u0130Y\\u0130 \\u015eEK\\u0130LDE TA\\u015eIMAK\\u0022&quot;,&quot;orientation&quot;:&quot;0&quot;}\" data-image-title=\"(\u00d6zel Haber) \u0130tfaiye \u00f6\u011frencisi atletizmde T\u00fcrkiye birincisi oldu\" data-image-description=\"&lt;p&gt;(\u00d6zel Haber) \u0130tfaiye \u00f6\u011frencisi atletizmde T\u00fcrkiye birincisi oldu&lt;\/p&gt; \" data-medium-file=\"https:\/\/i0.wp.com\/www.tvturk.com\/wp-content\/uploads\/2019\/02\/ozel-haber-itfaiye-ogrencisi-atletizmde-turkiye-birincisi-oldu_2338b2b.jpg?fit=300%2C200\" data-large-file=\"https:\/\/i0.wp.com\/www.tvturk.com\/wp-content\/uploads\/2019\/02\/ozel-haber-itfaiye-ogrencisi-atletizmde-turkiye-birincisi-oldu_2338b2b.jpg?fit=1000%2C666\" src=\"https:\/\/i0.wp.com\/www.tvturk.com\/wp-content\/uploads\/2019\/02\/ozel-haber-itfaiye-ogrencisi-atletizmde-turkiye-birincisi-oldu_2338b2b.jpg?w=162&#038;h=108\" srcset=\"https:\/\/i0.wp.com\/www.tvturk.com\/wp-content\/uploads\/2019\/02\/ozel-haber-itfaiye-ogrencisi-atletizmde-turkiye-birincisi-oldu_2338b2b.jpg?w=1000 1000w, https:\/\/i0.wp.com\/www.tvturk.com\/wp-content\/uploads\/2019\/02\/ozel-haber-itfaiye-ogrencisi-atletizmde-turkiye-birincisi-oldu_2338b2b.jpg?resize=150%2C100 150w, https:\/\/i0.wp.com\/www.tvturk.com\/wp-content\/uploads\/2019\/02\/ozel-haber-itfaiye-ogrencisi-atletizmde-turkiye-birincisi-oldu_2338b2b.jpg?resize=300%2C200 300w, https:\/\/i0.wp.com\/www.tvturk.com\/wp-content\/uploads\/2019\/02\/ozel-haber-itfaiye-ogrencisi-atletizmde-turkiye-birincisi-oldu_2338b2b.jpg?resize=768%2C511 768w, https:\/\/i0.wp.com\/www.tvturk.com\/wp-content\/uploads\/2019\/02\/ozel-haber-itfaiye-ogrencisi-atletizmde-turkiye-birincisi-oldu_2338b2b.jpg?resize=170%2C113 170w, https:\/\/i0.wp.com\/www.tvturk.com\/wp-content\/uploads\/2019\/02\/ozel-haber-itfaiye-ogrencisi-atletizmde-turkiye-birincisi-oldu_2338b2b.jpg?resize=120%2C80 120w\" width=\"162\" height=\"108\" loading=\"lazy\" data-original-width=\"162\" data-original-height=\"108\" itemprop=\"http:\/\/schema.org\/image\" title=\"(\u00d6zel Haber) \u0130tfaiye \u00f6\u011frencisi atletizmde T\u00fcrkiye birincisi oldu\" alt=\"(\u00d6zel Haber) \u0130tfaiye \u00f6\u011frencisi atletizmde T\u00fcrkiye birincisi oldu\" style=\"width: 162px; height: 108px;\" \/> <\/a> <\/div> <\/div> <!-- close group --> <\/div> <!-- close row --> <div class=\"gallery-row\" style=\"width: 500px; height: 224px;\" data-original-width=\"500\" data-original-height=\"224\" > <div class=\"gallery-group images-2\" style=\"width: 166px; height: 224px;\" data-original-width=\"166\" data-original-height=\"224\" > <div class=\"tiled-gallery-item tiled-gallery-item-small\" itemprop=\"associatedMedia\" itemscope itemtype=\"http:\/\/schema.org\/ImageObject\"> <a href=\"http:\/\/www.tvturk.com\/index.php\/ozel-haber-itfaiye-ogrencisi-atletizmde-turkiye-birincisi-oldu\/ozel-haber-itfaiye-ogrencisi-atletizmde-turkiye-birincisi-oldu-9\/\" border=\"0\" itemprop=\"url\"> <meta itemprop=\"width\" content=\"162\"> <meta itemprop=\"height\" content=\"108\"> <img decoding=\"async\" class=\"\" data-attachment-id=\"15653\" data-orig-file=\"http:\/\/www.tvturk.com\/wp-content\/uploads\/2019\/02\/ozel-haber-itfaiye-ogrencisi-atletizmde-turkiye-birincisi-oldu_bc32e65.jpg\" data-orig-size=\"1000,666\" data-comments-opened=\"\" data-image-meta=\"{&quot;aperture&quot;:&quot;0&quot;,&quot;credit&quot;:&quot;IHA&quot;,&quot;camera&quot;:&quot;&quot;,&quot;caption&quot;:&quot;KAYSER\\u0130\\u0027DE AH\\u0130 EVRAN MESLEK\\u0130 VE TEKN\\u0130K ANADOLU L\\u0130SES\\u0130\\u0027NDE \\u0130TFA\\u0130YE VE YANGIN G\\u00dcVENL\\u0130\\u011e\\u0130 B\\u00d6L\\u00dcM\\u00dc \\u00d6\\u011eRENC\\u0130S\\u0130 BURAK KARATA\\u015e, \\u0130Y\\u0130 B\\u0130R \\u0130TFA\\u0130YEC\\u0130L\\u0130\\u011e\\u0130N YANI SIRA ATLET\\u0130ZMDE M\\u0130LL\\u0130 TAKIM FORMASI G\\u0130YME HAYALLER\\u0130N\\u0130N PE\\u015e\\u0130NDEN KO\\u015eARAK, 200 METRE KO\\u015eUDA T\\u00dcRK\\u0130YE B\\u0130R\\u0130NC\\u0130S\\u0130 OLDU. (TURAN BULUT\\\/KAYSER\\u0130-\\u0130HA)&quot;,&quot;created_timestamp&quot;:&quot;0&quot;,&quot;copyright&quot;:&quot;\\u0130HLAS HABER AJANSI, www.iha.com.tr&quot;,&quot;focal_length&quot;:&quot;0&quot;,&quot;iso&quot;:&quot;0&quot;,&quot;shutter_speed&quot;:&quot;0&quot;,&quot;title&quot;:&quot;(\\u00d6ZEL HABER) \\u0130TFA\\u0130YE \\u00d6\\u011eRENC\\u0130S\\u0130 ATLET\\u0130ZMDE T\\u00dcRK\\u0130YE B\\u0130R\\u0130NC\\u0130S\\u0130 OLDU \\u0130TFA\\u0130YE VE YANGIN G\\u00dcVENL\\u0130\\u011e\\u0130 \\u00d6\\u011eRENC\\u0130S\\u0130 BURAK KARATA\\u015e: \\u0022HEDEF\\u0130M, ATLET\\u0130ZMDE M\\u0130LL\\u0130 TAKIM FORMASINI EN \\u0130Y\\u0130 \\u015eEK\\u0130LDE TA\\u015eIMAK\\u0022&quot;,&quot;orientation&quot;:&quot;0&quot;}\" data-image-title=\"(\u00d6zel Haber) \u0130tfaiye \u00f6\u011frencisi atletizmde T\u00fcrkiye birincisi oldu\" data-image-description=\"&lt;p&gt;(\u00d6zel Haber) \u0130tfaiye \u00f6\u011frencisi atletizmde T\u00fcrkiye birincisi oldu&lt;\/p&gt; \" data-medium-file=\"https:\/\/i0.wp.com\/www.tvturk.com\/wp-content\/uploads\/2019\/02\/ozel-haber-itfaiye-ogrencisi-atletizmde-turkiye-birincisi-oldu_bc32e65.jpg?fit=300%2C200\" data-large-file=\"https:\/\/i0.wp.com\/www.tvturk.com\/wp-content\/uploads\/2019\/02\/ozel-haber-itfaiye-ogrencisi-atletizmde-turkiye-birincisi-oldu_bc32e65.jpg?fit=1000%2C666\" src=\"https:\/\/i0.wp.com\/www.tvturk.com\/wp-content\/uploads\/2019\/02\/ozel-haber-itfaiye-ogrencisi-atletizmde-turkiye-birincisi-oldu_bc32e65.jpg?w=162&#038;h=108\" srcset=\"https:\/\/i0.wp.com\/www.tvturk.com\/wp-content\/uploads\/2019\/02\/ozel-haber-itfaiye-ogrencisi-atletizmde-turkiye-birincisi-oldu_bc32e65.jpg?w=1000 1000w, https:\/\/i0.wp.com\/www.tvturk.com\/wp-content\/uploads\/2019\/02\/ozel-haber-itfaiye-ogrencisi-atletizmde-turkiye-birincisi-oldu_bc32e65.jpg?resize=150%2C100 150w, https:\/\/i0.wp.com\/www.tvturk.com\/wp-content\/uploads\/2019\/02\/ozel-haber-itfaiye-ogrencisi-atletizmde-turkiye-birincisi-oldu_bc32e65.jpg?resize=300%2C200 300w, https:\/\/i0.wp.com\/www.tvturk.com\/wp-content\/uploads\/2019\/02\/ozel-haber-itfaiye-ogrencisi-atletizmde-turkiye-birincisi-oldu_bc32e65.jpg?resize=768%2C511 768w, https:\/\/i0.wp.com\/www.tvturk.com\/wp-content\/uploads\/2019\/02\/ozel-haber-itfaiye-ogrencisi-atletizmde-turkiye-birincisi-oldu_bc32e65.jpg?resize=170%2C113 170w, https:\/\/i0.wp.com\/www.tvturk.com\/wp-content\/uploads\/2019\/02\/ozel-haber-itfaiye-ogrencisi-atletizmde-turkiye-birincisi-oldu_bc32e65.jpg?resize=120%2C80 120w\" width=\"162\" height=\"108\" loading=\"lazy\" data-original-width=\"162\" data-original-height=\"108\" itemprop=\"http:\/\/schema.org\/image\" title=\"(\u00d6zel Haber) \u0130tfaiye \u00f6\u011frencisi atletizmde T\u00fcrkiye birincisi oldu\" alt=\"(\u00d6zel Haber) \u0130tfaiye \u00f6\u011frencisi atletizmde T\u00fcrkiye birincisi oldu\" style=\"width: 162px; height: 108px;\" \/> <\/a> <\/div> <div class=\"tiled-gallery-item tiled-gallery-item-small\" itemprop=\"associatedMedia\" itemscope itemtype=\"http:\/\/schema.org\/ImageObject\"> <a href=\"http:\/\/www.tvturk.com\/index.php\/ozel-haber-itfaiye-ogrencisi-atletizmde-turkiye-birincisi-oldu\/ozel-haber-itfaiye-ogrencisi-atletizmde-turkiye-birincisi-oldu-10\/\" border=\"0\" itemprop=\"url\"> <meta itemprop=\"width\" content=\"162\"> <meta itemprop=\"height\" content=\"108\"> <img decoding=\"async\" class=\"\" data-attachment-id=\"15654\" data-orig-file=\"http:\/\/www.tvturk.com\/wp-content\/uploads\/2019\/02\/ozel-haber-itfaiye-ogrencisi-atletizmde-turkiye-birincisi-oldu_66c6b73.jpg\" data-orig-size=\"1000,666\" data-comments-opened=\"\" data-image-meta=\"{&quot;aperture&quot;:&quot;0&quot;,&quot;credit&quot;:&quot;IHA&quot;,&quot;camera&quot;:&quot;&quot;,&quot;caption&quot;:&quot;KAYSER\\u0130\\u0027DE AH\\u0130 EVRAN MESLEK\\u0130 VE TEKN\\u0130K ANADOLU L\\u0130SES\\u0130\\u0027NDE \\u0130TFA\\u0130YE VE YANGIN G\\u00dcVENL\\u0130\\u011e\\u0130 B\\u00d6L\\u00dcM\\u00dc \\u00d6\\u011eRENC\\u0130S\\u0130 BURAK KARATA\\u015e, \\u0130Y\\u0130 B\\u0130R \\u0130TFA\\u0130YEC\\u0130L\\u0130\\u011e\\u0130N YANI SIRA ATLET\\u0130ZMDE M\\u0130LL\\u0130 TAKIM FORMASI G\\u0130YME HAYALLER\\u0130N\\u0130N PE\\u015e\\u0130NDEN KO\\u015eARAK, 200 METRE KO\\u015eUDA T\\u00dcRK\\u0130YE B\\u0130R\\u0130NC\\u0130S\\u0130 OLDU. (TURAN BULUT\\\/KAYSER\\u0130-\\u0130HA)&quot;,&quot;created_timestamp&quot;:&quot;0&quot;,&quot;copyright&quot;:&quot;\\u0130HLAS HABER AJANSI, www.iha.com.tr&quot;,&quot;focal_length&quot;:&quot;0&quot;,&quot;iso&quot;:&quot;0&quot;,&quot;shutter_speed&quot;:&quot;0&quot;,&quot;title&quot;:&quot;(\\u00d6ZEL HABER) \\u0130TFA\\u0130YE \\u00d6\\u011eRENC\\u0130S\\u0130 ATLET\\u0130ZMDE T\\u00dcRK\\u0130YE B\\u0130R\\u0130NC\\u0130S\\u0130 OLDU \\u0130TFA\\u0130YE VE YANGIN G\\u00dcVENL\\u0130\\u011e\\u0130 \\u00d6\\u011eRENC\\u0130S\\u0130 BURAK KARATA\\u015e: \\u0022HEDEF\\u0130M, ATLET\\u0130ZMDE M\\u0130LL\\u0130 TAKIM FORMASINI EN \\u0130Y\\u0130 \\u015eEK\\u0130LDE TA\\u015eIMAK\\u0022&quot;,&quot;orientation&quot;:&quot;0&quot;}\" data-image-title=\"(\u00d6zel Haber) \u0130tfaiye \u00f6\u011frencisi atletizmde T\u00fcrkiye birincisi oldu\" data-image-description=\"&lt;p&gt;(\u00d6zel Haber) \u0130tfaiye \u00f6\u011frencisi atletizmde T\u00fcrkiye birincisi oldu&lt;\/p&gt; \" data-medium-file=\"https:\/\/i0.wp.com\/www.tvturk.com\/wp-content\/uploads\/2019\/02\/ozel-haber-itfaiye-ogrencisi-atletizmde-turkiye-birincisi-oldu_66c6b73.jpg?fit=300%2C200\" data-large-file=\"https:\/\/i0.wp.com\/www.tvturk.com\/wp-content\/uploads\/2019\/02\/ozel-haber-itfaiye-ogrencisi-atletizmde-turkiye-birincisi-oldu_66c6b73.jpg?fit=1000%2C666\" src=\"https:\/\/i0.wp.com\/www.tvturk.com\/wp-content\/uploads\/2019\/02\/ozel-haber-itfaiye-ogrencisi-atletizmde-turkiye-birincisi-oldu_66c6b73.jpg?w=162&#038;h=108\" srcset=\"https:\/\/i0.wp.com\/www.tvturk.com\/wp-content\/uploads\/2019\/02\/ozel-haber-itfaiye-ogrencisi-atletizmde-turkiye-birincisi-oldu_66c6b73.jpg?w=1000 1000w, https:\/\/i0.wp.com\/www.tvturk.com\/wp-content\/uploads\/2019\/02\/ozel-haber-itfaiye-ogrencisi-atletizmde-turkiye-birincisi-oldu_66c6b73.jpg?resize=150%2C100 150w, https:\/\/i0.wp.com\/www.tvturk.com\/wp-content\/uploads\/2019\/02\/ozel-haber-itfaiye-ogrencisi-atletizmde-turkiye-birincisi-oldu_66c6b73.jpg?resize=300%2C200 300w, https:\/\/i0.wp.com\/www.tvturk.com\/wp-content\/uploads\/2019\/02\/ozel-haber-itfaiye-ogrencisi-atletizmde-turkiye-birincisi-oldu_66c6b73.jpg?resize=768%2C511 768w, https:\/\/i0.wp.com\/www.tvturk.com\/wp-content\/uploads\/2019\/02\/ozel-haber-itfaiye-ogrencisi-atletizmde-turkiye-birincisi-oldu_66c6b73.jpg?resize=170%2C113 170w, https:\/\/i0.wp.com\/www.tvturk.com\/wp-content\/uploads\/2019\/02\/ozel-haber-itfaiye-ogrencisi-atletizmde-turkiye-birincisi-oldu_66c6b73.jpg?resize=120%2C80 120w\" width=\"162\" height=\"108\" loading=\"lazy\" data-original-width=\"162\" data-original-height=\"108\" itemprop=\"http:\/\/schema.org\/image\" title=\"(\u00d6zel Haber) \u0130tfaiye \u00f6\u011frencisi atletizmde T\u00fcrkiye birincisi oldu\" alt=\"(\u00d6zel Haber) \u0130tfaiye \u00f6\u011frencisi atletizmde T\u00fcrkiye birincisi oldu\" style=\"width: 162px; height: 108px;\" \/> <\/a> <\/div> <\/div> <!-- close group --> <div class=\"gallery-group images-1\" style=\"width: 334px; height: 224px;\" data-original-width=\"334\" data-original-height=\"224\" > <div class=\"tiled-gallery-item tiled-gallery-item-large\" itemprop=\"associatedMedia\" itemscope itemtype=\"http:\/\/schema.org\/ImageObject\"> <a href=\"http:\/\/www.tvturk.com\/index.php\/ozel-haber-itfaiye-ogrencisi-atletizmde-turkiye-birincisi-oldu\/ozel-haber-itfaiye-ogrencisi-atletizmde-turkiye-birincisi-oldu-11\/\" border=\"0\" itemprop=\"url\"> <meta itemprop=\"width\" content=\"330\"> <meta itemprop=\"height\" content=\"220\"> <img decoding=\"async\" class=\"\" data-attachment-id=\"15655\" data-orig-file=\"http:\/\/www.tvturk.com\/wp-content\/uploads\/2019\/02\/ozel-haber-itfaiye-ogrencisi-atletizmde-turkiye-birincisi-oldu_30b6420.jpg\" data-orig-size=\"1000,666\" data-comments-opened=\"\" data-image-meta=\"{&quot;aperture&quot;:&quot;0&quot;,&quot;credit&quot;:&quot;IHA&quot;,&quot;camera&quot;:&quot;&quot;,&quot;caption&quot;:&quot;KAYSER\\u0130\\u0027DE AH\\u0130 EVRAN MESLEK\\u0130 VE TEKN\\u0130K ANADOLU L\\u0130SES\\u0130\\u0027NDE \\u0130TFA\\u0130YE VE YANGIN G\\u00dcVENL\\u0130\\u011e\\u0130 B\\u00d6L\\u00dcM\\u00dc \\u00d6\\u011eRENC\\u0130S\\u0130 BURAK KARATA\\u015e, \\u0130Y\\u0130 B\\u0130R \\u0130TFA\\u0130YEC\\u0130L\\u0130\\u011e\\u0130N YANI SIRA ATLET\\u0130ZMDE M\\u0130LL\\u0130 TAKIM FORMASI G\\u0130YME HAYALLER\\u0130N\\u0130N PE\\u015e\\u0130NDEN KO\\u015eARAK, 200 METRE KO\\u015eUDA T\\u00dcRK\\u0130YE B\\u0130R\\u0130NC\\u0130S\\u0130 OLDU. (TURAN BULUT\\\/KAYSER\\u0130-\\u0130HA)&quot;,&quot;created_timestamp&quot;:&quot;0&quot;,&quot;copyright&quot;:&quot;\\u0130HLAS HABER AJANSI, www.iha.com.tr&quot;,&quot;focal_length&quot;:&quot;0&quot;,&quot;iso&quot;:&quot;0&quot;,&quot;shutter_speed&quot;:&quot;0&quot;,&quot;title&quot;:&quot;(\\u00d6ZEL HABER) \\u0130TFA\\u0130YE \\u00d6\\u011eRENC\\u0130S\\u0130 ATLET\\u0130ZMDE T\\u00dcRK\\u0130YE B\\u0130R\\u0130NC\\u0130S\\u0130 OLDU \\u0130TFA\\u0130YE VE YANGIN G\\u00dcVENL\\u0130\\u011e\\u0130 \\u00d6\\u011eRENC\\u0130S\\u0130 BURAK KARATA\\u015e: \\u0022HEDEF\\u0130M, ATLET\\u0130ZMDE M\\u0130LL\\u0130 TAKIM FORMASINI EN \\u0130Y\\u0130 \\u015eEK\\u0130LDE TA\\u015eIMAK\\u0022&quot;,&quot;orientation&quot;:&quot;0&quot;}\" data-image-title=\"(\u00d6zel Haber) \u0130tfaiye \u00f6\u011frencisi atletizmde T\u00fcrkiye birincisi oldu\" data-image-description=\"&lt;p&gt;(\u00d6zel Haber) \u0130tfaiye \u00f6\u011frencisi atletizmde T\u00fcrkiye birincisi oldu&lt;\/p&gt; \" data-medium-file=\"https:\/\/i0.wp.com\/www.tvturk.com\/wp-content\/uploads\/2019\/02\/ozel-haber-itfaiye-ogrencisi-atletizmde-turkiye-birincisi-oldu_30b6420.jpg?fit=300%2C200\" data-large-file=\"https:\/\/i0.wp.com\/www.tvturk.com\/wp-content\/uploads\/2019\/02\/ozel-haber-itfaiye-ogrencisi-atletizmde-turkiye-birincisi-oldu_30b6420.jpg?fit=1000%2C666\" src=\"https:\/\/i0.wp.com\/www.tvturk.com\/wp-content\/uploads\/2019\/02\/ozel-haber-itfaiye-ogrencisi-atletizmde-turkiye-birincisi-oldu_30b6420.jpg?w=330&#038;h=220\" srcset=\"https:\/\/i0.wp.com\/www.tvturk.com\/wp-content\/uploads\/2019\/02\/ozel-haber-itfaiye-ogrencisi-atletizmde-turkiye-birincisi-oldu_30b6420.jpg?w=1000 1000w, https:\/\/i0.wp.com\/www.tvturk.com\/wp-content\/uploads\/2019\/02\/ozel-haber-itfaiye-ogrencisi-atletizmde-turkiye-birincisi-oldu_30b6420.jpg?resize=150%2C100 150w, https:\/\/i0.wp.com\/www.tvturk.com\/wp-content\/uploads\/2019\/02\/ozel-haber-itfaiye-ogrencisi-atletizmde-turkiye-birincisi-oldu_30b6420.jpg?resize=300%2C200 300w, https:\/\/i0.wp.com\/www.tvturk.com\/wp-content\/uploads\/2019\/02\/ozel-haber-itfaiye-ogrencisi-atletizmde-turkiye-birincisi-oldu_30b6420.jpg?resize=768%2C511 768w, https:\/\/i0.wp.com\/www.tvturk.com\/wp-content\/uploads\/2019\/02\/ozel-haber-itfaiye-ogrencisi-atletizmde-turkiye-birincisi-oldu_30b6420.jpg?resize=170%2C113 170w, https:\/\/i0.wp.com\/www.tvturk.com\/wp-content\/uploads\/2019\/02\/ozel-haber-itfaiye-ogrencisi-atletizmde-turkiye-birincisi-oldu_30b6420.jpg?resize=120%2C80 120w\" width=\"330\" height=\"220\" loading=\"lazy\" data-original-width=\"330\" data-original-height=\"220\" itemprop=\"http:\/\/schema.org\/image\" title=\"(\u00d6zel Haber) \u0130tfaiye \u00f6\u011frencisi atletizmde T\u00fcrkiye birincisi oldu\" alt=\"(\u00d6zel Haber) \u0130tfaiye \u00f6\u011frencisi atletizmde T\u00fcrkiye birincisi oldu\" style=\"width: 330px; height: 220px;\" \/> <\/a> <\/div> <\/div> <!-- close group --> <\/div> <!-- close row --> <div class=\"gallery-row\" style=\"width: 500px; height: 231px;\" data-original-width=\"500\" data-original-height=\"231\" > <div class=\"gallery-group images-1\" style=\"width: 345px; height: 231px;\" data-original-width=\"345\" data-original-height=\"231\" > <div class=\"tiled-gallery-item tiled-gallery-item-large\" itemprop=\"associatedMedia\" itemscope itemtype=\"http:\/\/schema.org\/ImageObject\"> <a href=\"http:\/\/www.tvturk.com\/index.php\/ozel-haber-itfaiye-ogrencisi-atletizmde-turkiye-birincisi-oldu\/ozel-haber-itfaiye-ogrencisi-atletizmde-turkiye-birincisi-oldu-12\/\" border=\"0\" itemprop=\"url\"> <meta itemprop=\"width\" content=\"341\"> <meta itemprop=\"height\" content=\"227\"> <img decoding=\"async\" class=\"\" data-attachment-id=\"15656\" data-orig-file=\"http:\/\/www.tvturk.com\/wp-content\/uploads\/2019\/02\/ozel-haber-itfaiye-ogrencisi-atletizmde-turkiye-birincisi-oldu_e3a1649.jpg\" data-orig-size=\"1000,666\" data-comments-opened=\"\" data-image-meta=\"{&quot;aperture&quot;:&quot;0&quot;,&quot;credit&quot;:&quot;IHA&quot;,&quot;camera&quot;:&quot;&quot;,&quot;caption&quot;:&quot;KAYSER\\u0130\\u0027DE AH\\u0130 EVRAN MESLEK\\u0130 VE TEKN\\u0130K ANADOLU L\\u0130SES\\u0130\\u0027NDE \\u0130TFA\\u0130YE VE YANGIN G\\u00dcVENL\\u0130\\u011e\\u0130 B\\u00d6L\\u00dcM\\u00dc \\u00d6\\u011eRENC\\u0130S\\u0130 BURAK KARATA\\u015e, \\u0130Y\\u0130 B\\u0130R \\u0130TFA\\u0130YEC\\u0130L\\u0130\\u011e\\u0130N YANI SIRA ATLET\\u0130ZMDE M\\u0130LL\\u0130 TAKIM FORMASI G\\u0130YME HAYALLER\\u0130N\\u0130N PE\\u015e\\u0130NDEN KO\\u015eARAK, 200 METRE KO\\u015eUDA T\\u00dcRK\\u0130YE B\\u0130R\\u0130NC\\u0130S\\u0130 OLDU. (TURAN BULUT\\\/KAYSER\\u0130-\\u0130HA)&quot;,&quot;created_timestamp&quot;:&quot;0&quot;,&quot;copyright&quot;:&quot;\\u0130HLAS HABER AJANSI, www.iha.com.tr&quot;,&quot;focal_length&quot;:&quot;0&quot;,&quot;iso&quot;:&quot;0&quot;,&quot;shutter_speed&quot;:&quot;0&quot;,&quot;title&quot;:&quot;(\\u00d6ZEL HABER) \\u0130TFA\\u0130YE \\u00d6\\u011eRENC\\u0130S\\u0130 ATLET\\u0130ZMDE T\\u00dcRK\\u0130YE B\\u0130R\\u0130NC\\u0130S\\u0130 OLDU \\u0130TFA\\u0130YE VE YANGIN G\\u00dcVENL\\u0130\\u011e\\u0130 \\u00d6\\u011eRENC\\u0130S\\u0130 BURAK KARATA\\u015e: \\u0022HEDEF\\u0130M, ATLET\\u0130ZMDE M\\u0130LL\\u0130 TAKIM FORMASINI EN \\u0130Y\\u0130 \\u015eEK\\u0130LDE TA\\u015eIMAK\\u0022&quot;,&quot;orientation&quot;:&quot;0&quot;}\" data-image-title=\"(\u00d6zel Haber) \u0130tfaiye \u00f6\u011frencisi atletizmde T\u00fcrkiye birincisi oldu\" data-image-description=\"&lt;p&gt;(\u00d6zel Haber) \u0130tfaiye \u00f6\u011frencisi atletizmde T\u00fcrkiye birincisi oldu&lt;\/p&gt; \" data-medium-file=\"https:\/\/i0.wp.com\/www.tvturk.com\/wp-content\/uploads\/2019\/02\/ozel-haber-itfaiye-ogrencisi-atletizmde-turkiye-birincisi-oldu_e3a1649.jpg?fit=300%2C200\" data-large-file=\"https:\/\/i0.wp.com\/www.tvturk.com\/wp-content\/uploads\/2019\/02\/ozel-haber-itfaiye-ogrencisi-atletizmde-turkiye-birincisi-oldu_e3a1649.jpg?fit=1000%2C666\" src=\"https:\/\/i0.wp.com\/www.tvturk.com\/wp-content\/uploads\/2019\/02\/ozel-haber-itfaiye-ogrencisi-atletizmde-turkiye-birincisi-oldu_e3a1649.jpg?w=341&#038;h=227\" srcset=\"https:\/\/i0.wp.com\/www.tvturk.com\/wp-content\/uploads\/2019\/02\/ozel-haber-itfaiye-ogrencisi-atletizmde-turkiye-birincisi-oldu_e3a1649.jpg?w=1000 1000w, https:\/\/i0.wp.com\/www.tvturk.com\/wp-content\/uploads\/2019\/02\/ozel-haber-itfaiye-ogrencisi-atletizmde-turkiye-birincisi-oldu_e3a1649.jpg?resize=150%2C100 150w, https:\/\/i0.wp.com\/www.tvturk.com\/wp-content\/uploads\/2019\/02\/ozel-haber-itfaiye-ogrencisi-atletizmde-turkiye-birincisi-oldu_e3a1649.jpg?resize=300%2C200 300w, https:\/\/i0.wp.com\/www.tvturk.com\/wp-content\/uploads\/2019\/02\/ozel-haber-itfaiye-ogrencisi-atletizmde-turkiye-birincisi-oldu_e3a1649.jpg?resize=768%2C511 768w, https:\/\/i0.wp.com\/www.tvturk.com\/wp-content\/uploads\/2019\/02\/ozel-haber-itfaiye-ogrencisi-atletizmde-turkiye-birincisi-oldu_e3a1649.jpg?resize=170%2C113 170w, https:\/\/i0.wp.com\/www.tvturk.com\/wp-content\/uploads\/2019\/02\/ozel-haber-itfaiye-ogrencisi-atletizmde-turkiye-birincisi-oldu_e3a1649.jpg?resize=120%2C80 120w\" width=\"341\" height=\"227\" loading=\"lazy\" data-original-width=\"341\" data-original-height=\"227\" itemprop=\"http:\/\/schema.org\/image\" title=\"(\u00d6zel Haber) \u0130tfaiye \u00f6\u011frencisi atletizmde T\u00fcrkiye birincisi oldu\" alt=\"(\u00d6zel Haber) \u0130tfaiye \u00f6\u011frencisi atletizmde T\u00fcrkiye birincisi oldu\" style=\"width: 341px; height: 227px;\" \/> <\/a> <\/div> <\/div> <!-- close group --> <div class=\"gallery-group images-1\" style=\"width: 155px; height: 231px;\" data-original-width=\"155\" data-original-height=\"231\" > <div class=\"tiled-gallery-item tiled-gallery-item-small\" itemprop=\"associatedMedia\" itemscope itemtype=\"http:\/\/schema.org\/ImageObject\"> <a href=\"http:\/\/www.tvturk.com\/index.php\/ozel-haber-itfaiye-ogrencisi-atletizmde-turkiye-birincisi-oldu\/ozel-haber-itfaiye-ogrencisi-atletizmde-turkiye-birincisi-oldu-13\/\" border=\"0\" itemprop=\"url\"> <meta itemprop=\"width\" content=\"151\"> <meta itemprop=\"height\" content=\"227\"> <img decoding=\"async\" class=\"\" data-attachment-id=\"15657\" data-orig-file=\"http:\/\/www.tvturk.com\/wp-content\/uploads\/2019\/02\/ozel-haber-itfaiye-ogrencisi-atletizmde-turkiye-birincisi-oldu_b3eed39.jpg\" data-orig-size=\"666,1000\" data-comments-opened=\"\" data-image-meta=\"{&quot;aperture&quot;:&quot;0&quot;,&quot;credit&quot;:&quot;IHA&quot;,&quot;camera&quot;:&quot;&quot;,&quot;caption&quot;:&quot;KAYSER\\u0130\\u0027DE AH\\u0130 EVRAN MESLEK\\u0130 VE TEKN\\u0130K ANADOLU L\\u0130SES\\u0130\\u0027NDE \\u0130TFA\\u0130YE VE YANGIN G\\u00dcVENL\\u0130\\u011e\\u0130 B\\u00d6L\\u00dcM\\u00dc \\u00d6\\u011eRENC\\u0130S\\u0130 BURAK KARATA\\u015e, \\u0130Y\\u0130 B\\u0130R \\u0130TFA\\u0130YEC\\u0130L\\u0130\\u011e\\u0130N YANI SIRA ATLET\\u0130ZMDE M\\u0130LL\\u0130 TAKIM FORMASI G\\u0130YME HAYALLER\\u0130N\\u0130N PE\\u015e\\u0130NDEN KO\\u015eARAK, 200 METRE KO\\u015eUDA T\\u00dcRK\\u0130YE B\\u0130R\\u0130NC\\u0130S\\u0130 OLDU. (TURAN BULUT\\\/KAYSER\\u0130-\\u0130HA)&quot;,&quot;created_timestamp&quot;:&quot;0&quot;,&quot;copyright&quot;:&quot;\\u0130HLAS HABER AJANSI, www.iha.com.tr&quot;,&quot;focal_length&quot;:&quot;0&quot;,&quot;iso&quot;:&quot;0&quot;,&quot;shutter_speed&quot;:&quot;0&quot;,&quot;title&quot;:&quot;(\\u00d6ZEL HABER) \\u0130TFA\\u0130YE \\u00d6\\u011eRENC\\u0130S\\u0130 ATLET\\u0130ZMDE T\\u00dcRK\\u0130YE B\\u0130R\\u0130NC\\u0130S\\u0130 OLDU \\u0130TFA\\u0130YE VE YANGIN G\\u00dcVENL\\u0130\\u011e\\u0130 \\u00d6\\u011eRENC\\u0130S\\u0130 BURAK KARATA\\u015e: \\u0022HEDEF\\u0130M, ATLET\\u0130ZMDE M\\u0130LL\\u0130 TAKIM FORMASINI EN \\u0130Y\\u0130 \\u015eEK\\u0130LDE TA\\u015eIMAK\\u0022&quot;,&quot;orientation&quot;:&quot;0&quot;}\" data-image-title=\"(\u00d6zel Haber) \u0130tfaiye \u00f6\u011frencisi atletizmde T\u00fcrkiye birincisi oldu\" data-image-description=\"&lt;p&gt;(\u00d6zel Haber) \u0130tfaiye \u00f6\u011frencisi atletizmde T\u00fcrkiye birincisi oldu&lt;\/p&gt; \" data-medium-file=\"https:\/\/i0.wp.com\/www.tvturk.com\/wp-content\/uploads\/2019\/02\/ozel-haber-itfaiye-ogrencisi-atletizmde-turkiye-birincisi-oldu_b3eed39.jpg?fit=200%2C300\" data-large-file=\"https:\/\/i0.wp.com\/www.tvturk.com\/wp-content\/uploads\/2019\/02\/ozel-haber-itfaiye-ogrencisi-atletizmde-turkiye-birincisi-oldu_b3eed39.jpg?fit=666%2C1000\" src=\"https:\/\/i0.wp.com\/www.tvturk.com\/wp-content\/uploads\/2019\/02\/ozel-haber-itfaiye-ogrencisi-atletizmde-turkiye-birincisi-oldu_b3eed39.jpg?w=151&#038;h=227\" srcset=\"https:\/\/i0.wp.com\/www.tvturk.com\/wp-content\/uploads\/2019\/02\/ozel-haber-itfaiye-ogrencisi-atletizmde-turkiye-birincisi-oldu_b3eed39.jpg?w=666 666w, https:\/\/i0.wp.com\/www.tvturk.com\/wp-content\/uploads\/2019\/02\/ozel-haber-itfaiye-ogrencisi-atletizmde-turkiye-birincisi-oldu_b3eed39.jpg?resize=100%2C150 100w, https:\/\/i0.wp.com\/www.tvturk.com\/wp-content\/uploads\/2019\/02\/ozel-haber-itfaiye-ogrencisi-atletizmde-turkiye-birincisi-oldu_b3eed39.jpg?resize=200%2C300 200w\" width=\"151\" height=\"227\" loading=\"lazy\" data-original-width=\"151\" data-original-height=\"227\" itemprop=\"http:\/\/schema.org\/image\" title=\"(\u00d6zel Haber) \u0130tfaiye \u00f6\u011frencisi atletizmde T\u00fcrkiye birincisi oldu\" alt=\"(\u00d6zel Haber) \u0130tfaiye \u00f6\u011frencisi atletizmde T\u00fcrkiye birincisi oldu\" style=\"width: 151px; height: 227px;\" \/> <\/a> <\/div> <\/div> <!-- close group --> <\/div> <!-- close row --> <\/div><\/p>\n","protected":false},"excerpt":{"rendered":"<p>KAYSER\u0130&#8217;DE AH\u0130 EVRAN MESLEK\u0130 VE TEKN\u0130K ANADOLU L\u0130SES\u0130&#8217;NDE \u0130TFA\u0130YE VE YANGIN G\u00dcVENL\u0130\u011e\u0130 B\u00d6L\u00dcM\u00dc \u00d6\u011eRENC\u0130S\u0130 BURAK KARATA\u015e, \u0130Y\u0130 B\u0130R \u0130TFA\u0130YEC\u0130L\u0130\u011e\u0130N YANI SIRA ATLET\u0130ZMDE M\u0130LL\u0130 TAKIM FORMASI G\u0130YME HAYALLER\u0130N\u0130N PE\u015e\u0130NDEN KO\u015eARAK, 200 METRE KO\u015eUDA T\u00dcRK\u0130YE B\u0130R\u0130NC\u0130S\u0130 OLDU.<\/p>\n","protected":false},"author":1,"featured_media":15646,"comment_status":"closed","ping_status":"open","sticky":false,"template":"","format":"standard","meta":{"jetpack_post_was_ever_published":false,"_jetpack_newsletter_access":"","_jetpack_dont_email_post_to_subs":false,"_jetpack_newsletter_tier_id":0,"_jetpack_memberships_contains_paywalled_content":false,"_jetpack_memberships_contains_paid_content":false,"footnotes":"","jetpack_publicize_message":"","jetpack_publicize_feature_enabled":true,"jetpack_social_post_already_shared":false,"jetpack_social_options":{"image_generator_settings":{"template":"highway","default_image_id":0,"font":"","enabled":false},"version":2}},"categories":[657],"tags":[1073,670,7552,1545,764,2056,77,453],"class_list":["post-15645","post","type-post","status-publish","format-standard","has-post-thumbnail","hentry","category-spor","tag-ozel","tag-atletizmde","tag-birincisi","tag-haber","tag-itfaiye","tag-ogrencisi","tag-oldu","tag-turkiye"],"jetpack_publicize_connections":[],"jetpack_featured_media_url":"https:\/\/i0.wp.com\/www.tvturk.com\/wp-content\/uploads\/2019\/02\/ozel-haber-itfaiye-ogrencisi-atletizmde-turkiye-birincisi-oldu_71f0806.jpg?fit=1000%2C666","jetpack_sharing_enabled":true,"jetpack_shortlink":"https:\/\/wp.me\/paKIfm-44l","_links":{"self":[{"href":"http:\/\/www.tvturk.com\/index.php\/wp-json\/wp\/v2\/posts\/15645","targetHints":{"allow":["GET"]}}],"collection":[{"href":"http:\/\/www.tvturk.com\/index.php\/wp-json\/wp\/v2\/posts"}],"about":[{"href":"http:\/\/www.tvturk.com\/index.php\/wp-json\/wp\/v2\/types\/post"}],"author":[{"embeddable":true,"href":"http:\/\/www.tvturk.com\/index.php\/wp-json\/wp\/v2\/users\/1"}],"replies":[{"embeddable":true,"href":"http:\/\/www.tvturk.com\/index.php\/wp-json\/wp\/v2\/comments?post=15645"}],"version-history":[{"count":1,"href":"http:\/\/www.tvturk.com\/index.php\/wp-json\/wp\/v2\/posts\/15645\/revisions"}],"predecessor-version":[{"id":15658,"href":"http:\/\/www.tvturk.com\/index.php\/wp-json\/wp\/v2\/posts\/15645\/revisions\/15658"}],"wp:featuredmedia":[{"embeddable":true,"href":"http:\/\/www.tvturk.com\/index.php\/wp-json\/wp\/v2\/media\/15646"}],"wp:attachment":[{"href":"http:\/\/www.tvturk.com\/index.php\/wp-json\/wp\/v2\/media?parent=15645"}],"wp:term":[{"taxonomy":"category","embeddable":true,"href":"http:\/\/www.tvturk.com\/index.php\/wp-json\/wp\/v2\/categories?post=15645"},{"taxonomy":"post_tag","embeddable":true,"href":"http:\/\/www.tvturk.com\/index.php\/wp-json\/wp\/v2\/tags?post=15645"}],"curies":[{"name":"wp","href":"https:\/\/api.w.org\/{rel}","templated":true}]}}