{"id":156472,"date":"2019-05-13T13:24:17","date_gmt":"2019-05-13T10:24:17","guid":{"rendered":"http:\/\/www.tvturk.com\/index.php\/uc-telli-ustasi-bakan-selcuka-cura-caldi\/"},"modified":"2019-05-13T13:24:17","modified_gmt":"2019-05-13T10:24:17","slug":"uc-telli-ustasi-bakan-selcuka-cura-caldi","status":"publish","type":"post","link":"http:\/\/www.tvturk.com\/index.php\/uc-telli-ustasi-bakan-selcuka-cura-caldi\/","title":{"rendered":"\u00dc\u00e7 telli ustas\u0131, Bakan Sel\u00e7uk\u2019a cura \u00e7ald\u0131"},"content":{"rendered":"<p>Sanat\u00e7\u0131 Emre Day\u0131o\u011flu, Milli E\u011fitim Bakan\u0131 Ziya Sel\u00e7uk\u2019a cura \u00e7ald\u0131.<\/p>\n<p>Antalya\u2019n\u0131n Ka\u015f il\u00e7esi Kalkan Turan Erdo\u011fan Y\u0131lmaz Fen Lisesi m\u00fczik \u00f6\u011fretmeni ve \u00fc\u00e7 telli ba\u011flama sanat\u00e7\u0131s\u0131 Emre Day\u0131o\u011flu, Milli E\u011fitim Bakan\u0131 Ziya Sel\u00e7uk\u2019u bakanl\u0131kta ziyaret etti.  Ziyarette Day\u0131o\u011flu, Bakan Sel\u00e7uk\u2019a ba\u011flama \u00e7ald\u0131.<\/p>\n<p>Bakana davet<\/p>\n<p>Bakan\u0131n davetlisi olarak Ankara\u2019ya geldi\u011fini ifade eden Day\u0131o\u011flu, \u00e7ocuklar ve gen\u00e7lerin halk m\u00fczi\u011fine ilgisini art\u0131rmak i\u00e7in birlikte yap\u0131labilecek i\u015fleri, k\u00f6y k\u00f6y dola\u015farak ger\u00e7ekle\u015ftirdi\u011fi m\u00fczik kay\u0131tlar\u0131n\u0131 konu\u015ftuklar\u0131n\u0131 belirtti. Day\u0131o\u011flu davet ve misafirperverli\u011fi i\u00e7in Bakan Sel\u00e7uk\u2019a te\u015fekk\u00fcr etti.  Ziyaret sonunda Day\u0131o\u011flu, m\u00fczi\u011fe \u00f6zellikle ba\u011flamaya olan ilgisini bildi\u011fi Bakan Sel\u00e7uk\u2019u Kalkan Turan Erdo\u011fan Y\u0131lmaz Fen Lisesi\u2019ne davet etti.<\/p>\n<p>8 y\u0131ld\u0131r k\u00f6y k\u00f6y dola\u015f\u0131yor<\/p>\n<p>T\u00fcrkiye\u2019yi k\u00f6y k\u00f6y gezerek yerel m\u00fczikleri kaydetmek, sanat\u00e7\u0131lardan halk m\u00fczi\u011finin \u00f6z\u00fcn\u00fc do\u011fru bir \u015fekilde \u00f6\u011frenip bu m\u00fczi\u011fi de t\u00fcm d\u00fcnyaya tan\u0131tmak isteyen Day\u0131o\u011flu, ge\u00e7ti\u011fimiz Nisan ay\u0131nda twitterdan yapt\u0131\u011f\u0131 \u00e7a\u011fr\u0131da, \u201cOkuldan artan zamanlar\u0131mda, Anadolu\u2019da k\u00f6y k\u00f6y gezerek halk m\u00fczikleri kaydeden s\u0131radan bir m\u00fczik \u00f6\u011fretmeniyim. Kay\u0131tlar\u0131m\u0131 t\u00fcm d\u00fcnya tan\u0131s\u0131n istiyorum\u201d demi\u015fti.<\/p>\n","protected":false},"excerpt":{"rendered":"<p>SANAT\u00c7I EMRE DAYIO\u011eLU, M\u0130LL\u0130 E\u011e\u0130T\u0130M BAKANI Z\u0130YA SEL\u00c7UK\u2019A CURA \u00c7ALDI.<\/p>\n","protected":false},"author":1,"featured_media":156473,"comment_status":"closed","ping_status":"open","sticky":false,"template":"","format":"standard","meta":{"jetpack_post_was_ever_published":false,"_jetpack_newsletter_access":"","_jetpack_dont_email_post_to_subs":false,"_jetpack_newsletter_tier_id":0,"_jetpack_memberships_contains_paywalled_content":false,"_jetpack_memberships_contains_paid_content":false,"footnotes":"","jetpack_publicize_message":"","jetpack_publicize_feature_enabled":true,"jetpack_social_post_already_shared":true,"jetpack_social_options":{"image_generator_settings":{"template":"highway","default_image_id":0,"font":"","enabled":false},"version":2}},"categories":[1],"tags":[742,1161,36189,11722,36188,1942,10585],"class_list":["post-156472","post","type-post","status-publish","format-standard","has-post-thumbnail","hentry","category-genel","tag-bakan","tag-caldi","tag-cura","tag-selcuka","tag-telli","tag-uc","tag-ustasi"],"jetpack_publicize_connections":[],"jetpack_featured_media_url":"https:\/\/i0.wp.com\/www.tvturk.com\/wp-content\/uploads\/2019\/05\/uc-telli-ustasi-bakan-selcuka-cura-caldi_4238a0b.jpg?fit=960%2C720","jetpack_sharing_enabled":true,"jetpack_shortlink":"https:\/\/wp.me\/paKIfm-EHK","_links":{"self":[{"href":"http:\/\/www.tvturk.com\/index.php\/wp-json\/wp\/v2\/posts\/156472","targetHints":{"allow":["GET"]}}],"collection":[{"href":"http:\/\/www.tvturk.com\/index.php\/wp-json\/wp\/v2\/posts"}],"about":[{"href":"http:\/\/www.tvturk.com\/index.php\/wp-json\/wp\/v2\/types\/post"}],"author":[{"embeddable":true,"href":"http:\/\/www.tvturk.com\/index.php\/wp-json\/wp\/v2\/users\/1"}],"replies":[{"embeddable":true,"href":"http:\/\/www.tvturk.com\/index.php\/wp-json\/wp\/v2\/comments?post=156472"}],"version-history":[{"count":0,"href":"http:\/\/www.tvturk.com\/index.php\/wp-json\/wp\/v2\/posts\/156472\/revisions"}],"wp:featuredmedia":[{"embeddable":true,"href":"http:\/\/www.tvturk.com\/index.php\/wp-json\/wp\/v2\/media\/156473"}],"wp:attachment":[{"href":"http:\/\/www.tvturk.com\/index.php\/wp-json\/wp\/v2\/media?parent=156472"}],"wp:term":[{"taxonomy":"category","embeddable":true,"href":"http:\/\/www.tvturk.com\/index.php\/wp-json\/wp\/v2\/categories?post=156472"},{"taxonomy":"post_tag","embeddable":true,"href":"http:\/\/www.tvturk.com\/index.php\/wp-json\/wp\/v2\/tags?post=156472"}],"curies":[{"name":"wp","href":"https:\/\/api.w.org\/{rel}","templated":true}]}}