{"id":156498,"date":"2019-05-13T14:02:35","date_gmt":"2019-05-13T11:02:35","guid":{"rendered":"http:\/\/www.tvturk.com\/index.php\/dunyanin-dort-bir-tarafindan-ogrenciler-bursaya-gelecek\/"},"modified":"2019-05-13T14:02:35","modified_gmt":"2019-05-13T11:02:35","slug":"dunyanin-dort-bir-tarafindan-ogrenciler-bursaya-gelecek","status":"publish","type":"post","link":"http:\/\/www.tvturk.com\/index.php\/dunyanin-dort-bir-tarafindan-ogrenciler-bursaya-gelecek\/","title":{"rendered":"D\u00fcnyan\u0131n d\u00f6rt bir taraf\u0131ndan \u00f6\u011frenciler Bursa\u2019ya gelecek"},"content":{"rendered":"<p>\u015eahinkaya E\u011fitim Kurumlar\u0131\u2019n\u0131n bu y\u0131l ikincisini ger\u00e7ekle\u015ftirdi\u011fi Uluslararas\u0131 Gen\u00e7lik ve K\u00fclt\u00fcr Festivali kapsam\u0131nda 7 \u00fclkeden, 170 dans\u00e7\u0131 Bursa\u2019da bir araya gelecek.<\/p>\n<p>\u015eahinkaya II. Uluslararas\u0131 Gen\u00e7lik ve K\u00fclt\u00fcr Festivali\u2019nin tan\u0131t\u0131m toplant\u0131s\u0131 Academy 1418 Kamp\u00fcs\u00fc\u2019nde ger\u00e7ekle\u015ftirildi. Bas\u0131n toplant\u0131s\u0131na  \u015eahinkaya E\u011fitim Kurumlar\u0131 Genel M\u00fcd\u00fcr Yard\u0131mc\u0131lar\u0131 Hakan \u0130din, Cenk Azkeskin, Uluslararas\u0131 Halk Danslar\u0131 Birli\u011fi (IOV Ba\u015fkan\u0131) Faruk Alkaya ve Festival Koordinat\u00f6r\u00fc Miray Tanr\u0131\u00f6ver kat\u0131ld\u0131. Toplant\u0131da konu\u015fan Genel M\u00fcd\u00fcr Yard\u0131mc\u0131s\u0131 Hakan \u0130din, Bursa Valili\u011fi ve B\u00fcy\u00fck\u015fehir Belediyesi\u2019nin katk\u0131lar\u0131yla 15-20 May\u0131s 2019 tarihleri aras\u0131nda d\u00fczenlenecek festival kapsam\u0131nda 7 \u00fclkeden, 170 dans\u00e7\u0131y\u0131 a\u011f\u0131rlayacaklar\u0131n\u0131 a\u00e7\u0131klad\u0131.<\/p>\n<p>Polonya, Makedonya, S\u0131rbistan, Arnavutluk, Azerbaycan, Bulgaristan ve Romanya\u2019dan kat\u0131lan dans ekipleriyle Bursa\u2019da bir k\u00fclt\u00fcr bulu\u015fmas\u0131na ev sahipli\u011fi yapacaklar\u0131n\u0131 ifade eden \u0130din, adeta bir k\u00fclt\u00fcr el\u00e7isi gibi de\u011ferlerimizi, gelenek ve g\u00f6reneklerimizi en iyi \u015fekilde tan\u0131tmay\u0131 ama\u00e7lad\u0131klar\u0131n\u0131 belirtti. \u015eahinkaya E\u011fitim Kurumlar\u0131 olarak uluslararas\u0131 \u00e7apta ger\u00e7ekle\u015ftirilen bu festivalin \u015fehrimize ve \u00fclkemize b\u00fcy\u00fck katk\u0131s\u0131n\u0131n oldu\u011funa dikkat \u00e7eken \u0130din, her y\u0131l festivale kat\u0131lan \u00fclke say\u0131s\u0131n\u0131 artt\u0131rarak, \u00fclkemizin ve kentimizin tarihi ve turistik tan\u0131t\u0131m\u0131nda etkin rol oynamak istediklerini s\u00f6yledi.<\/p>\n<p>Yabanc\u0131 dans ekiplerinin festival kapsam\u0131nda Bursa\u2019n\u0131n d\u00f6rt bir taraf\u0131nda dans g\u00f6sterisi sergileyeceklerini ifade eden Festival Koordinat\u00f6r\u00fc Miray Tanr\u0131\u00f6ver ise, 19 May\u0131s Gen\u00e7lik ve Spor \u015eenlikleri\u2019nin 100. y\u0131l\u0131 kapsam\u0131nda da Tophane Saltanat Kap\u0131s\u0131\u2019nda harika bir performans sunacaklar\u0131n\u0131 belirtti. Yabanc\u0131 ekiplerle Kozahan\u2019dan Muradiye K\u00fclliyesi\u2019ne, Kapal\u0131\u00e7ar\u015f\u0131\u2019dan Ulucami\u2019ye kadar tarihi ve turistik bir gezi program\u0131 d\u00fczenlediklerini de ekleyen Tanr\u0131\u00f6ver, baz\u0131 al\u0131\u015fveri\u015f merkezlerinde sergilenecek g\u00f6sterilerle de ekiplerin halkla bula\u015faca\u011f\u0131n\u0131 s\u00f6yledi.<\/p>\n","protected":false},"excerpt":{"rendered":"<p>\u015eAH\u0130NKAYA E\u011e\u0130T\u0130M KURUMLARI\u2019NIN BU YIL \u0130K\u0130NC\u0130S\u0130N\u0130 GER\u00c7EKLE\u015eT\u0130RD\u0130\u011e\u0130 ULUSLARARASI GEN\u00c7L\u0130K VE K\u00dcLT\u00dcR FEST\u0130VAL\u0130 KAPSAMINDA 7 \u00dcLKEDEN, 170 DANS\u00c7I BURSA\u2019DA B\u0130R ARAYA GELECEK.<\/p>\n","protected":false},"author":1,"featured_media":156499,"comment_status":"closed","ping_status":"open","sticky":false,"template":"","format":"standard","meta":{"jetpack_post_was_ever_published":false,"_jetpack_newsletter_access":"","_jetpack_dont_email_post_to_subs":false,"_jetpack_newsletter_tier_id":0,"_jetpack_memberships_contains_paywalled_content":false,"_jetpack_memberships_contains_paid_content":false,"footnotes":"","jetpack_publicize_message":"","jetpack_publicize_feature_enabled":true,"jetpack_social_post_already_shared":true,"jetpack_social_options":{"image_generator_settings":{"template":"highway","default_image_id":0,"font":"","enabled":false},"version":2}},"categories":[1],"tags":[3482,125,14093,1197,81,1293,765],"class_list":["post-156498","post","type-post","status-publish","format-standard","has-post-thumbnail","hentry","category-genel","tag-dort","tag-bir","tag-bursaya","tag-dunyanin","tag-gelecek","tag-ogrenciler","tag-tarafindan"],"jetpack_publicize_connections":[],"jetpack_featured_media_url":"https:\/\/i0.wp.com\/www.tvturk.com\/wp-content\/uploads\/2019\/05\/dunyanin-dort-bir-tarafindan-ogrenciler-bursaya-gelecek_e33d3f5.jpg?fit=1000%2C543","jetpack_sharing_enabled":true,"jetpack_shortlink":"https:\/\/wp.me\/paKIfm-EIa","_links":{"self":[{"href":"http:\/\/www.tvturk.com\/index.php\/wp-json\/wp\/v2\/posts\/156498","targetHints":{"allow":["GET"]}}],"collection":[{"href":"http:\/\/www.tvturk.com\/index.php\/wp-json\/wp\/v2\/posts"}],"about":[{"href":"http:\/\/www.tvturk.com\/index.php\/wp-json\/wp\/v2\/types\/post"}],"author":[{"embeddable":true,"href":"http:\/\/www.tvturk.com\/index.php\/wp-json\/wp\/v2\/users\/1"}],"replies":[{"embeddable":true,"href":"http:\/\/www.tvturk.com\/index.php\/wp-json\/wp\/v2\/comments?post=156498"}],"version-history":[{"count":0,"href":"http:\/\/www.tvturk.com\/index.php\/wp-json\/wp\/v2\/posts\/156498\/revisions"}],"wp:featuredmedia":[{"embeddable":true,"href":"http:\/\/www.tvturk.com\/index.php\/wp-json\/wp\/v2\/media\/156499"}],"wp:attachment":[{"href":"http:\/\/www.tvturk.com\/index.php\/wp-json\/wp\/v2\/media?parent=156498"}],"wp:term":[{"taxonomy":"category","embeddable":true,"href":"http:\/\/www.tvturk.com\/index.php\/wp-json\/wp\/v2\/categories?post=156498"},{"taxonomy":"post_tag","embeddable":true,"href":"http:\/\/www.tvturk.com\/index.php\/wp-json\/wp\/v2\/tags?post=156498"}],"curies":[{"name":"wp","href":"https:\/\/api.w.org\/{rel}","templated":true}]}}