{"id":156519,"date":"2019-05-13T15:03:05","date_gmt":"2019-05-13T12:03:05","guid":{"rendered":"http:\/\/www.tvturk.com\/?p=156519"},"modified":"2019-05-13T15:04:09","modified_gmt":"2019-05-13T12:04:09","slug":"istanbul-icin-cozum-onerilerim","status":"publish","type":"post","link":"http:\/\/www.tvturk.com\/index.php\/istanbul-icin-cozum-onerilerim\/","title":{"rendered":"\u0130stanbul i\u00e7in \u00c7\u00f6z\u00fcm \u00d6nerilerim\ufeff!"},"content":{"rendered":"\n<p><br><\/p>\n\n\n\n<p>\u015eair Nedim \u0130stanbul\u2019u :<\/p>\n\n\n\n<p>Bu \u015fehri Stanb\u00fbl ki b\u00ee-misl \u00fc bah\u00e2d\u0131r<\/p>\n\n\n\n<p>Bir sengine yek-p\u00e2re Acem m\u00fclk\u00fc fed\u00e2d\u0131r.<\/p>\n\n\n\n<p>(Bu \u0130stanbul \u015fehri \u00f6ylesine e\u015fsiz bir de\u011ferdedir ki baha\nbi\u00e7ilmez, bir ta\u015f\u0131na b\u00fct\u00fcn bir Acem m\u00fclk\u00fc feda olsun.) diye tan\u0131mlam\u0131\u015f.<\/p>\n\n\n\n<p>Yabanc\u0131lar\u0131n \u0130stanbul hakk\u0131nda g\u00f6r\u00fc\u015flerine birka\u00e7 \u00f6rnek\nverecek olursak;&nbsp; <\/p>\n\n\n\n<p>\u0130nsan\u0131n muhayyilesi ancak \u0130stanbul kadar g\u00fczel bir \u015fehir\nhay\u00e2l edebilir.\u201d (\u0130ng. B\u00fcy\u00fckel\u00e7i, Sir Henry Layard-1839)<\/p>\n\n\n\n<p>\u0130stanbul\u2019un manzaras\u0131n\u0131n g\u00fczelli\u011fini hi\u00e7 bir f\u0131r\u00e7a ve kalem\nl\u00e2y\u0131k\u0131yle tarif edemez.\u201d (Frans\u0131z \u015f\u00e2iri, Alphonse de Lamartine)<\/p>\n\n\n\n<p>Daha muhte\u015fem bir manzara yery\u00fcz\u00fcnde mevcut de\u011fildir.\nHa\u015fmetli kubbeleri, birbirinden g\u00fczel sayfiyeleri ile \u0130stanbul, d\u00fcnya\n\u015fehirlerinin krali\u00e7esidir. (\u0130ngiliz Lady Dorina Neave)<\/p>\n\n\n\n<p>B\u00fct\u00fcn d\u00fcnya, bu kentin d\u00fcnyan\u0131n en g\u00fczel yeri oldu\u011fu\nd\u00fc\u015f\u00fcncesindedir.&#8221; (Edmondo De Amicis)<\/p>\n\n\n\n<p>D\u00fcnya\u2019da \u0130stanbul kadar g\u00fczel g\u00f6r\u00fcn\u00fc\u015fl\u00fc ba\u015fka bir kent\nbulunmad\u0131\u011f\u0131n\u0131 s\u00f6yleyenler, ger\u00e7ekten hakl\u0131ym\u0131\u015flar.&#8221; (Chateaubr\u0131and)<\/p>\n\n\n\n<p>Napolyon&#8217;un ifadesiyle d\u00fcnya bir tek \u00fclke olsayd\u0131 ba\u015fkenti\n\u0130stanbul olurdu ya da Alphonse de Lamartine&#8217;n ifadesiyle d\u00fcnyaya bir kez bakma\nimkan\u0131n olacaksa sadece \u0130stanbul&#8217;dan bak, Gyllius&#8217;un ifadesiyle ise t\u00fcm\n\u015fehirler \u00f6l\u00fcml\u00fcd\u00fcr \u0130stanbul hari\u00e7. &nbsp;<\/p>\n\n\n\n<p>Bu &nbsp;s\u00f6zler asl\u0131nda\nbize nas\u0131l bir kentte ya\u015fad\u0131\u011f\u0131m\u0131z\u0131 a\u00e7\u0131k\u00e7a anlat\u0131yor. Yarat\u0131c\u0131 do\u011furgan \u015fehirdir\nbu \u015fehir. \u0130stanbul bir k\u00fclt\u00fcr \u015fehridir. \u0130stanbul hala b\u00fcy\u00fcs\u00fcn\u00fc ve o anlaml\u0131\nsil\u00fcetini her\u015feye ra\u011fmen &nbsp;muhafaza ediyor.\u00d6mr\u00fcm\nboyunca \u00dclkemin d\u0131\u015f\u0131nda 200\u2019e yak\u0131n \u015fehir g\u00f6rd\u00fcm ama \u0130stanbul gibisini asla.<\/p>\n\n\n\n<p>Gelelim bu d\u00fcnyan\u0131n en g\u00fczel \u015fehrinin sorunlar\u0131na:&nbsp; \u00c7ok kalabal\u0131k olmas\u0131 , \u00c7irkin yap\u0131la\u015fma ve\nranta d\u00f6n\u00fc\u015fen alanlar, Ye\u015filin g\u00fcnden g\u00fcne azalmas\u0131, Trafik sorunu, \u0130\u015fsizlik,tarihi\ndokunun bozulmas\u0131 en belli ba\u015fl\u0131 sorunlar\u0131.<\/p>\n\n\n\n<p>Ge\u00e7ti\u011fimiz ay TU\u0130K\u2019in yapt\u0131\u011f\u0131 bir ara\u015ft\u0131rmaya g\u00f6re son\ngenerasyonunun \u0130stanbulda do\u011fanlar\u0131n\u0131 dikkate ald\u0131\u011f\u0131m\u0131zda bile n\u00fcfus 7,5 milyon\ncivar\u0131nda kal\u0131yor. Oysa bug\u00fcn 15 milyonun \u00fczerinde. D\u00fcnyan\u0131n en g\u00fczel \u015fehrine\nbu ak\u0131n\u0131n en b\u00fcy\u00fck nedeni do\u011fduklar\u0131 yerde doyam\u0131yan insan\u0131m\u0131z\u0131n i\u015f umudu.&nbsp; \u0130stanbul d\u0131\u015f\u0131ndaki \u015fehirlerimizi \u00fcreten iller\nhaline d\u00f6n\u00fc\u015ft\u00fcr\u00fcrsek sorun b\u00fcy\u00fck \u00f6l\u00e7\u00fcde hallolur gibi. Mevcut durumda n\u00fcfus\nart\u0131\u015f\u0131n\u0131 tetikliyen bir k\u0131s\u0131r d\u00f6ng\u00fc s\u00f6z konusu. Nas\u0131l m\u0131? Zengin i\u015f adam\u0131\n\u0130stanbul\u2019un -nerdeyse- merkezinde fabrikas\u0131n\u0131 kurabiliyor. Eleman sorun de\u011fil,\nanadoludan gelen bir y\u0131\u011f\u0131n i\u015fsiz var. Dolay\u0131s\u0131yle d\u00fc\u015f\u00fck \u00fccretle eleman da\n\u00e7al\u0131\u015ft\u0131rabiliyor. Sonras\u0131 sat\u0131\u015f, ba\u015fta \u0130stanbul olmak \u00fczere Marmara b\u00f6lgesi\nnerdeyse \u00fclkenin yar\u0131 n\u00fcfusuna sahip. \u00c7ok az da\u011f\u0131t\u0131m, pazarlama&nbsp; maliyetiyle \u00fcr\u00fcn\u00fcn\u00fc rahatl\u0131kla satabiliyor.\nD\u00fcnyan\u0131n neresinde b\u00f6yle kolay bir kazan\u00e7 kap\u0131s\u0131 var?<\/p>\n\n\n\n<p>Yap\u0131lmas\u0131 gereken \u0130stanbulda g\u00f6\u00e7\u00fc tetiklemeyecek, trafi\u011fini\nart\u0131rm\u0131yacak ve havas\u0131n\u0131 kirletmeyecek alanlardaki i\u015f kollar\u0131 desteklenmeli. Bu\nsekt\u00f6rler; daha \u00e7ok beyaz yakal\u0131lar\u0131n istihdam edildi\u011fi &nbsp;Bili\u015fim-yaz\u0131l\u0131m, bankac\u0131l\u0131k, turizm, k\u00fclt\u00fcr-\nbas\u0131n yay\u0131n,e\u011fitim gibi bacas\u0131z, vas\u0131fl\u0131 elemanlar\u0131n \u00e7al\u0131\u015fabilece\u011fi&nbsp; sekt\u00f6rler olmal\u0131.<\/p>\n\n\n\n<p>\u0130stanbula ve yak\u0131nlar\u0131na fabrika kurmak istiyenlerden y\u00fckl\u00fc rant\nvergileri al\u0131nmal\u0131. \u0130stanbul ve yak\u0131n alanlar\u0131n\u0131n d\u0131\u015f\u0131nda kalan illerimize\nyat\u0131r\u0131mlar burdan gelecek gelirler ile te\u015fvik edilmeli. \u0130nsanlari Istanbul\u2019dan\nuzaklastirman\u0131n yolu&nbsp; ulkenin genelinde\nesit egitim, saglik ve altyapi hizmeti vermek&nbsp;\nve tesvik ve\/veya cezaya dayali vergi sistemi ile yapabilirsiniz <\/p>\n\n\n\n<p>\u0130stanbul d\u0131\u015f\u0131nda yat\u0131r\u0131m\u0131 te\u015fvik edilmeli;\u00f6rne\u011fin bedava\nfabrika arazisi, i\u015fveren ve \u00e7al\u0131\u015fanlardan belli bir s\u00fcre vergi al\u0131nmamas\u0131 gibi.\nBu &nbsp;&nbsp;illeri se\u00e7erken tabii ki ula\u015f\u0131m altyap\u0131s\u0131 ve\nlojisti\u011fi hesap edilmeli. \u00d6rne\u011fin k\u0131\u015f\u0131 a\u011f\u0131r ge\u00e7en Erzurum, Kars benzeri iller,\nG\u00fcneydo\u011fuda oldu\u011fu halde ter\u00f6re taviz vermiyen Ad\u0131yaman, \u015eanl\u0131 Urfa, Malatya,\nElaz\u0131\u011f denize k\u0131y\u0131s\u0131 olan \u0130skenderun, Mersin , Karadeniz k\u0131y\u0131 \u015feridinde Samsun,\nSinop vb. <\/p>\n\n\n\n<p>Burada a\u00e7\u0131lan fabrikalar i\u00e7 g\u00f6\u00e7\u00fc de b\u00fcy\u00fck \u00f6l\u00e7\u00fcde\nengelliyecekdir. Kendi \u015fehrinde, tan\u0131d\u0131klar\u0131 \u00e7evrede insan\u0131n \u00e7al\u0131\u015fmas\u0131 kadar\ng\u00fczel , mutluluk verici bir \u015fey olabilir mi? Bunun \u00fclke ekonomisine katk\u0131s\u0131 da\nb\u00fcy\u00fck olacakd\u0131r. <\/p>\n\n\n\n<p>Trafik sorununda \u0130stanbul\u2019un deniz ula\u015f\u0131m alternatifi var.\nD\u00fczenli ve s\u0131kl\u0131\u011f\u0131 art\u0131r\u0131lan ve sonlanma noktalar\u0131n\u0131 otob\u00fcs, rayl\u0131 sistemle\ndestekleyen bir deniz ula\u015f\u0131m\u0131 b\u00fcy\u00fck bir alternatif olacakt\u0131r.<\/p>\n\n\n\n<p>Tarihi yar\u0131mada da belli yerlere ara\u00e7 giri\u015fi yasaklanabilir&nbsp; veya \u00fccretli olabilir. Yine bu alanlarda park\n\u00fccretleri y\u00fcksek tutularak halk toplu ta\u015f\u0131m ara\u00e7lar\u0131na y\u00f6nlendirilebilir.Tabii\ntoplu ta\u015f\u0131m vas\u0131talar\u0131n\u0131 da yeterli k\u0131larak.<\/p>\n\n\n\n<p>Her\u015feyden \u00f6nemlisi \u00c7anakkale k\u00f6pr\u00fcs\u00fc bir an \u00f6nce tamamlan\u0131p\nve m\u00fcmk\u00fcnse \u00fczerinden tren de ge\u00e7ecek&nbsp;\nhale getirilerek Ege ve Akdenizde \u00fcretilen, Avrupaya ihra\u00e7 edilen meyve\nve sebze T\u0131rlar\u0131n\u0131n \u0130stanbula asla sokulmay\u0131p, \u00c7anakkale \u00fczerine\ny\u00f6nlendirilmesi sa\u011flanmal\u0131.<\/p>\n\n\n\n<p>Trafik de kav\u015faklar, duraklar ak\u0131ll\u0131 hale getirilebilir.\nG\u00fczergahlar&nbsp; hakk\u0131nda halka her\nvas\u0131tayla&nbsp; s\u00fcrekli bilgilendirme\nyap\u0131labilir. Ana arterlere \u00e7ok yol ba\u011flant\u0131s\u0131 V \u015feklinde ara\u00e7lar\u0131n hunile\u015fmesine\nve bu da trafi\u011fi alt \u00fcst olmas\u0131na neden olmakda. Ara\u00e7lara konulacak&nbsp; GPRS, iOT teknolojisiyle trafik kontrol\u00fc,\nhatalar\u0131 \u015fof\u00f6rden ba\u011f\u0131ms\u0131z olarak trafik merkezine otomatik raporlan\u0131p, hatal\u0131\nkullan\u0131c\u0131lar&nbsp; cezaland\u0131r\u0131labilsin.<\/p>\n\n\n\n<p>Toplu ta\u015f\u0131ma merkezlerine (metro,metrob\u00fcs, deniz ula\u015f\u0131m\nara\u00e7lar\u0131) geni\u015f ara\u00e7 park alanlar\u0131 yap\u0131l\u0131p, \u015fehrin d\u0131\u015f\u0131na do\u011fru park \u00fccretleri\nkademeli d\u00fc\u015f\u00fcr\u00fclmeli.<\/p>\n\n\n\n<p>\u0130stanbul\u2019a imar yasa\u011f\u0131 getirilmeli. Hollanda da rant\nb\u00f6lgelerine 40 y\u0131ld\u0131r imar yasa\u011f\u0131 uygulan\u0131yor. 1991 de \u00e7al\u0131\u015fmaya gitti\u011fim\nStuttgart\u2019da \u015fehir i\u00e7inde bina yapma yasa\u011f\u0131 getirildi\u011fi i\u00e7in \u015fehrin d\u0131\u015f\u0131nda bir\nbanliy\u00f6de kiral\u0131k ev bulabilmi\u015fdim. Tarihi yar\u0131madadaki yap\u0131la\u015fma hemen\ndurdurulaca\u011f\u0131 gibi sonradan yap\u0131lan baz\u0131 gereksiz ve sil\u00fcteti bozan bianlar\ny\u0131k\u0131lmal\u0131.Tarihi alanlar geni\u015f bir arkeolog grubuyla tekrar elden ge\u00e7irilmeli\nve restorasyona gidilmeli.<\/p>\n\n\n\n<figure class=\"wp-block-image\"><img data-recalc-dims=\"1\" loading=\"lazy\" decoding=\"async\" width=\"615\" height=\"406\" src=\"https:\/\/i0.wp.com\/www.tvturk.com\/wp-content\/uploads\/2019\/05\/Zuhuri_Yazi_1.png?resize=615%2C406\" alt=\"\" class=\"wp-image-156527\" srcset=\"https:\/\/i0.wp.com\/www.tvturk.com\/wp-content\/uploads\/2019\/05\/Zuhuri_Yazi_1.png?w=615 615w, https:\/\/i0.wp.com\/www.tvturk.com\/wp-content\/uploads\/2019\/05\/Zuhuri_Yazi_1.png?resize=150%2C99 150w, https:\/\/i0.wp.com\/www.tvturk.com\/wp-content\/uploads\/2019\/05\/Zuhuri_Yazi_1.png?resize=300%2C198 300w, https:\/\/i0.wp.com\/www.tvturk.com\/wp-content\/uploads\/2019\/05\/Zuhuri_Yazi_1.png?resize=170%2C113 170w, https:\/\/i0.wp.com\/www.tvturk.com\/wp-content\/uploads\/2019\/05\/Zuhuri_Yazi_1.png?resize=120%2C80 120w\" sizes=\"auto, (max-width: 615px) 100vw, 615px\" \/><\/figure>\n\n\n\n<figure class=\"wp-block-image\"><img data-recalc-dims=\"1\" loading=\"lazy\" decoding=\"async\" width=\"800\" height=\"500\" src=\"https:\/\/i0.wp.com\/www.tvturk.com\/wp-content\/uploads\/2019\/05\/Zuhuri_Yazi_2.png?resize=800%2C500\" alt=\"\" class=\"wp-image-156528\" srcset=\"https:\/\/i0.wp.com\/www.tvturk.com\/wp-content\/uploads\/2019\/05\/Zuhuri_Yazi_2.png?w=800 800w, https:\/\/i0.wp.com\/www.tvturk.com\/wp-content\/uploads\/2019\/05\/Zuhuri_Yazi_2.png?resize=150%2C94 150w, https:\/\/i0.wp.com\/www.tvturk.com\/wp-content\/uploads\/2019\/05\/Zuhuri_Yazi_2.png?resize=300%2C188 300w, https:\/\/i0.wp.com\/www.tvturk.com\/wp-content\/uploads\/2019\/05\/Zuhuri_Yazi_2.png?resize=768%2C480 768w\" sizes=\"auto, (max-width: 800px) 100vw, 800px\" \/><\/figure>\n\n\n\n<div class=\"wp-block-image\"><figure class=\"aligncenter\"><img data-recalc-dims=\"1\" loading=\"lazy\" decoding=\"async\" width=\"430\" height=\"450\" src=\"https:\/\/i0.wp.com\/www.tvturk.com\/wp-content\/uploads\/2019\/05\/Zuhuri_Yazi_3.png?resize=430%2C450\" alt=\"\" class=\"wp-image-156529\" srcset=\"https:\/\/i0.wp.com\/www.tvturk.com\/wp-content\/uploads\/2019\/05\/Zuhuri_Yazi_3.png?w=430 430w, https:\/\/i0.wp.com\/www.tvturk.com\/wp-content\/uploads\/2019\/05\/Zuhuri_Yazi_3.png?resize=143%2C150 143w, https:\/\/i0.wp.com\/www.tvturk.com\/wp-content\/uploads\/2019\/05\/Zuhuri_Yazi_3.png?resize=287%2C300 287w\" sizes=\"auto, (max-width: 430px) 100vw, 430px\" \/><\/figure><\/div>\n\n\n\n<figure class=\"wp-block-image\"><img data-recalc-dims=\"1\" loading=\"lazy\" decoding=\"async\" width=\"609\" height=\"594\" src=\"https:\/\/i0.wp.com\/www.tvturk.com\/wp-content\/uploads\/2019\/05\/Zuhuri_Yazi_4.png?resize=609%2C594\" alt=\"\" class=\"wp-image-156530\" srcset=\"https:\/\/i0.wp.com\/www.tvturk.com\/wp-content\/uploads\/2019\/05\/Zuhuri_Yazi_4.png?w=609 609w, https:\/\/i0.wp.com\/www.tvturk.com\/wp-content\/uploads\/2019\/05\/Zuhuri_Yazi_4.png?resize=150%2C146 150w, https:\/\/i0.wp.com\/www.tvturk.com\/wp-content\/uploads\/2019\/05\/Zuhuri_Yazi_4.png?resize=300%2C293 300w\" sizes=\"auto, (max-width: 609px) 100vw, 609px\" \/><\/figure>\n","protected":false},"excerpt":{"rendered":"<p>\u015eair Nedim \u0130stanbul\u2019u : Bu \u015fehri Stanb\u00fbl ki b\u00ee-misl \u00fc bah\u00e2d\u0131r Bir sengine yek-p\u00e2re Acem m\u00fclk\u00fc fed\u00e2d\u0131r. (Bu \u0130stanbul \u015fehri \u00f6ylesine e\u015fsiz bir de\u011ferdedir ki baha bi\u00e7ilmez, bir ta\u015f\u0131na b\u00fct\u00fcn bir Acem m\u00fclk\u00fc feda olsun.) diye tan\u0131mlam\u0131\u015f. Yabanc\u0131lar\u0131n \u0130stanbul hakk\u0131nda g\u00f6r\u00fc\u015flerine birka\u00e7 \u00f6rnek verecek olursak;&nbsp; \u0130nsan\u0131n muhayyilesi ancak \u0130stanbul kadar g\u00fczel bir \u015fehir hay\u00e2l edebilir.\u201d [&hellip;]<\/p>\n","protected":false},"author":11,"featured_media":156536,"comment_status":"closed","ping_status":"closed","sticky":false,"template":"","format":"standard","meta":{"jetpack_post_was_ever_published":false,"_jetpack_newsletter_access":"","_jetpack_dont_email_post_to_subs":false,"_jetpack_newsletter_tier_id":0,"_jetpack_memberships_contains_paywalled_content":false,"_jetpack_memberships_contains_paid_content":false,"footnotes":"","jetpack_publicize_message":"","jetpack_publicize_feature_enabled":true,"jetpack_social_post_already_shared":true,"jetpack_social_options":{"image_generator_settings":{"template":"highway","default_image_id":0,"font":"","enabled":false},"version":2}},"categories":[8,5,7,9],"tags":[730,23198],"class_list":["post-156519","post","type-post","status-publish","format-standard","has-post-thumbnail","hentry","category-analiz","category-gundem","category-onecikanlar","category-siyaset","tag-istanbul","tag-oneriler"],"jetpack_publicize_connections":[],"jetpack_featured_media_url":"https:\/\/i0.wp.com\/www.tvturk.com\/wp-content\/uploads\/2019\/05\/Zuhuri_Yazi_5.png?fit=620%2C348","jetpack_sharing_enabled":true,"jetpack_shortlink":"https:\/\/wp.me\/paKIfm-EIv","_links":{"self":[{"href":"http:\/\/www.tvturk.com\/index.php\/wp-json\/wp\/v2\/posts\/156519","targetHints":{"allow":["GET"]}}],"collection":[{"href":"http:\/\/www.tvturk.com\/index.php\/wp-json\/wp\/v2\/posts"}],"about":[{"href":"http:\/\/www.tvturk.com\/index.php\/wp-json\/wp\/v2\/types\/post"}],"author":[{"embeddable":true,"href":"http:\/\/www.tvturk.com\/index.php\/wp-json\/wp\/v2\/users\/11"}],"replies":[{"embeddable":true,"href":"http:\/\/www.tvturk.com\/index.php\/wp-json\/wp\/v2\/comments?post=156519"}],"version-history":[{"count":3,"href":"http:\/\/www.tvturk.com\/index.php\/wp-json\/wp\/v2\/posts\/156519\/revisions"}],"predecessor-version":[{"id":156537,"href":"http:\/\/www.tvturk.com\/index.php\/wp-json\/wp\/v2\/posts\/156519\/revisions\/156537"}],"wp:featuredmedia":[{"embeddable":true,"href":"http:\/\/www.tvturk.com\/index.php\/wp-json\/wp\/v2\/media\/156536"}],"wp:attachment":[{"href":"http:\/\/www.tvturk.com\/index.php\/wp-json\/wp\/v2\/media?parent=156519"}],"wp:term":[{"taxonomy":"category","embeddable":true,"href":"http:\/\/www.tvturk.com\/index.php\/wp-json\/wp\/v2\/categories?post=156519"},{"taxonomy":"post_tag","embeddable":true,"href":"http:\/\/www.tvturk.com\/index.php\/wp-json\/wp\/v2\/tags?post=156519"}],"curies":[{"name":"wp","href":"https:\/\/api.w.org\/{rel}","templated":true}]}}