{"id":156552,"date":"2019-05-13T15:13:17","date_gmt":"2019-05-13T12:13:17","guid":{"rendered":"http:\/\/www.tvturk.com\/index.php\/payitaht-abduhamid-dizisi-bazi-ulkelerde-yasakli\/"},"modified":"2019-05-13T15:13:17","modified_gmt":"2019-05-13T12:13:17","slug":"payitaht-abduhamid-dizisi-bazi-ulkelerde-yasakli","status":"publish","type":"post","link":"http:\/\/www.tvturk.com\/index.php\/payitaht-abduhamid-dizisi-bazi-ulkelerde-yasakli\/","title":{"rendered":"&#8220;Payitaht Abd\u00fchamid\u201d dizisi baz\u0131 \u00fclkelerde yasakl\u0131"},"content":{"rendered":"<p>Sevilen dizisi &#8220;Payitaht Abd\u00fchamid&#8221;de Tahsin Pa\u015fa\u2019y\u0131 canland\u0131ran Bahad\u0131r Yeni\u015fehirlio\u011flu, dizinin ger\u00e7ek tarihi anlatmas\u0131ndan rahats\u0131z olan baz\u0131 \u00fclkelerin diziyi yasaklad\u0131\u011f\u0131n\u0131 ve hatta T\u00fcrkiye\u2019de baz\u0131 siyasi parti ve k\u00f6\u015fe yazarlar\u0131n\u0131n da, &#8220;Payitaht Abd\u00fchamid&#8221;in kald\u0131r\u0131lmas\u0131n\u0131 istedi\u011fini s\u00f6yledi.<\/p>\n<p>Esenler Belediyesi, Ramazan etkinlikleri kapsam\u0131nda T\u00fcrk televizyon tarihine damga vuran dizilerin oyuncular\u0131n\u0131 Esenlerlilerle bulu\u015fturuyor. D\u00f6rtyol Meydan\u0131\u2019nda ger\u00e7ekle\u015fen &#8220;Ramazan Sohbetleri&#8221; program\u0131nda, TRT\u2019nin sevilen dizisi &#8220;Payitaht Abd\u00fchamid&#8221;in oyuncular\u0131 Esenlerlilerle bulu\u015ftu. &#8220;Payitaht Abd\u00fchamid&#8221; dizisinde Tahsin Pa\u015fa\u2019y\u0131 canland\u0131ran Bahad\u0131r Yeni\u015fehirlio\u011flu ve Emanuel Karasu karakterine hayat veren Ali Nuri T\u00fcrko\u011flu sevenleriyle bir araya geldi.<\/p>\n<p>\u201cPayitaht dizisi \u0130stanbul\u2019u yeniden ya\u015famakt\u0131r\u201d<\/p>\n<p>Esenler Belediye Ba\u015fkan\u0131 Mehmet Tevfik G\u00f6ksu, Payitaht Abd\u00fclhamid gibi dizilerin asl\u0131nda birer tarih dersi oldu\u011funu belirterek, &#8220;Misafirlerimiz sadece dizi oyuncular\u0131 de\u011fil bizim tarihin arka sayfalar\u0131ndan \u00f6nemli izd\u00fc\u015f\u00fcmleri aktar\u0131yorlar. Payitaht dizisi \u0130stanbul\u2019da ya\u015fayanlar i\u00e7in farkl\u0131 bir tarihi hat\u0131rlatmad\u0131r, \u0130stanbul\u2019u yeniden ya\u015famakt\u0131r. O g\u00fcn kapal\u0131 kap\u0131lar ard\u0131nda bu \u015fehir \u00fczerine hangi oyunlar kurguland\u0131ysa, bug\u00fcn de ayn\u0131 oyunlar\u0131n kurguland\u0131\u011f\u0131na \u015fahit oluyoruz. Onun i\u00e7in Payitaht dizisinden bizim alaca\u011f\u0131m\u0131z \u00e7ok \u00f6nemli dersler var. Bu dizileri izlerken tarih dersi izliyor gibi takip etmemiz laz\u0131m&#8221; diye konu\u015ftu.<\/p>\n<p>&#8220;Pek \u00e7ok \u00fclke yasak getirmi\u015f olmas\u0131na ra\u011fmen dizimiz 67 \u00fclkede izleniyor\u201d<\/p>\n<p>Payitaht Abd\u00fclhamid dizisiyle tarihin ger\u00e7e\u011fini insanlara ula\u015ft\u0131rd\u0131klar\u0131n\u0131, baz\u0131 \u00fclkelerin ve kesimlerin bu ger\u00e7eklerden rahats\u0131z oldu\u011funu dile getiren Bahad\u0131r Yeni\u015fehirlio\u011flu, &#8220;Pek \u00e7ok \u00fclke yasak getirmi\u015f olmas\u0131na ra\u011fmen dizimiz 67 \u00fclkede izleniyor. Ne ac\u0131d\u0131r ki, Suudi Arabistan ve K\u00f6rfez \u00fclkelerinin pek \u00e7o\u011fu bu dizinin izlenmesini yasakl\u0131yorlar. Avrupa Birli\u011fi\u2019nin raport\u00f6rleri, bu dizinin yay\u0131ndan kald\u0131r\u0131lmas\u0131 i\u00e7in, T\u00fcrkiye\u2019ye bask\u0131 yap\u0131lmas\u0131 i\u00e7in Avrupa Birli\u011fi\u2019ne raporlar haz\u0131rl\u0131yorlar. Amerika\u2019n\u0131n en \u00f6nemli k\u00f6\u015fe yazarlar\u0131 bu diziyi fa\u015fist bularak yay\u0131ndan kald\u0131r\u0131lmas\u0131n\u0131 istiyorlar. Siyaset yapm\u0131yorum ama T\u00fcrkiye\u2019deki bir siyasi parti meclis \u00f6nergesi veriyor Abd\u00fclhamid dizisinin kald\u0131r\u0131lmas\u0131 i\u00e7in. T\u00fcrkiye\u2019deki belli tetik\u00e7i yazarlar k\u00f6\u015fe yaz\u0131lar\u0131nda, bu dizinin yay\u0131ndan kalkmas\u0131 i\u00e7in yaz\u0131lar kaleme al\u0131yorlar. Buradan yola \u00e7\u0131karak s\u00f6yl\u00fcyorum, demek ki \u00e7ok do\u011fru bir i\u015f yap\u0131yoruz&#8221; ifadelerini kulland\u0131.<\/p>\n<p>Dirili\u015f: Ertu\u011frul ve Payitaht Abd\u00fclhamid dizilerinin tarihin \u00f6\u011frenilmesi a\u00e7\u0131s\u0131ndan \u00f6nemine dikkat \u00e7eken Ali Nuri T\u00fcrko\u011flu, &#8220;Bu diziler bize yeniden bir \u00f6z g\u00fcven kazand\u0131rd\u0131, atam\u0131z bu dedirtti. Tarih, diziden y\u00fczde y\u00fcz \u00f6\u011frenilmese bile size kap\u0131 aralar, merak uyand\u0131r\u0131r. Bu manada ehemmiyetli bir i\u015f yapt\u0131\u011f\u0131m\u0131z\u0131n bilincindeyiz&#8221; dedi.<\/p>\n","protected":false},"excerpt":{"rendered":"<p>SEV\u0130LEN D\u0130Z\u0130S\u0130 &#8220;PAY\u0130TAHT ABD\u00dcHAM\u0130D&#8221;DE TAHS\u0130N PA\u015eA&#8217;YI CANLANDIRAN BAHADIR YEN\u0130\u015eEH\u0130RL\u0130O\u011eLU, D\u0130Z\u0130N\u0130N GER\u00c7EK TAR\u0130H\u0130 ANLATMASINDAN RAHATSIZ OLAN BAZI \u00dcLKELER\u0130N D\u0130Z\u0130Y\u0130 YASAKLADI\u011eINI VE HATTA T\u00dcRK\u0130YE&#8217;DE BAZI S\u0130YAS\u0130 PART\u0130 VE K\u00d6\u015eE YAZARLARININ DA, &#8220;PAY\u0130TAHT ABD\u00dcHAM\u0130D&#8221;\u0130N KALDIRILMASINI \u0130STED\u0130\u011e\u0130N\u0130 S\u00d6YLED\u0130.<\/p>\n","protected":false},"author":1,"featured_media":156553,"comment_status":"closed","ping_status":"open","sticky":false,"template":"","format":"standard","meta":{"jetpack_post_was_ever_published":false,"_jetpack_newsletter_access":"","_jetpack_dont_email_post_to_subs":false,"_jetpack_newsletter_tier_id":0,"_jetpack_memberships_contains_paywalled_content":false,"_jetpack_memberships_contains_paid_content":false,"footnotes":"","jetpack_publicize_message":"","jetpack_publicize_feature_enabled":true,"jetpack_social_post_already_shared":true,"jetpack_social_options":{"image_generator_settings":{"template":"highway","default_image_id":0,"font":"","enabled":false},"version":2}},"categories":[1],"tags":[36211,36212,3414,8321,27943,36213],"class_list":["post-156552","post","type-post","status-publish","format-standard","has-post-thumbnail","hentry","category-genel","tag-payitaht","tag-abduhamid","tag-bazi","tag-dizisi","tag-ulkelerde","tag-yasakli"],"jetpack_publicize_connections":[],"jetpack_featured_media_url":"https:\/\/i0.wp.com\/www.tvturk.com\/wp-content\/uploads\/2019\/05\/payitaht-abduhamid-dizisi-bazi-ulkelerde-yasakli_6388177.jpg?fit=960%2C640","jetpack_sharing_enabled":true,"jetpack_shortlink":"https:\/\/wp.me\/paKIfm-EJ2","_links":{"self":[{"href":"http:\/\/www.tvturk.com\/index.php\/wp-json\/wp\/v2\/posts\/156552","targetHints":{"allow":["GET"]}}],"collection":[{"href":"http:\/\/www.tvturk.com\/index.php\/wp-json\/wp\/v2\/posts"}],"about":[{"href":"http:\/\/www.tvturk.com\/index.php\/wp-json\/wp\/v2\/types\/post"}],"author":[{"embeddable":true,"href":"http:\/\/www.tvturk.com\/index.php\/wp-json\/wp\/v2\/users\/1"}],"replies":[{"embeddable":true,"href":"http:\/\/www.tvturk.com\/index.php\/wp-json\/wp\/v2\/comments?post=156552"}],"version-history":[{"count":0,"href":"http:\/\/www.tvturk.com\/index.php\/wp-json\/wp\/v2\/posts\/156552\/revisions"}],"wp:featuredmedia":[{"embeddable":true,"href":"http:\/\/www.tvturk.com\/index.php\/wp-json\/wp\/v2\/media\/156553"}],"wp:attachment":[{"href":"http:\/\/www.tvturk.com\/index.php\/wp-json\/wp\/v2\/media?parent=156552"}],"wp:term":[{"taxonomy":"category","embeddable":true,"href":"http:\/\/www.tvturk.com\/index.php\/wp-json\/wp\/v2\/categories?post=156552"},{"taxonomy":"post_tag","embeddable":true,"href":"http:\/\/www.tvturk.com\/index.php\/wp-json\/wp\/v2\/tags?post=156552"}],"curies":[{"name":"wp","href":"https:\/\/api.w.org\/{rel}","templated":true}]}}