{"id":15677,"date":"2019-02-09T14:46:54","date_gmt":"2019-02-09T11:46:54","guid":{"rendered":"http:\/\/www.tvturk.com\/index.php\/prof-dr-ozdemir-ulkemizde-yilda-180-bin-kisi-kansere-yakalaniyor-ve-100-bine-yakini-kanser-nedeniyle-oluyor\/"},"modified":"2019-02-09T14:46:55","modified_gmt":"2019-02-09T11:46:55","slug":"prof-dr-ozdemir-ulkemizde-yilda-180-bin-kisi-kansere-yakalaniyor-ve-100-bine-yakini-kanser-nedeniyle-oluyor","status":"publish","type":"post","link":"http:\/\/www.tvturk.com\/index.php\/prof-dr-ozdemir-ulkemizde-yilda-180-bin-kisi-kansere-yakalaniyor-ve-100-bine-yakini-kanser-nedeniyle-oluyor\/","title":{"rendered":"Prof. Dr. \u00d6zdemir: \u201c\u00dclkemizde y\u0131lda 180 bin ki\u015fi kansere yakalan\u0131yor ve 100 bine yak\u0131n\u0131 kanser nedeniyle \u00f6l\u00fcyor\u201d"},"content":{"rendered":"<p>T\u00fcrk Kanser Ara\u015ft\u0131rma ve Sava\u015f Kurumu Derne\u011fi Kayseri \u015eube Ba\u015fkan\u0131 Prof. Dr. Mehmet Akif \u00d6zdemir, \u201c\u00dclkemizde y\u0131lda 180 bin ki\u015fi kansere yakalan\u0131yor ve 100 bine yak\u0131n\u0131 kanser nedeniyle \u00f6l\u00fcyor\u201d dedi.<\/p>\n<p>T\u00fcrk Kanser Ara\u015ft\u0131rma ve Sava\u015f Kurumu Derne\u011fi Kayseri \u015eubesi taraf\u0131ndan moral kahvalt\u0131s\u0131 d\u00fczenlendi. Kahvalt\u0131ya, \u00fcnl\u00fc tiyatro sanat\u00e7\u0131s\u0131 Ahmet Yenilmez de kat\u0131larak, hastalara moral verdi.<\/p>\n<p>Burada a\u00e7\u0131klamalarda bulunan T\u00fcrk Kanser Ara\u015ft\u0131rma ve Sava\u015f Kurumu Derne\u011fi Kayseri \u015eube Ba\u015fkan\u0131 Prof. Dr. Mehmet Akif \u00d6zdemir, \u201cD\u00fcnyada insan \u00f6l\u00fcm\u00fcnden sorumlu hastal\u0131klar\u0131n neredeyse ba\u015f\u0131nda gelen kanser, \u00fclkemiz i\u00e7inde bir problem olu\u015fturmaktad\u0131r. Her y\u0131l 14 milyon ki\u015fi kansere yakalan\u0131yor ve bunlar\u0131n 8-9 milyonu kanserden kaybediliyor. \u00dclkemizde 180 bin ki\u015finin kansere yakalanmas\u0131 ve bunlar\u0131n maalesef 100 bine yak\u0131n\u0131n\u0131n kanser nedeniyle \u00f6ld\u00fc\u011f\u00fcn\u00fc biliyoruz. D\u00fcnya Sa\u011fl\u0131k Te\u015fkilat\u0131 ve D\u00fcnya Kanserle M\u00fccadele \u00d6rg\u00fct\u00fc, T\u00fcrkiye\u2019de de T\u00fcrk Kanser Ara\u015ft\u0131rma Sava\u015f Kurumu olarak bizler e\u011fer insanlar\u0131n ya\u015fam tarzlar\u0131nda baz\u0131 de\u011fi\u015fiklikler yap\u0131l\u0131rsa bu kanserlerin 3\u2019te 1\u2019inin olu\u015fmayaca\u011f\u0131n\u0131 biliyoruz\u201d ifadelerini kulland\u0131.<\/p>\n<p>Tiyatro sanat\u00e7\u0131s\u0131 Ahmet Yenilmez de, \u201cB\u00f6yle bir organizasyonun oldu\u011funu duydu\u011fumuzda bu hastal\u0131\u011f\u0131 ya\u015fam\u0131\u015f ve ge\u00e7irmi\u015f biri olarak buraya kat\u0131lmak istedik. Bu toplant\u0131lar\u0131 ayakta tutan hay\u0131r hasenat i\u015fleridir. Bu Anadolu co\u011frafyas\u0131nda kendine dert bula\u015fmadan o derdin ac\u0131s\u0131n\u0131 ve s\u0131k\u0131nt\u0131s\u0131n\u0131 hisseden insanlar ya\u015farlar. Ba\u015fkas\u0131n\u0131n derdini dert edinirler ve kendi dertlerinin de \u00f6n\u00fcne koyarlar. B\u00f6yle g\u00fczel organizasyonlar bir nebzede olsa insanlara umut olur. O y\u00fczden eme\u011fi ge\u00e7en herkese te\u015fekk\u00fcr ederim\u201d dedi.<div class=\"tiled-gallery type-rectangular tiled-gallery-unresized\" data-original-width=\"500\" data-carousel-extra='null' itemscope itemtype=\"http:\/\/schema.org\/ImageGallery\" > <div class=\"gallery-row\" style=\"width: 500px; height: 334px;\" data-original-width=\"500\" data-original-height=\"334\" > <div class=\"gallery-group images-1\" style=\"width: 500px; height: 334px;\" data-original-width=\"500\" data-original-height=\"334\" > <div class=\"tiled-gallery-item tiled-gallery-item-large\" itemprop=\"associatedMedia\" itemscope itemtype=\"http:\/\/schema.org\/ImageObject\"> <a href=\"http:\/\/www.tvturk.com\/index.php\/prof-dr-ozdemir-ulkemizde-yilda-180-bin-kisi-kansere-yakalaniyor-ve-100-bine-yakini-kanser-nedeniyle-oluyor\/prof-dr-ozdemir-ulkemizde-yilda-180-bin-kisi-kansere-yakalaniyor-ve-100-bine-yakini-kanser-nedeniyle-oluyor-3\/\" border=\"0\" itemprop=\"url\"> <meta itemprop=\"width\" content=\"496\"> <meta itemprop=\"height\" content=\"330\"> <img decoding=\"async\" class=\"\" data-attachment-id=\"15679\" data-orig-file=\"http:\/\/www.tvturk.com\/wp-content\/uploads\/2019\/02\/prof-dr-ozdemir-ulkemizde-yilda-180-bin-kisi-kansere-yakalaniyor-ve-100-bine-yakini-kanser-nedeniyle-oluyor_2e9a68c.jpg\" data-orig-size=\"1000,666\" data-comments-opened=\"\" data-image-meta=\"{&quot;aperture&quot;:&quot;0&quot;,&quot;credit&quot;:&quot;IHA&quot;,&quot;camera&quot;:&quot;&quot;,&quot;caption&quot;:&quot;T\\u00dcRK KANSER ARA\\u015eTIRMA VE SAVA\\u015e KURUMU DERNE\\u011e\\u0130 KAYSER\\u0130 \\u015eUBES\\u0130 TARAFINDAN MORAL KAHVALTISI D\\u00dcZENLEND\\u0130. KAHVALTIYA, \\u00dcNL\\u00dc T\\u0130YATRO SANAT\\u00c7ISI AHMET YEN\\u0130LMEZ DE KATILARAK, HASTALARA MORAL VERD\\u0130. (AL\\u0130 G\\u00d6\\u00c7\\\/KAYSER\\u0130-\\u0130HA)&quot;,&quot;created_timestamp&quot;:&quot;0&quot;,&quot;copyright&quot;:&quot;\\u0130HLAS HABER AJANSI, www.iha.com.tr&quot;,&quot;focal_length&quot;:&quot;0&quot;,&quot;iso&quot;:&quot;0&quot;,&quot;shutter_speed&quot;:&quot;0&quot;,&quot;title&quot;:&quot;PROF. DR. \\u00d6ZDEM\\u0130R: \\u201c\\u00dcLKEM\\u0130ZDE YILDA 180 B\\u0130N K\\u0130\\u015e\\u0130 KANSERE YAKALANIYOR VE 100 B\\u0130NE YAKINI KANSER NEDEN\\u0130YLE \\u00d6L\\u00dcYOR\\u201d&quot;,&quot;orientation&quot;:&quot;0&quot;}\" data-image-title=\"Prof. Dr. \u00d6zdemir: \u201c\u00dclkemizde y\u0131lda 180 bin ki\u015fi kansere yakalan\u0131yor ve 100 bine yak\u0131n\u0131 kanser nedeniyle \u00f6l\u00fcyor\u201d\" data-image-description=\"&lt;p&gt;Prof. Dr. \u00d6zdemir: \u201c\u00dclkemizde y\u0131lda 180 bin ki\u015fi kansere yakalan\u0131yor ve 100 bine yak\u0131n\u0131 kanser nedeniyle \u00f6l\u00fcyor\u201d&lt;\/p&gt; \" data-medium-file=\"https:\/\/i0.wp.com\/www.tvturk.com\/wp-content\/uploads\/2019\/02\/prof-dr-ozdemir-ulkemizde-yilda-180-bin-kisi-kansere-yakalaniyor-ve-100-bine-yakini-kanser-nedeniyle-oluyor_2e9a68c.jpg?fit=300%2C200\" data-large-file=\"https:\/\/i0.wp.com\/www.tvturk.com\/wp-content\/uploads\/2019\/02\/prof-dr-ozdemir-ulkemizde-yilda-180-bin-kisi-kansere-yakalaniyor-ve-100-bine-yakini-kanser-nedeniyle-oluyor_2e9a68c.jpg?fit=1000%2C666\" src=\"https:\/\/i0.wp.com\/www.tvturk.com\/wp-content\/uploads\/2019\/02\/prof-dr-ozdemir-ulkemizde-yilda-180-bin-kisi-kansere-yakalaniyor-ve-100-bine-yakini-kanser-nedeniyle-oluyor_2e9a68c.jpg?w=496&#038;h=330\" srcset=\"https:\/\/i0.wp.com\/www.tvturk.com\/wp-content\/uploads\/2019\/02\/prof-dr-ozdemir-ulkemizde-yilda-180-bin-kisi-kansere-yakalaniyor-ve-100-bine-yakini-kanser-nedeniyle-oluyor_2e9a68c.jpg?w=1000 1000w, https:\/\/i0.wp.com\/www.tvturk.com\/wp-content\/uploads\/2019\/02\/prof-dr-ozdemir-ulkemizde-yilda-180-bin-kisi-kansere-yakalaniyor-ve-100-bine-yakini-kanser-nedeniyle-oluyor_2e9a68c.jpg?resize=150%2C100 150w, https:\/\/i0.wp.com\/www.tvturk.com\/wp-content\/uploads\/2019\/02\/prof-dr-ozdemir-ulkemizde-yilda-180-bin-kisi-kansere-yakalaniyor-ve-100-bine-yakini-kanser-nedeniyle-oluyor_2e9a68c.jpg?resize=300%2C200 300w, https:\/\/i0.wp.com\/www.tvturk.com\/wp-content\/uploads\/2019\/02\/prof-dr-ozdemir-ulkemizde-yilda-180-bin-kisi-kansere-yakalaniyor-ve-100-bine-yakini-kanser-nedeniyle-oluyor_2e9a68c.jpg?resize=768%2C511 768w, https:\/\/i0.wp.com\/www.tvturk.com\/wp-content\/uploads\/2019\/02\/prof-dr-ozdemir-ulkemizde-yilda-180-bin-kisi-kansere-yakalaniyor-ve-100-bine-yakini-kanser-nedeniyle-oluyor_2e9a68c.jpg?resize=170%2C113 170w, https:\/\/i0.wp.com\/www.tvturk.com\/wp-content\/uploads\/2019\/02\/prof-dr-ozdemir-ulkemizde-yilda-180-bin-kisi-kansere-yakalaniyor-ve-100-bine-yakini-kanser-nedeniyle-oluyor_2e9a68c.jpg?resize=120%2C80 120w\" width=\"496\" height=\"330\" loading=\"lazy\" data-original-width=\"496\" data-original-height=\"330\" itemprop=\"http:\/\/schema.org\/image\" title=\"Prof. Dr. \u00d6zdemir: \u201c\u00dclkemizde y\u0131lda 180 bin ki\u015fi kansere yakalan\u0131yor ve 100 bine yak\u0131n\u0131 kanser nedeniyle \u00f6l\u00fcyor\u201d\" alt=\"Prof. Dr. \u00d6zdemir: \u201c\u00dclkemizde y\u0131lda 180 bin ki\u015fi kansere yakalan\u0131yor ve 100 bine yak\u0131n\u0131 kanser nedeniyle \u00f6l\u00fcyor\u201d\" style=\"width: 496px; height: 330px;\" \/> <\/a> <\/div> <\/div> <!-- close group --> <\/div> <!-- close row --> <\/div><\/p>\n","protected":false},"excerpt":{"rendered":"<p>T\u00dcRK KANSER ARA\u015eTIRMA VE SAVA\u015e KURUMU DERNE\u011e\u0130 KAYSER\u0130 \u015eUBE BA\u015eKANI PROF. DR. MEHMET AK\u0130F \u00d6ZDEM\u0130R, \u201c\u00dcLKEM\u0130ZDE YILDA 180 B\u0130N K\u0130\u015e\u0130 KANSERE YAKALANIYOR VE 100 B\u0130NE YAKINI KANSER NEDEN\u0130YLE \u00d6L\u00dcYOR\u201d DED\u0130.<\/p>\n","protected":false},"author":1,"featured_media":15678,"comment_status":"closed","ping_status":"open","sticky":false,"template":"","format":"standard","meta":{"jetpack_post_was_ever_published":false,"_jetpack_newsletter_access":"","_jetpack_dont_email_post_to_subs":false,"_jetpack_newsletter_tier_id":0,"_jetpack_memberships_contains_paywalled_content":false,"_jetpack_memberships_contains_paid_content":false,"footnotes":"","jetpack_publicize_message":"","jetpack_publicize_feature_enabled":true,"jetpack_social_post_already_shared":false,"jetpack_social_options":{"image_generator_settings":{"template":"highway","default_image_id":0,"font":"","enabled":false},"version":2}},"categories":[655],"tags":[7560,2127,7561,213,7563,279,350,3345,1012,413,145,7559,2750,7562,7564,598],"class_list":["post-15677","post","type-post","status-publish","format-standard","has-post-thumbnail","hentry","category-son-dakika","tag-ulkemizde","tag-2127","tag-7561","tag-bin","tag-bine","tag-dr","tag-kanser","tag-kansere","tag-kisi","tag-nedeniyle","tag-oluyor","tag-ozdemir","tag-prof","tag-yakalaniyor","tag-yakini","tag-yilda"],"jetpack_publicize_connections":[],"jetpack_featured_media_url":"https:\/\/i0.wp.com\/www.tvturk.com\/wp-content\/uploads\/2019\/02\/prof-dr-ozdemir-ulkemizde-yilda-180-bin-kisi-kansere-yakalaniyor-ve-100-bine-yakini-kanser-nedeniyle-oluyor_876e2f8.jpg?fit=1000%2C666","jetpack_sharing_enabled":true,"jetpack_shortlink":"https:\/\/wp.me\/paKIfm-44R","_links":{"self":[{"href":"http:\/\/www.tvturk.com\/index.php\/wp-json\/wp\/v2\/posts\/15677","targetHints":{"allow":["GET"]}}],"collection":[{"href":"http:\/\/www.tvturk.com\/index.php\/wp-json\/wp\/v2\/posts"}],"about":[{"href":"http:\/\/www.tvturk.com\/index.php\/wp-json\/wp\/v2\/types\/post"}],"author":[{"embeddable":true,"href":"http:\/\/www.tvturk.com\/index.php\/wp-json\/wp\/v2\/users\/1"}],"replies":[{"embeddable":true,"href":"http:\/\/www.tvturk.com\/index.php\/wp-json\/wp\/v2\/comments?post=15677"}],"version-history":[{"count":1,"href":"http:\/\/www.tvturk.com\/index.php\/wp-json\/wp\/v2\/posts\/15677\/revisions"}],"predecessor-version":[{"id":15680,"href":"http:\/\/www.tvturk.com\/index.php\/wp-json\/wp\/v2\/posts\/15677\/revisions\/15680"}],"wp:featuredmedia":[{"embeddable":true,"href":"http:\/\/www.tvturk.com\/index.php\/wp-json\/wp\/v2\/media\/15678"}],"wp:attachment":[{"href":"http:\/\/www.tvturk.com\/index.php\/wp-json\/wp\/v2\/media?parent=15677"}],"wp:term":[{"taxonomy":"category","embeddable":true,"href":"http:\/\/www.tvturk.com\/index.php\/wp-json\/wp\/v2\/categories?post=15677"},{"taxonomy":"post_tag","embeddable":true,"href":"http:\/\/www.tvturk.com\/index.php\/wp-json\/wp\/v2\/tags?post=15677"}],"curies":[{"name":"wp","href":"https:\/\/api.w.org\/{rel}","templated":true}]}}