{"id":156833,"date":"2019-05-14T12:02:01","date_gmt":"2019-05-14T09:02:01","guid":{"rendered":"http:\/\/www.tvturk.com\/index.php\/besiktasta-yolcular-belli-oluyor\/"},"modified":"2019-05-14T12:02:01","modified_gmt":"2019-05-14T09:02:01","slug":"besiktasta-yolcular-belli-oluyor","status":"publish","type":"post","link":"http:\/\/www.tvturk.com\/index.php\/besiktasta-yolcular-belli-oluyor\/","title":{"rendered":"Be\u015fikta\u015f\u2019ta yolcular belli oluyor"},"content":{"rendered":"<p>Be\u015fikta\u015f\u2019ta g\u00f6reve yeniden gelen Fikret Orman ve y\u00f6netimi, \u00f6n\u00fcm\u00fczdeki sezonun planlamas\u0131na bu hafta ba\u015flayacak. \u00d6nceli\u011fi teknik direkt\u00f6re verecek olan siyah-beyazl\u0131larda bir di\u011fer g\u00fcndem, sezon sonunda s\u00f6zle\u015fmesi bitecek olan oyuncular. Siyah-beyazl\u0131lar\u0131n Atiba\u2019ya 1 y\u0131ll\u0131k s\u00f6zle\u015fme \u00f6nerece\u011fi \u00f6\u011frenildi.<\/p>\n<p>Be\u015fikta\u015f\u2019ta y\u00f6netim kurulu maratona ba\u015fl\u0131yor. Bug\u00fcn mazbatas\u0131n\u0131 alacak olan Ba\u015fkan Fikret Orman ve yeni y\u00f6netim kurulu, \u00f6n\u00fcm\u00fczdeki sezonun planlamas\u0131 i\u00e7in kollar\u0131 s\u0131vayacak. Sezon sonunda s\u00f6zle\u015fmesi bitecek olan oyuncularla ilgili olarak karar verecek olan y\u00f6netim, kadro d\u0131\u015f\u0131 durumda bulunan Tolga Zengin ve G\u00f6khan T\u00f6re\u2019yle yollar\u0131 ay\u0131racak. \u0130ki oyuncunun da sezon sonunda s\u00f6zle\u015fmesi sona eriyor. Bunun d\u0131\u015f\u0131nda kontrat\u0131 bitecek olan Mustafa Pektemek\u2019e de yeni s\u00f6zle\u015fme \u00f6nerilmeyecek. Bu futbolcuya te\u015fekk\u00fcr edilerek yollar ayr\u0131lacak. Son olarak Hollanda ekibi Willem\u2019de kiral\u0131k olarak forma giyen ancak s\u00f6zle\u015fmesi feshedilerek geri d\u00f6nen Araz \u00d6zbiliz\u2019le de yollar\u0131 ay\u0131rmay\u0131 planlayan y\u00f6netim, bu futbolcuyla bir g\u00f6r\u00fc\u015fme ger\u00e7ekle\u015ftirecek ve s\u00f6zle\u015fmesinin kar\u015f\u0131l\u0131kl\u0131 feshedilmesi i\u00e7in orta yolu bulmaya \u00e7al\u0131\u015facak.<\/p>\n<p>Atiba\u2019ya 1 y\u0131ll\u0131k s\u00f6zle\u015fme \u00f6nerisi<\/p>\n<p>Sezon ba\u015f\u0131nda Atiba Hutchinson\u2019la 1 y\u0131ll\u0131k s\u00f6zle\u015fme imzalayan ve bu futbolcunun sezon ba\u015f\u0131ndan bu yana g\u00f6sterdi\u011fi performans sonras\u0131nda Atiba\u2019yla yeniden g\u00f6r\u00fc\u015fmeye karar veren Fikret Orman ve Y\u00f6netim Kurulu, Kanadal\u0131 futbolcuyla s\u00f6zle\u015fme uzatmak i\u00e7in 1 y\u0131ll\u0131k teklifte bulunacak. Bunun d\u0131\u015f\u0131nda Brezilyal\u0131 y\u0131ld\u0131z Adriano\u2019ya da teklif yap\u0131lacak. Sezon ba\u015f\u0131ndan itibaren Adriano\u2019yla s\u00f6zle\u015fme uzatmak i\u00e7in g\u00f6r\u00fc\u015fen y\u00f6netim, bu futbolcunun hen\u00fcz net cevap vermemesi \u00fczerine, sezon sonunda Adriano\u2019ya son bir teklif daha yapacak. Brezilyal\u0131 oyuncunun bu teklifi kabul etmemesi halinde kendisine te\u015fekk\u00fcr edilerek yollar ayr\u0131lacak.<\/p>\n<p>Kartal\u2019\u0131n g\u00fcndeminde olan bir di\u011fer isim de kiral\u0131k olarak forma giyen Kagawa. Mevcut mali \u015fartlar alt\u0131nda bu futbolcunun bonservisinin al\u0131nmas\u0131n\u0131n zor oldu\u011funu belirten y\u00f6neticiler, buna kar\u015f\u0131l\u0131k Borussia Dortmund\u2019a yeniden kiralama teklifinde bulunacak. Kagawa\u2019n\u0131n transferi sonras\u0131nda \u00f6zellikle Japonya\u2019da Be\u015fikta\u015f\u2019a kar\u015f\u0131 olu\u015fan ilgi nedeniyle bu futbolcuyu kadrosuna katmak isteyen y\u00f6netim, Japon y\u0131ld\u0131zla bir g\u00f6r\u00fc\u015fme ger\u00e7ekle\u015ftirecek. Kagawa\u2019n\u0131n olumlu cevap vermesi halinde ise Borussia Dortmund\u2019un kap\u0131s\u0131 \u00e7al\u0131nacak.<\/p>\n","protected":false},"excerpt":{"rendered":"<p>BE\u015e\u0130KTA\u015e&#8217;TA G\u00d6REVE YEN\u0130DEN GELEN F\u0130KRET ORMAN VE Y\u00d6NET\u0130M\u0130, \u00d6N\u00dcM\u00dcZDEK\u0130 SEZONUN PLANLAMASINA BU HAFTA BA\u015eLAYACAK. \u00d6NCEL\u0130\u011e\u0130 TEKN\u0130K D\u0130REKT\u00d6RE VERECEK OLAN S\u0130YAH-BEYAZLILARDA B\u0130R D\u0130\u011eER G\u00dcNDEM, SEZON SONUNDA S\u00d6ZLE\u015eMES\u0130 B\u0130TECEK OLAN OYUNCULAR. S\u0130YAH-BEYAZLILARIN AT\u0130BA&#8217;YA 1 YILLIK S\u00d6ZLE\u015eME \u00d6NERECE\u011e\u0130 \u00d6\u011eREN\u0130LD\u0130.<\/p>\n","protected":false},"author":1,"featured_media":156834,"comment_status":"closed","ping_status":"open","sticky":false,"template":"","format":"standard","meta":{"jetpack_post_was_ever_published":false,"_jetpack_newsletter_access":"","_jetpack_dont_email_post_to_subs":false,"_jetpack_newsletter_tier_id":0,"_jetpack_memberships_contains_paywalled_content":false,"_jetpack_memberships_contains_paid_content":false,"footnotes":"","jetpack_publicize_message":"","jetpack_publicize_feature_enabled":true,"jetpack_social_post_already_shared":true,"jetpack_social_options":{"image_generator_settings":{"template":"highway","default_image_id":0,"font":"","enabled":false},"version":2}},"categories":[657],"tags":[612,3383,145,31564],"class_list":["post-156833","post","type-post","status-publish","format-standard","has-post-thumbnail","hentry","category-spor","tag-belli","tag-besiktasta","tag-oluyor","tag-yolcular"],"jetpack_publicize_connections":[],"jetpack_featured_media_url":"https:\/\/i0.wp.com\/www.tvturk.com\/wp-content\/uploads\/2019\/05\/besiktasta-yolcular-belli-oluyor_5352088.jpg?fit=1000%2C747","jetpack_sharing_enabled":true,"jetpack_shortlink":"https:\/\/wp.me\/paKIfm-ENz","_links":{"self":[{"href":"http:\/\/www.tvturk.com\/index.php\/wp-json\/wp\/v2\/posts\/156833","targetHints":{"allow":["GET"]}}],"collection":[{"href":"http:\/\/www.tvturk.com\/index.php\/wp-json\/wp\/v2\/posts"}],"about":[{"href":"http:\/\/www.tvturk.com\/index.php\/wp-json\/wp\/v2\/types\/post"}],"author":[{"embeddable":true,"href":"http:\/\/www.tvturk.com\/index.php\/wp-json\/wp\/v2\/users\/1"}],"replies":[{"embeddable":true,"href":"http:\/\/www.tvturk.com\/index.php\/wp-json\/wp\/v2\/comments?post=156833"}],"version-history":[{"count":0,"href":"http:\/\/www.tvturk.com\/index.php\/wp-json\/wp\/v2\/posts\/156833\/revisions"}],"wp:featuredmedia":[{"embeddable":true,"href":"http:\/\/www.tvturk.com\/index.php\/wp-json\/wp\/v2\/media\/156834"}],"wp:attachment":[{"href":"http:\/\/www.tvturk.com\/index.php\/wp-json\/wp\/v2\/media?parent=156833"}],"wp:term":[{"taxonomy":"category","embeddable":true,"href":"http:\/\/www.tvturk.com\/index.php\/wp-json\/wp\/v2\/categories?post=156833"},{"taxonomy":"post_tag","embeddable":true,"href":"http:\/\/www.tvturk.com\/index.php\/wp-json\/wp\/v2\/tags?post=156833"}],"curies":[{"name":"wp","href":"https:\/\/api.w.org\/{rel}","templated":true}]}}