{"id":156961,"date":"2019-05-14T15:02:49","date_gmt":"2019-05-14T12:02:49","guid":{"rendered":"http:\/\/www.tvturk.com\/index.php\/ispanya-abd-donanmasindaki-fiirkateynini-geri-cekti\/"},"modified":"2019-05-14T15:02:49","modified_gmt":"2019-05-14T12:02:49","slug":"ispanya-abd-donanmasindaki-fiirkateynini-geri-cekti","status":"publish","type":"post","link":"http:\/\/www.tvturk.com\/index.php\/ispanya-abd-donanmasindaki-fiirkateynini-geri-cekti\/","title":{"rendered":"\u0130spanya ABD donanmas\u0131ndaki F\u0131irkateynini geri \u00e7ekti"},"content":{"rendered":"<p>\u0130spanya Savunma Bakan vekili Margarita Robles, \u0130spanya\u2019n\u0131n g\u00f6n\u00fcls\u00fcz bir \u015fekilde \u0130ran ile ilgili herhangi bir \u00e7at\u0131\u015fman\u0131n i\u00e7in \u00e7ekilmek istemedi\u011fini s\u00f6yledi. Abraham Lincoln U\u00e7ak gemisi e\u015fli\u011finde \u0130ran K\u00f6rfezi\u2019ne g\u00f6nderilen ABD Donanmas\u0131yla ortak hareket eden F\u0131rkateyni M\u00e9ndez Nunez\u2019i  geri \u00e7eken \u0130spanya Savunma Bakan vekili Margarita Robles konuyla ilgili yapt\u0131\u011f\u0131 a\u00e7\u0131klamada, \u0130spanya h\u00fckumetinin \u201cciddi ve g\u00fcvenilir bir partner\u201d oldu\u011funu ancak, bunun yaln\u0131zca Avrupa Birli\u011fi ve NATO ile yap\u0131lan anla\u015fmalara ba\u011fl\u0131 oldu\u011funu s\u00f6yledi.<\/p>\n<p>\u0130spanya\u2019n\u0131n Savunma Bakan Vekili Margarita Robles, Washington ile \u0130ran aras\u0131ndaki anla\u015fmazl\u0131k sebebiyle K\u00f6rfeze g\u00f6nderilen ABD donanmas\u0131n\u0131n i\u00e7inde ge\u00e7ici olarak yer alan \u0130spanyol firkateyni M\u00e9ndez N\u00fa\u00f1ez\u2019in 125 m\u00fcrettebat\u0131yla birlikte bu gruptan ayr\u0131lmas\u0131 emrini verdi. ABD donanmas\u0131 halen K\u0131z\u0131l Deniz ile Hindi Okyanusunu birle\u015ftiren Mendez bo\u011faz\u0131ndan ge\u00e7ti ve \u0130ran K\u00f6rfezine girmek i\u00e7in H\u00fcrm\u00fcz bo\u011faz\u0131na do\u011fru yol almakta.<\/p>\n<p>Bakan Robles, \u0130spanya\u2019n\u0131n yaln\u0131zca AB ve Uluslararas\u0131 Te\u015fkilatlara olan taahh\u00fctlerine ba\u011fl\u0131 oldu\u011funu belirterek \u201cBiz ortak pozisyonumuzu buradan al\u0131r\u0131z\u201d dedi.<\/p>\n<p>\u0130spanya\u2019n\u0131n F\u0131rkateyn Mendez Nunez\u2019in  Nisan\u0131n 30\u2019inden 31 Ekime kadar s\u00fcrecek ortak e\u011fitim ve \u00e7al\u0131\u015fabilirli\u011fini geli\u015ftirmek maksad\u0131yla bir y\u0131l \u00f6nce planlanan bir tatbikat i\u00e7in ABD\u2019nin Lincoln U\u00e7ak gemisinin liderli\u011fi alt\u0131ndaki filoda ge\u00e7ici olarak yer ald\u0131\u011f\u0131, \u0130spanya\u2019n\u0131n, ABD donanmas\u0131nda ba\u015fka bir gemisinin bulunmad\u0131\u011f\u0131 kaydedildi. \u0130spanyol gemisinin Akdeniz, K\u0131z\u0131l Deniz, Hint Okyanusu, G\u00fcney \u00c7in Denizi ve Pasifik Okyanusunu ge\u00e7tikten sonra Kaliforniya\u2019n\u0131n San Diego liman\u0131na gitmesi planlanm\u0131\u015ft\u0131.<\/p>\n","protected":false},"excerpt":{"rendered":"<p>\u0130SPANYA\u2019NIN SAVUNMA BAKAN VEK\u0130L\u0130 MARGAR\u0130TA ROBLES, WASH\u0130NGTON \u0130LE \u0130RAN ARASINDAK\u0130 ANLA\u015eMAZLIK SEBEB\u0130YLE K\u00d6RFEZE G\u00d6NDER\u0130LEN ABD DONANMASININ \u0130\u00c7\u0130NDE GE\u00c7\u0130C\u0130 OLARAK YER ALAN \u0130SPANYOL F\u0130RKATEYN\u0130 M\u00c9NDEZ N\u00da\u00d1EZ\u2019\u0130N 125 M\u00dcRETTEBATIYLA B\u0130RL\u0130KTE BU GRUPTAN AYRILMASI EMR\u0130N\u0130 VERD\u0130.<\/p>\n","protected":false},"author":1,"featured_media":156962,"comment_status":"closed","ping_status":"open","sticky":false,"template":"","format":"standard","meta":{"jetpack_post_was_ever_published":false,"_jetpack_newsletter_access":"","_jetpack_dont_email_post_to_subs":false,"_jetpack_newsletter_tier_id":0,"_jetpack_memberships_contains_paywalled_content":false,"_jetpack_memberships_contains_paid_content":false,"footnotes":"","jetpack_publicize_message":"","jetpack_publicize_feature_enabled":true,"jetpack_social_post_already_shared":true,"jetpack_social_options":{"image_generator_settings":{"template":"highway","default_image_id":0,"font":"","enabled":false},"version":2}},"categories":[10],"tags":[1936,593,36374,36375,592,13435],"class_list":["post-156961","post","type-post","status-publish","format-standard","has-post-thumbnail","hentry","category-dunya","tag-abd","tag-cekti","tag-donanmasindaki","tag-fiirkateynini","tag-geri","tag-ispanya"],"jetpack_publicize_connections":[],"jetpack_featured_media_url":"https:\/\/i0.wp.com\/www.tvturk.com\/wp-content\/uploads\/2019\/05\/ispanya-abd-donanmasindaki-fiirkateynini-geri-cekti_d5d219c.jpg?fit=1000%2C604","jetpack_sharing_enabled":true,"jetpack_shortlink":"https:\/\/wp.me\/paKIfm-EPD","_links":{"self":[{"href":"http:\/\/www.tvturk.com\/index.php\/wp-json\/wp\/v2\/posts\/156961","targetHints":{"allow":["GET"]}}],"collection":[{"href":"http:\/\/www.tvturk.com\/index.php\/wp-json\/wp\/v2\/posts"}],"about":[{"href":"http:\/\/www.tvturk.com\/index.php\/wp-json\/wp\/v2\/types\/post"}],"author":[{"embeddable":true,"href":"http:\/\/www.tvturk.com\/index.php\/wp-json\/wp\/v2\/users\/1"}],"replies":[{"embeddable":true,"href":"http:\/\/www.tvturk.com\/index.php\/wp-json\/wp\/v2\/comments?post=156961"}],"version-history":[{"count":0,"href":"http:\/\/www.tvturk.com\/index.php\/wp-json\/wp\/v2\/posts\/156961\/revisions"}],"wp:featuredmedia":[{"embeddable":true,"href":"http:\/\/www.tvturk.com\/index.php\/wp-json\/wp\/v2\/media\/156962"}],"wp:attachment":[{"href":"http:\/\/www.tvturk.com\/index.php\/wp-json\/wp\/v2\/media?parent=156961"}],"wp:term":[{"taxonomy":"category","embeddable":true,"href":"http:\/\/www.tvturk.com\/index.php\/wp-json\/wp\/v2\/categories?post=156961"},{"taxonomy":"post_tag","embeddable":true,"href":"http:\/\/www.tvturk.com\/index.php\/wp-json\/wp\/v2\/tags?post=156961"}],"curies":[{"name":"wp","href":"https:\/\/api.w.org\/{rel}","templated":true}]}}