{"id":157027,"date":"2019-05-14T16:45:04","date_gmt":"2019-05-14T13:45:04","guid":{"rendered":"http:\/\/www.tvturk.com\/index.php\/tspbnin-yeni-baskani-alp-keler-oldu\/"},"modified":"2019-05-14T16:45:04","modified_gmt":"2019-05-14T13:45:04","slug":"tspbnin-yeni-baskani-alp-keler-oldu","status":"publish","type":"post","link":"http:\/\/www.tvturk.com\/index.php\/tspbnin-yeni-baskani-alp-keler-oldu\/","title":{"rendered":"TSPB\u2019nin yeni ba\u015fkan\u0131 Alp Keler oldu"},"content":{"rendered":"<p>Dr. Alp Keler, T\u00fcrkiye Sermaye Piyasalar\u0131 Birli\u011fi\u2019nin 19. Ola\u011fan Genel Kurulu toplant\u0131s\u0131 sonucunda birli\u011fin yeni ba\u015fkan\u0131 se\u00e7ildi.<\/p>\n<p>T\u00fcrkiye Sermaye Piyasalar\u0131 Birli\u011fi\u2019nin (TSPB) 19. Ola\u011fan Genel Kurul Toplant\u0131s\u0131, 200\u2019e yak\u0131n sekt\u00f6r temsilcisinin kat\u0131l\u0131m\u0131yla ger\u00e7ekle\u015fti. Toplant\u0131n\u0131n a\u00e7\u0131l\u0131\u015f konu\u015fmalar\u0131n\u0131 Sermaye Piyasas\u0131 Kurulu Ba\u015fkan\u0131 Ali Fuat Ta\u015fkesenlio\u011flu, Borsa \u0130stanbul A.\u015e. Ba\u015fkan\u0131 Prof. Dr. Eri\u015fah Ar\u0131can, Borsa \u0130stanbul A.\u015e. Genel M\u00fcd\u00fcr, Y\u00f6netim Kurulu Ba\u015fkan Vekili Murat \u00c7etinkaya ve TSPB Ba\u015fkan\u0131 Erhan Topa\u00e7 yapt\u0131. Toplant\u0131 kapsam\u0131nda 2018 y\u0131l\u0131 faaliyetleri de\u011ferlendirildi. A\u00e7\u0131l\u0131\u015f konu\u015fmalar\u0131n\u0131n ard\u0131ndan bas\u0131na kapal\u0131 olarak ger\u00e7ekle\u015ftirilen genel kurul toplant\u0131s\u0131 sonucunda  TSPB\u2019nin yeni ba\u015fkan\u0131 Alp Keler oldu.<\/p>\n<p>\u201c3,15 milyar TL\u2019lik bu ihrac\u0131n ba\u015far\u0131s\u0131, sermaye piyasalar\u0131nda d\u00f6n\u00fcm noktas\u0131 olarak kabul edilebilir\u201d<\/p>\n<p>Genel kurul \u00f6ncesi a\u00e7\u0131l\u0131\u015f konu\u015fmas\u0131 TSPB Ba\u015fkan\u0131 Erhan Topa\u00e7, g\u00f6rev yap\u0131klar\u0131 bir y\u0131ll\u0131k s\u00fcrecin se\u00e7imler, yurti\u00e7i ve yurtd\u0131\u015f\u0131nda ya\u015fanan \u00e7alkant\u0131larla ge\u00e7ti\u011fini vurgulayarak, \u201cKurlar\u0131n, faizlerin ve enflasyonun y\u00fckselmesini, borsa endeksinin gerilemesini deneyimledik. Bu d\u00f6nemde, \u00fcyelerimizin mali g\u00fc\u00e7lerini koruduklar\u0131n\u0131, sekt\u00f6r\u00fcn karl\u0131l\u0131\u011f\u0131n\u0131n y\u00fckseldi\u011fini g\u00f6rd\u00fck. Sermaye piyasalar\u0131m\u0131z bu dalgal\u0131 s\u00fcreci de ba\u015far\u0131yla ge\u00e7ti. Di\u011fer taraftan, \u00fcr\u00fcn ve hizmet \u00e7e\u015fitlenmesi anlam\u0131nda bu sene \u00f6zg\u00fcn giri\u015fimlere ve ilklere \u015fahit olduk. \u00d6rne\u011fin, uluslararas\u0131 sermaye piyasalar\u0131nda yo\u011fun olarak kullan\u0131lan menkul k\u0131ymetle\u015ftirme faaliyetlerinin \u00fclkemizde de yayg\u0131nla\u015fmas\u0131 i\u00e7in \u00f6nemli bir ad\u0131m at\u0131larak, Aral\u0131k 2018\u2019de T\u00fcrkiye Kalk\u0131nma ve Yat\u0131r\u0131m Bankas\u0131 taraf\u0131ndan tamamlan varl\u0131\u011fa dayal\u0131 menkul k\u0131ymet ihrac\u0131 yap\u0131ld\u0131. 3,15 milyar TL\u2019lik bu ihrac\u0131n ba\u015far\u0131s\u0131, sermaye piyasalar\u0131nda d\u00f6n\u00fcm noktas\u0131 olarak kabul edilebilir\u201d ifadelerini kulland\u0131.<\/p>\n<p>Topa\u00e7, \u201cAyr\u0131ca, 2018 y\u0131l\u0131nda faaliyete ge\u00e7en Borsa \u0130stanbul Swap Piyasas\u0131 ile tezgah\u00fcst\u00fc piyasalarda ger\u00e7ekle\u015ftirilen i\u015flemlerin, organize bir piyasa g\u00fcvencesinde yap\u0131labilmesinin ve t\u00fcrev pazarlar\u0131m\u0131z\u0131n derinli\u011finin art\u0131\u015f\u0131n\u0131n \u00f6n\u00fc a\u00e7\u0131lm\u0131\u015f oldu. Borsam\u0131z\u0131n \u00f6nc\u00fcl\u00fck etti\u011fi bir di\u011fer \u00f6nemli \u00e7al\u0131\u015fma ise Repo ve Para Piyasalar\u0131nda konsolidasyonun sa\u011flanarak k\u0131sa vadeli TL referans de\u011fi\u015fken faizin olu\u015fturulmaya \u00e7al\u0131\u015f\u0131lmas\u0131. \u00d6n\u00fcm\u00fczdeki g\u00fcnlerde bu referans faizi \u00fczerine geli\u015ftirilecek t\u00fcrev ara\u00e7larla sermaye piyasam\u0131z\u0131n derinli\u011fi daha da art\u0131yor olacak. \u00dclkemizin s\u00fcrd\u00fcr\u00fclebilir b\u00fcy\u00fcme ortam\u0131na ge\u00e7mesi i\u00e7in finansal mimar\u0131n\u0131n d\u00f6n\u00fc\u015fmesi gerekti\u011fini hep beraber g\u00f6rd\u00fck. Sermaye piyasalar\u0131m\u0131z\u0131n \u00dclkemizin b\u00fcy\u00fcmesinde daha fazla rol almas\u0131 gerekiyor. Bu yolda Birli\u011fimize de \u00f6nemli g\u00f6revler d\u00fc\u015f\u00fcyor\u201d \u015feklinde konu\u015ftu.<\/p>\n<p>\u201c2018 y\u0131l\u0131ndan itibaren atmaya ba\u015flad\u0131\u011f\u0131m\u0131z ad\u0131mlar\u0131 2019 y\u0131l\u0131nda da s\u00fcrd\u00fcrmeye devam edece\u011fiz\u201d<\/p>\n<p>Toplant\u0131da konu\u015fan Borsa \u0130stanbul A.\u015e. Ba\u015fkan\u0131 Prof. Dr. Eri\u015fah Ar\u0131can, \u201cBorsa \u0130stanbul olarak \u00dclkemizin, \u00f6nceliklerini dikkate almak suretiyle 2019-2021 y\u0131llar\u0131n\u0131 kapsayan bir stratejik plan\u0131m\u0131z\u0131 haz\u0131rlam\u0131\u015f bulunuyoruz. Bunu da T\u00fcrk sermaye piyasalar\u0131n\u0131 nas\u0131l derinle\u015ftirip \u00e7e\u015fitlendirebiliriz \u00fczerinde odakland\u0131k. Bu stratejik \u00f6nceli\u011fi ger\u00e7ekle\u015ftirmesine y\u00f6nelik 2018 y\u0131l\u0131ndan itibaren atmaya ba\u015flad\u0131\u011f\u0131m\u0131z ad\u0131mlar\u0131 2019 y\u0131l\u0131nda da s\u00fcrd\u00fcrmeye devam edece\u011fiz\u201d dedi.<\/p>\n","protected":false},"excerpt":{"rendered":"<p>DR. ALP KELER, T\u00dcRK\u0130YE SERMAYE P\u0130YASALARI B\u0130RL\u0130\u011e\u0130\u2019N\u0130N 19. OLA\u011eAN GENEL KURULU TOPLANTISI SONUCUNDA B\u0130RL\u0130\u011e\u0130N YEN\u0130 BA\u015eKANI SE\u00c7\u0130LD\u0130.<\/p>\n","protected":false},"author":1,"featured_media":157028,"comment_status":"closed","ping_status":"open","sticky":false,"template":"","format":"standard","meta":{"jetpack_post_was_ever_published":false,"_jetpack_newsletter_access":"","_jetpack_dont_email_post_to_subs":false,"_jetpack_newsletter_tier_id":0,"_jetpack_memberships_contains_paywalled_content":false,"_jetpack_memberships_contains_paid_content":false,"footnotes":"","jetpack_publicize_message":"","jetpack_publicize_feature_enabled":true,"jetpack_social_post_already_shared":true,"jetpack_social_options":{"image_generator_settings":{"template":"highway","default_image_id":0,"font":"","enabled":false},"version":2}},"categories":[19],"tags":[5314,216,36400,77,36399,87],"class_list":["post-157027","post","type-post","status-publish","format-standard","has-post-thumbnail","hentry","category-ekonomi","tag-alp","tag-baskani","tag-keler","tag-oldu","tag-tspbnin","tag-yeni"],"jetpack_publicize_connections":[],"jetpack_featured_media_url":"https:\/\/i0.wp.com\/www.tvturk.com\/wp-content\/uploads\/2019\/05\/tspbnin-yeni-baskani-alp-keler-oldu_ba7425e.jpg?fit=1000%2C632","jetpack_sharing_enabled":true,"jetpack_shortlink":"https:\/\/wp.me\/paKIfm-EQH","_links":{"self":[{"href":"http:\/\/www.tvturk.com\/index.php\/wp-json\/wp\/v2\/posts\/157027","targetHints":{"allow":["GET"]}}],"collection":[{"href":"http:\/\/www.tvturk.com\/index.php\/wp-json\/wp\/v2\/posts"}],"about":[{"href":"http:\/\/www.tvturk.com\/index.php\/wp-json\/wp\/v2\/types\/post"}],"author":[{"embeddable":true,"href":"http:\/\/www.tvturk.com\/index.php\/wp-json\/wp\/v2\/users\/1"}],"replies":[{"embeddable":true,"href":"http:\/\/www.tvturk.com\/index.php\/wp-json\/wp\/v2\/comments?post=157027"}],"version-history":[{"count":0,"href":"http:\/\/www.tvturk.com\/index.php\/wp-json\/wp\/v2\/posts\/157027\/revisions"}],"wp:featuredmedia":[{"embeddable":true,"href":"http:\/\/www.tvturk.com\/index.php\/wp-json\/wp\/v2\/media\/157028"}],"wp:attachment":[{"href":"http:\/\/www.tvturk.com\/index.php\/wp-json\/wp\/v2\/media?parent=157027"}],"wp:term":[{"taxonomy":"category","embeddable":true,"href":"http:\/\/www.tvturk.com\/index.php\/wp-json\/wp\/v2\/categories?post=157027"},{"taxonomy":"post_tag","embeddable":true,"href":"http:\/\/www.tvturk.com\/index.php\/wp-json\/wp\/v2\/tags?post=157027"}],"curies":[{"name":"wp","href":"https:\/\/api.w.org\/{rel}","templated":true}]}}