{"id":157121,"date":"2019-05-15T02:14:57","date_gmt":"2019-05-14T23:14:57","guid":{"rendered":"http:\/\/www.tvturk.com\/index.php\/vali-kemal-ceber-minik-barisi-makaminda-agirladi\/"},"modified":"2019-05-15T02:14:57","modified_gmt":"2019-05-14T23:14:57","slug":"vali-kemal-ceber-minik-barisi-makaminda-agirladi","status":"publish","type":"post","link":"http:\/\/www.tvturk.com\/index.php\/vali-kemal-ceber-minik-barisi-makaminda-agirladi\/","title":{"rendered":"Vali Kemal \u00c7eber, Minik Bar\u0131\u015f\u2019\u0131 makam\u0131nda a\u011f\u0131rlad\u0131"},"content":{"rendered":"<p>Rize Valisi Kemal \u00c7eber, F\u0131nd\u0131kl\u0131 il\u00e7esinde kaybolan Bar\u0131\u015f Y\u0131ld\u0131r\u0131m\u2019\u0131, babas\u0131 Emin Y\u0131ld\u0131r\u0131m ile birlikte makam\u0131nda a\u011f\u0131rlad\u0131.<\/p>\n<p>Rize\u2019nin F\u0131nd\u0131kl\u0131 il\u00e7esinde 1 May\u0131s tarihinde kaybolan ve bir sonraki g\u00fcn bulunarak ailesine teslim edilen Bar\u0131\u015f Y\u0131ld\u0131r\u0131m, babas\u0131 Emin Y\u0131ld\u0131r\u0131m e\u015fli\u011finde, Vali \u00c7eber\u2019i ziyaret etti. Baba Y\u0131ld\u0131r\u0131m \u00e7ocuklar\u0131n\u0131n kaybolmas\u0131 noktas\u0131nda Vali \u00c7eber\u2019e g\u00f6stermi\u015f olduklar\u0131 hassasiyet ve \u00f6zverili \u00e7al\u0131\u015fmalar sonucu o\u011flunun k\u0131sa s\u00fcre i\u00e7erisinde bulunmas\u0131ndan \u00f6t\u00fcr\u00fc duydu\u011fu memnuniyeti dile getirerek te\u015fekk\u00fcr etti.<\/p>\n<p>Valilik makam\u0131nda ger\u00e7ekle\u015ftirilen ziyarette Minik Bar\u0131\u015f\u2019\u0131n fiziki, psikolojik durumu ve olay hakk\u0131nda detayl\u0131 bilgiler alan, Bar\u0131\u015f\u2019\u0131 g\u00f6rmekten duydu\u011fu mutlulu\u011fu ifade eden Vali \u00c7eber; \u201c\u00c7ocuklar\u0131m\u0131z bizler i\u00e7in \u00e7ok \u00f6nemli. Toplum olarak \u00e7ocuklar\u0131m\u0131za kar\u015f\u0131 ayr\u0131 bir hassasiyete sahibiz. Olay\u0131n ger\u00e7ekle\u015fti\u011fi g\u00fcn t\u00fcm vatanda\u015flar\u0131m\u0131zda bizlerle birlikte seferber oldular. Onlara ve kurtarma ekiplerine tekrar te\u015fekk\u00fcr ediyorum. Umar\u0131m b\u00f6yle bir olayla tekrar kar\u015f\u0131la\u015fmay\u0131z\u201d \u015feklinde konu\u015ftu.<\/p>\n","protected":false},"excerpt":{"rendered":"<p>R\u0130ZE VAL\u0130S\u0130 KEMAL \u00c7EBER, FINDIKLI \u0130L\u00c7ES\u0130NDE KAYBOLAN BARI\u015e YILDIRIM\u2019I, BABASI EM\u0130N YILDIRIM \u0130LE B\u0130RL\u0130KTE MAKAMINDA A\u011eIRLADI<\/p>\n","protected":false},"author":1,"featured_media":157122,"comment_status":"closed","ping_status":"open","sticky":false,"template":"","format":"standard","meta":{"jetpack_post_was_ever_published":false,"_jetpack_newsletter_access":"","_jetpack_dont_email_post_to_subs":false,"_jetpack_newsletter_tier_id":0,"_jetpack_memberships_contains_paywalled_content":false,"_jetpack_memberships_contains_paid_content":false,"footnotes":"","jetpack_publicize_message":"","jetpack_publicize_feature_enabled":true,"jetpack_social_post_already_shared":true,"jetpack_social_options":{"image_generator_settings":{"template":"highway","default_image_id":0,"font":"","enabled":false},"version":2}},"categories":[1],"tags":[277,5083,641,640,12122,1636,148],"class_list":["post-157121","post","type-post","status-publish","format-standard","has-post-thumbnail","hentry","category-genel","tag-agirladi","tag-barisi","tag-ceber","tag-kemal","tag-makaminda","tag-minik","tag-vali"],"jetpack_publicize_connections":[],"jetpack_featured_media_url":"https:\/\/i0.wp.com\/www.tvturk.com\/wp-content\/uploads\/2019\/05\/vali-kemal-ceber-minik-barisi-makaminda-agirladi_d5317a3.jpg?fit=1000%2C666","jetpack_sharing_enabled":true,"jetpack_shortlink":"https:\/\/wp.me\/paKIfm-ESd","_links":{"self":[{"href":"http:\/\/www.tvturk.com\/index.php\/wp-json\/wp\/v2\/posts\/157121","targetHints":{"allow":["GET"]}}],"collection":[{"href":"http:\/\/www.tvturk.com\/index.php\/wp-json\/wp\/v2\/posts"}],"about":[{"href":"http:\/\/www.tvturk.com\/index.php\/wp-json\/wp\/v2\/types\/post"}],"author":[{"embeddable":true,"href":"http:\/\/www.tvturk.com\/index.php\/wp-json\/wp\/v2\/users\/1"}],"replies":[{"embeddable":true,"href":"http:\/\/www.tvturk.com\/index.php\/wp-json\/wp\/v2\/comments?post=157121"}],"version-history":[{"count":0,"href":"http:\/\/www.tvturk.com\/index.php\/wp-json\/wp\/v2\/posts\/157121\/revisions"}],"wp:featuredmedia":[{"embeddable":true,"href":"http:\/\/www.tvturk.com\/index.php\/wp-json\/wp\/v2\/media\/157122"}],"wp:attachment":[{"href":"http:\/\/www.tvturk.com\/index.php\/wp-json\/wp\/v2\/media?parent=157121"}],"wp:term":[{"taxonomy":"category","embeddable":true,"href":"http:\/\/www.tvturk.com\/index.php\/wp-json\/wp\/v2\/categories?post=157121"},{"taxonomy":"post_tag","embeddable":true,"href":"http:\/\/www.tvturk.com\/index.php\/wp-json\/wp\/v2\/tags?post=157121"}],"curies":[{"name":"wp","href":"https:\/\/api.w.org\/{rel}","templated":true}]}}