{"id":157160,"date":"2019-05-15T09:57:56","date_gmt":"2019-05-15T06:57:56","guid":{"rendered":"http:\/\/www.tvturk.com\/index.php\/tesk-baskani-palandoken-bilincli-tarim-ve-toprak-analizi-verimi-artirir\/"},"modified":"2019-05-15T09:57:56","modified_gmt":"2019-05-15T06:57:56","slug":"tesk-baskani-palandoken-bilincli-tarim-ve-toprak-analizi-verimi-artirir","status":"publish","type":"post","link":"http:\/\/www.tvturk.com\/index.php\/tesk-baskani-palandoken-bilincli-tarim-ve-toprak-analizi-verimi-artirir\/","title":{"rendered":"TESK Ba\u015fkan\u0131 Paland\u00f6ken: \u201cBilin\u00e7li tar\u0131m ve toprak analizi verimi art\u0131r\u0131r\u201d"},"content":{"rendered":"<p>TESK Genel Ba\u015fkan\u0131 Bendevi Paland\u00f6ken, \u201cT\u00fcrkiye\u2019den daha k\u00fc\u00e7\u00fck y\u00fcz \u00f6l\u00e7\u00fcm\u00fcne sahip bir\u00e7ok Avrupa \u00fclkesinde tar\u0131msal verimlilik \u00e7ok daha y\u00fcksek. \u00dclkemizdeki g\u0131da fiyatlar\u0131n\u0131n artmas\u0131n\u0131n temel nedenlerinden biri bilin\u00e7li tar\u0131m uygulamalar\u0131n\u0131n olmamas\u0131ndan kaynaklan\u0131yor. Maliyetleri d\u00fc\u015f\u00fcrmek, verimi art\u0131rmak ve tar\u0131mdaki ba\u015far\u0131y\u0131 \u00fcst seviyelere \u00e7\u0131karmak i\u00e7in tar\u0131m alanlar\u0131nda mutlaka toprak analizi yap\u0131lmal\u0131d\u0131r\u201d dedi.<\/p>\n<p>\u00dcr\u00fcn pahal\u0131l\u0131\u011f\u0131n\u0131n \u00f6n\u00fcne ge\u00e7mek ve tar\u0131msal verimlili\u011fi art\u0131rman\u0131n \u00f6nemini vurgulayan T\u00fcrkiye Esnaf ve Sanatkarlar\u0131 Konfederasyonu (TESK) Genel Ba\u015fkan\u0131 Bendevi Paland\u00f6ken, bilin\u00e7li tar\u0131m politikalar\u0131 ve toprak analizinin \u00f6nemine dikkat \u00e7ekti. Tar\u0131m alanlar\u0131nda yap\u0131lan toprak analizinin verimlilik a\u00e7\u0131s\u0131ndan hayati \u00f6nem ta\u015f\u0131d\u0131\u011f\u0131n\u0131 ifade eden Paland\u00f6ken, \u201cD\u00fcnyada kendi kendine yetebilen say\u0131l\u0131 \u00fclkeler aras\u0131nda yer alan \u00fclkemiz, b\u00fcy\u00fck bir tar\u0131m potansiyeline sahip. \u0130klimsel \u00f6zellikler ve \u00fclkemizin co\u011frafi konumu sayesinde f\u0131nd\u0131k, kiraz ve incir \u00fcretiminde d\u00fcnyada birinci s\u0131raday\u0131z. Verimli Anadolu topraklar\u0131nda yeti\u015fen \u00e7ok say\u0131da tar\u0131m \u00fcr\u00fcn\u00fcyle d\u00fcnyan\u0131n \u00f6nde gelen tar\u0131m \u00fclkelerinden biriyiz. E\u011fer \u00fclkemizdeki tar\u0131m politikalar\u0131 daha bilin\u00e7li ve kaliteli bir \u015fekilde uygulan\u0131rsa tar\u0131msal gelir a\u00e7\u0131s\u0131ndan milli ekonomiye daha b\u00fcy\u00fck bir katk\u0131 sa\u011flayabiliriz. Bunun i\u00e7in de \u00f6ncelikle toprak analizinin \u00fczerinde durmal\u0131y\u0131z. Toprak anay\u0131 k\u00fcst\u00fcrmemek i\u00e7in yanl\u0131\u015f sulama ve bilin\u00e7siz g\u00fcbrelemenin \u00f6n\u00fcne ge\u00e7meliyiz. Son zamanlarda tar\u0131m \u00fcr\u00fcnlerinde g\u00f6r\u00fclen fiyat art\u0131\u015f\u0131n\u0131n \u00f6n\u00fcne ge\u00e7menin yolu da do\u011fru tar\u0131m politikalar\u0131n\u0131 uygulamaya koymaktan ge\u00e7iyor\u201d diye konu\u015ftu.<\/p>\n<p>\u201cTar\u0131mda milli seferberlik ba\u015flat\u0131lmal\u0131\u201d<\/p>\n<p>\u00dclkemizdeki tar\u0131m arazilerinin \u00e7ok par\u00e7al\u0131 ve da\u011f\u0131n\u0131k oldu\u011funa de\u011finen Paland\u00f6ken, \u201cTar\u0131msal arazilerin bu yap\u0131s\u0131, tar\u0131mdaki baz\u0131 modern tekniklerin uygulanmas\u0131n\u0131 zorla\u015ft\u0131rd\u0131\u011f\u0131 gibi maliyetleri de art\u0131r\u0131yor. Hem \u00e7ift\u00e7inin kazanc\u0131 d\u00fc\u015f\u00fcyor hem de fiyatlara olumsuz yans\u0131yor. G\u0131da kalemindeki enflasyonu da olumsuz etkileyen bu durumun \u00f6n\u00fcne ge\u00e7ebilmek i\u00e7in tar\u0131m politikalar\u0131m\u0131z g\u00f6zden ge\u00e7irilmeli. Yap\u0131lan ara\u015ft\u0131rmalara g\u00f6re bir d\u00f6n\u00fcml\u00fck arazide bile do\u011fru g\u00fcbre kullanmak y\u00fczde 40 civar\u0131nda \u00fcr\u00fcn art\u0131\u015f\u0131 sa\u011fl\u0131yor. En y\u00fcksek verimi almak i\u00e7in tar\u0131m alanlar\u0131nda toprak, g\u00fcbre, tohum ve su do\u011fru kullan\u0131lmal\u0131. \u00d6te yandan BM G\u0131da ve Tar\u0131m \u00d6rg\u00fct\u00fc tahminlerine g\u00f6re 2050 y\u0131l\u0131na kadar d\u00fcnyada g\u0131da talebinin bug\u00fcne oranla y\u00fczde 70 artmas\u0131 bekleniyor. Her ge\u00e7en g\u00fcn \u00e7o\u011falan n\u00fcfus ve buna ba\u011fl\u0131 olarak artan g\u0131da talebini f\u0131rsata \u00e7evirmek i\u00e7in tar\u0131m alan\u0131nda milli seferberlik ba\u015flatmal\u0131y\u0131z\u201d ifadelerini kulland\u0131.<\/p>\n","protected":false},"excerpt":{"rendered":"<p>TESK GENEL BA\u015eKANI BENDEV\u0130 PALAND\u00d6KEN, \u201cT\u00dcRK\u0130YE\u2019DEN DAHA K\u00dc\u00c7\u00dcK Y\u00dcZ \u00d6L\u00c7\u00dcM\u00dcNE SAH\u0130P B\u0130R\u00c7OK AVRUPA \u00dcLKES\u0130NDE TARIMSAL VER\u0130ML\u0130L\u0130K \u00c7OK DAHA Y\u00dcKSEK. \u00dcLKEM\u0130ZDEK\u0130 GIDA F\u0130YATLARININ ARTMASININ TEMEL NEDENLER\u0130NDEN B\u0130R\u0130, B\u0130L\u0130N\u00c7L\u0130 TARIM UYGULAMALARININ OLMAMASINDAN KAYNAKLANIYOR. MAL\u0130YETLER\u0130 D\u00dc\u015e\u00dcRMEK, VER\u0130M\u0130 ARTIRMAK VE TARIMDAK\u0130 BA\u015eARIYI \u00dcST SEV\u0130YELERE \u00c7IKARMAK \u0130\u00c7\u0130N TARIM ALANLARINDA MUTLAKA TOPRAK ANAL\u0130Z\u0130 YAPILMALIDIR\u201d DED\u0130.<\/p>\n","protected":false},"author":1,"featured_media":157161,"comment_status":"closed","ping_status":"open","sticky":false,"template":"","format":"standard","meta":{"jetpack_post_was_ever_published":false,"_jetpack_newsletter_access":"","_jetpack_dont_email_post_to_subs":false,"_jetpack_newsletter_tier_id":0,"_jetpack_memberships_contains_paywalled_content":false,"_jetpack_memberships_contains_paid_content":false,"footnotes":"","jetpack_publicize_message":"","jetpack_publicize_feature_enabled":true,"jetpack_social_post_already_shared":true,"jetpack_social_options":{"image_generator_settings":{"template":"highway","default_image_id":0,"font":"","enabled":false},"version":2}},"categories":[19],"tags":[13489,11308,36447,216,8073,2403,12357,9353,621],"class_list":["post-157160","post","type-post","status-publish","format-standard","has-post-thumbnail","hentry","category-ekonomi","tag-bilincli","tag-analizi","tag-artirir","tag-baskani","tag-palandoken","tag-tarim","tag-tesk","tag-toprak","tag-verimi"],"jetpack_publicize_connections":[],"jetpack_featured_media_url":"https:\/\/i0.wp.com\/www.tvturk.com\/wp-content\/uploads\/2019\/05\/tesk-baskani-palandoken-bilincli-tarim-ve-toprak-analizi-verimi-artirir_16ad2c4.jpg?fit=1000%2C667","jetpack_sharing_enabled":true,"jetpack_shortlink":"https:\/\/wp.me\/paKIfm-ESQ","_links":{"self":[{"href":"http:\/\/www.tvturk.com\/index.php\/wp-json\/wp\/v2\/posts\/157160","targetHints":{"allow":["GET"]}}],"collection":[{"href":"http:\/\/www.tvturk.com\/index.php\/wp-json\/wp\/v2\/posts"}],"about":[{"href":"http:\/\/www.tvturk.com\/index.php\/wp-json\/wp\/v2\/types\/post"}],"author":[{"embeddable":true,"href":"http:\/\/www.tvturk.com\/index.php\/wp-json\/wp\/v2\/users\/1"}],"replies":[{"embeddable":true,"href":"http:\/\/www.tvturk.com\/index.php\/wp-json\/wp\/v2\/comments?post=157160"}],"version-history":[{"count":0,"href":"http:\/\/www.tvturk.com\/index.php\/wp-json\/wp\/v2\/posts\/157160\/revisions"}],"wp:featuredmedia":[{"embeddable":true,"href":"http:\/\/www.tvturk.com\/index.php\/wp-json\/wp\/v2\/media\/157161"}],"wp:attachment":[{"href":"http:\/\/www.tvturk.com\/index.php\/wp-json\/wp\/v2\/media?parent=157160"}],"wp:term":[{"taxonomy":"category","embeddable":true,"href":"http:\/\/www.tvturk.com\/index.php\/wp-json\/wp\/v2\/categories?post=157160"},{"taxonomy":"post_tag","embeddable":true,"href":"http:\/\/www.tvturk.com\/index.php\/wp-json\/wp\/v2\/tags?post=157160"}],"curies":[{"name":"wp","href":"https:\/\/api.w.org\/{rel}","templated":true}]}}