{"id":157238,"date":"2019-05-15T11:19:52","date_gmt":"2019-05-15T08:19:52","guid":{"rendered":"http:\/\/www.tvturk.com\/index.php\/disi-kale-ici-harabe\/"},"modified":"2019-05-15T11:19:52","modified_gmt":"2019-05-15T08:19:52","slug":"disi-kale-ici-harabe","status":"publish","type":"post","link":"http:\/\/www.tvturk.com\/index.php\/disi-kale-ici-harabe\/","title":{"rendered":"D\u0131\u015f\u0131 kale i\u00e7i harabe"},"content":{"rendered":"<p>Bosna-Hersek\u2019te Osmanl\u0131 \u0130mparatorlu\u011fu d\u00f6neminde in\u015fa edilen ve o d\u00f6nem daha \u00e7ok askeri ama\u00e7l\u0131 kullan\u0131lan Ostroja\u00e7 Kalesi, bug\u00fcnk\u00fc g\u00f6r\u00fcn\u00fcm\u00fcyle d\u0131\u015f\u0131 kale i\u00e7i harabe dedirtecek hale geldi.<\/p>\n<p>Bosna-Hersek\u2019te Cazin Belediyesine ba\u011fl\u0131 Ostroja\u00e7 k\u00f6y\u00fcnde Una Nehri\u2019nin kenar\u0131nda y\u00fckselen tepede bulunan ve Osmanl\u0131 \u0130mparatorlu\u011fu d\u00f6neminde 16. Y\u00fczy\u0131l\u2019da in\u015fa edilen Ostroja\u00e7 Kalesi d\u0131\u015f g\u00f6r\u00fcn\u00fcm\u00fcn\u00fc korurken, i\u00e7i ise bak\u0131ms\u0131zl\u0131k nedeniyle harabeye d\u00f6nm\u00fc\u015f durumda. Ziyaret\u00e7ileri kalenin giri\u015finde insan ve hayvan fig\u00fcrleri kar\u015f\u0131larken, i\u00e7erisinde ise duvara kaz\u0131nm\u0131\u015f yaz\u0131lar, ziyaret\u00e7ilerin isimleri ve k\u00fcf\u00fcr i\u00e7erikli \u015fekiller g\u00f6r\u00fcl\u00fcyor. Zengin tarihine ra\u011fmen fazla ilgi g\u00f6rmeyen kalede \u015fimdiye dek hi\u00e7bir detayl\u0131 arkeolojik \u00e7al\u0131\u015fma yap\u0131lmad\u0131. Kale uzun s\u00fcre restorasyon g\u00f6rmemi\u015f oldu\u011fu i\u00e7in bak\u0131ms\u0131z halde olsa da turistlerin ilgisini \u00e7ekmeye devam ediyor.<\/p>\n<p>Tarihi Osmanl\u0131 Kalesi\u2019nden neo-gotik stile<\/p>\n<p>Kalenin tarihine bak\u0131ld\u0131\u011f\u0131nda, ismini bulundu\u011fu tarihi Ostroja\u00e7 kentinden al\u0131yor. Ostroja\u00e7 kenti ilk defa 1577\u2019de Sokullu Ferhat Pa\u015fa taraf\u0131ndan fethedilerek 1579\u2019da Osmanl\u0131 hakimiyetine girmi\u015fti. Osmanl\u0131 d\u00f6neminde yap\u0131l\u0131p bir\u00e7ok kez el de\u011fi\u015ftiren kalede beyler, \u015f\u00f6valyeler, aristokratlar\u0131n h\u00fck\u00fcm s\u00fcrd\u00fc\u011f\u00fc biliniyor. Bu nedenle kale \u00e7ok renkli ve tarihi ge\u00e7mi\u015fe sahip. Osmanl\u0131\u2019n\u0131n \u00e7ekilmesinden sonra uzun s\u00fcre Besirevic ailesinin sorumlulu\u011funda kalan Ostrozac Kalesi, 19. Y\u00fczy\u0131l\u2019da b\u00f6lgedeki ayaklanmalar sonucu 1878\u2019de Avusturya-Macaristan \u0130mparatorlu\u011fu\u2019nun idaresine ge\u00e7ti. Bosna-Hersek\u2019in Avusturya-Macaristan \u0130mparatorlu\u011fu idaresinde oldu\u011fu d\u00f6nemde, Biha\u00e7 Valisi\u2019nin iste\u011fi \u00fczerine kale farkl\u0131 bir g\u00f6r\u00fcn\u00fcme girdi. Osmanl\u0131 kalesi Ostroja\u00e7, Avusturya-Macaristan\u2019\u0131n Biha\u00e7 Valisi Lother Von Berks\u2019le neo-gotik stilinde in\u015faya tabi tutularak kaleye bug\u00fcnk\u00fc g\u00f6r\u00fcn\u00fcm kazand\u0131r\u0131ld\u0131.<\/p>\n<p>\u00d6te yandan, 1946\u2019da devlet taraf\u0131ndan millile\u015ftirilen kalede Berks ailesi hak iddia ediyor. Ge\u00e7ti\u011fimiz y\u0131llarda Cazin\u2019de a\u00e7t\u0131klar\u0131 bir dava ile kalenin iadesini talep eden Berks ailesi davay\u0131 kaybetmi\u015fti. \u0130kinci D\u00fcnya Sava\u015f\u0131\u2019n\u0131n ard\u0131ndan Yugoslavya\u2019n\u0131n kontrol\u00fcne ge\u00e7en ve bir s\u00fcre eski Yugoslavya Devlet Ba\u015fkan\u0131 Josip Broz Tito\u2019nun da kald\u0131\u011f\u0131 kale, 1969\u2019dan sonra bir d\u00f6nem farkl\u0131 sanat\u00e7\u0131lar\u0131n heykellerinin sergilendi\u011fi bir a\u00e7\u0131k hava m\u00fczesi olarak hizmet veriyor.<\/p>\n<p>Cazin Belediyesine ba\u011fl\u0131 Ostroja\u00e7 k\u00f6y\u00fcnde bulunan kale ziyaret\u00e7ilerini bekliyor.<\/p>\n","protected":false},"excerpt":{"rendered":"<p>BOSNA-HERSEK\u2019TE OSMANLI \u0130MPARATORLU\u011eU D\u00d6NEM\u0130NDE \u0130N\u015eA ED\u0130LEN VE O D\u00d6NEM DAHA \u00c7OK ASKER\u0130 AMA\u00c7LI KULLANILAN OSTROJA\u00c7 KALES\u0130, BUG\u00dcNK\u00dc G\u00d6R\u00dcN\u00dcM\u00dcYLE DI\u015eI KALE \u0130\u00c7\u0130 HARABE DED\u0130RTECEK HALE GELD\u0130.<\/p>\n","protected":false},"author":1,"featured_media":157239,"comment_status":"closed","ping_status":"open","sticky":false,"template":"","format":"standard","meta":{"jetpack_post_was_ever_published":false,"_jetpack_newsletter_access":"","_jetpack_dont_email_post_to_subs":false,"_jetpack_newsletter_tier_id":0,"_jetpack_memberships_contains_paywalled_content":false,"_jetpack_memberships_contains_paid_content":false,"footnotes":"","jetpack_publicize_message":"","jetpack_publicize_feature_enabled":true,"jetpack_social_post_already_shared":true,"jetpack_social_options":{"image_generator_settings":{"template":"highway","default_image_id":0,"font":"","enabled":false},"version":2}},"categories":[10],"tags":[1852,30918,2759,4771],"class_list":["post-157238","post","type-post","status-publish","format-standard","has-post-thumbnail","hentry","category-dunya","tag-disi","tag-harabe","tag-ici","tag-kale"],"jetpack_publicize_connections":[],"jetpack_featured_media_url":"https:\/\/i0.wp.com\/www.tvturk.com\/wp-content\/uploads\/2019\/05\/disi-kale-ici-harabe_e4c1d7c.jpg?fit=1000%2C562","jetpack_sharing_enabled":true,"jetpack_shortlink":"https:\/\/wp.me\/paKIfm-EU6","_links":{"self":[{"href":"http:\/\/www.tvturk.com\/index.php\/wp-json\/wp\/v2\/posts\/157238","targetHints":{"allow":["GET"]}}],"collection":[{"href":"http:\/\/www.tvturk.com\/index.php\/wp-json\/wp\/v2\/posts"}],"about":[{"href":"http:\/\/www.tvturk.com\/index.php\/wp-json\/wp\/v2\/types\/post"}],"author":[{"embeddable":true,"href":"http:\/\/www.tvturk.com\/index.php\/wp-json\/wp\/v2\/users\/1"}],"replies":[{"embeddable":true,"href":"http:\/\/www.tvturk.com\/index.php\/wp-json\/wp\/v2\/comments?post=157238"}],"version-history":[{"count":0,"href":"http:\/\/www.tvturk.com\/index.php\/wp-json\/wp\/v2\/posts\/157238\/revisions"}],"wp:featuredmedia":[{"embeddable":true,"href":"http:\/\/www.tvturk.com\/index.php\/wp-json\/wp\/v2\/media\/157239"}],"wp:attachment":[{"href":"http:\/\/www.tvturk.com\/index.php\/wp-json\/wp\/v2\/media?parent=157238"}],"wp:term":[{"taxonomy":"category","embeddable":true,"href":"http:\/\/www.tvturk.com\/index.php\/wp-json\/wp\/v2\/categories?post=157238"},{"taxonomy":"post_tag","embeddable":true,"href":"http:\/\/www.tvturk.com\/index.php\/wp-json\/wp\/v2\/tags?post=157238"}],"curies":[{"name":"wp","href":"https:\/\/api.w.org\/{rel}","templated":true}]}}