{"id":157254,"date":"2019-05-15T11:32:10","date_gmt":"2019-05-15T08:32:10","guid":{"rendered":"http:\/\/www.tvturk.com\/index.php\/baskentli-minikler-ornek-oluyor\/"},"modified":"2019-05-15T11:32:10","modified_gmt":"2019-05-15T08:32:10","slug":"baskentli-minikler-ornek-oluyor","status":"publish","type":"post","link":"http:\/\/www.tvturk.com\/index.php\/baskentli-minikler-ornek-oluyor\/","title":{"rendered":"Ba\u015fkentli minikler \u00f6rnek oluyor"},"content":{"rendered":"<p>Ankara B\u00fcy\u00fck\u015fehir Belediyesi, toplumsal fark\u0131ndal\u0131k olu\u015fturmak amac\u0131yla \u00f6rnek bir projeye daha imza att\u0131.<\/p>\n<p>Toplu Ta\u015f\u0131ma hizmeti vererek her g\u00fcn yakla\u015f\u0131k 2 milyon Ba\u015fkentlinin kent i\u00e7i ula\u015f\u0131m\u0131n\u0131 sa\u011flayan EGO Genel M\u00fcd\u00fcrl\u00fc\u011f\u00fc, Sincan Mare\u015fal Fevzi \u00c7akmak \u0130lkokulu ile birlikte ortak bir proje geli\u015ftirdi. Gen\u00e7 nesillerin toplu ta\u015f\u0131ma ara\u00e7lar\u0131nda davran\u0131\u015f bi\u00e7imlerini geli\u015ftirmeye y\u00f6nelik d\u00fczenlenen e\u011fitime \u00f6\u011frenciler uygulamal\u0131 olarak kat\u0131ld\u0131.<\/p>\n<p>Toplu ta\u015f\u0131mada davran\u0131\u015f bi\u00e7imleri nas\u0131l olmal\u0131?<\/p>\n<p>Toplumda genel bir hassasiyet olu\u015fturmak, kaybolmaya y\u00fcz tutan de\u011ferleri ya\u015fatmak i\u00e7in ba\u015flat\u0131lan ortak e\u011fitim projesi kapsam\u0131nda; ya\u015flar\u0131 6-7 aras\u0131nda de\u011fi\u015fen 30 \u00f6\u011frenci, 523 numaral\u0131 Etimesgut-\u0130stanbul Yolu Hatt\u0131\u2019nda sefer yapan EGO Otob\u00fcs\u00fcnde seyahat etti.<\/p>\n<p>Yolculuk esnas\u0131nda ya\u015fl\u0131, engelli ya da hamile yolculara kar\u015f\u0131 toplu ta\u015f\u0131ma kurallar\u0131 konusunda bilgilendirilen \u00f6\u011frenciler, otob\u00fcse binen b\u00fcy\u00fcklerine yer vermekte adeta yar\u0131\u015ft\u0131lar.<\/p>\n<p>K\u00fc\u00e7\u00fckler takdir toplad\u0131, b\u00fcy\u00fckler te\u015fekk\u00fcr etti<\/p>\n<p>\u201cYa\u015fl\u0131lara, engellilere ve hamilelere yer veriniz\u201d levhalar\u0131yla, k\u00fc\u00e7\u00fck ya\u015flardan itibaren a\u015f\u0131lanan bu bilinci yeniden g\u00fcndeme ta\u015f\u0131yan ve k\u00fc\u00e7\u00fcklerin b\u00fcy\u00fcklerine yer vermesi i\u00e7in uygulamal\u0131 e\u011fitime a\u011f\u0131rl\u0131k veren EGO Genel M\u00fcd\u00fcrl\u00fc\u011f\u00fc\u2019n\u00fcn, Sincan Mare\u015fal Fevzi \u00c7akmak \u0130lkokulu ile birlikte ger\u00e7ekle\u015ftirdi\u011fi \u00f6rnek proje vatanda\u015flardan da tam not ald\u0131.<\/p>\n<p>EGO yetkilileri ve \u00f6\u011fretmenleri ile birlikte otob\u00fcse nas\u0131l binilir, nas\u0131l oturulur, nas\u0131l konu\u015fulur ve nas\u0131l inilir gibi bir\u00e7ok davran\u0131\u015f bi\u00e7imini uygulamal\u0131 olarak \u00f6\u011frenen minik \u00f6\u011frenciler; ya\u015fl\u0131, engelli ve hamilelere yer verdikleri i\u00e7in de b\u00fcy\u00fcklerinden bol bol takdir toplad\u0131lar.<\/p>\n<p>Unutulan de\u011ferleri canland\u0131rmak<\/p>\n<p>Bu projenin \u00e7ocuklardaki duyarl\u0131l\u0131\u011f\u0131 art\u0131raca\u011f\u0131n\u0131 dile getiren 72 Ya\u015f\u0131ndaki H\u00fcseyin K\u00f6ksal, \u201cBir b\u00fcy\u00fck olarak mutlu oldum. Gen\u00e7lerimizin bu bilin\u00e7le yeti\u015ftirilmesi toplumun her alan\u0131na yans\u0131yacakt\u0131r. \u00c7ok yerinde bir uygulama olmu\u015f\u201dderken, Otob\u00fcste ayakta yolculuk etti\u011fi zamanlar zorland\u0131\u011f\u0131n\u0131 dile getiren 65 ya\u015f\u0131ndaki Hanife G\u00f6ksu da, \u201cArt\u0131k eski zamanlardaki hassasiyet kalmad\u0131. Gen\u00e7lerimizden daha duyarl\u0131 olmalar\u0131n\u0131 bekliyoruz. Bu \u00e7al\u0131\u015fma beni \u00e7ok mutlu etti\u201d s\u00f6zleriyle duyguland\u0131\u011f\u0131n\u0131 s\u00f6yledi.<\/p>\n<p>B\u00fcy\u00fcklerinin mutlulu\u011fu kar\u015f\u0131s\u0131nda y\u00fczleri g\u00fclen minik \u00f6\u011frencilerden \u0130lkokul 1. S\u0131n\u0131f \u00f6\u011frencisi Yusuf Eymen Bilir, \u201cB\u00fcy\u00fcklerimize otob\u00fcslerde yer vererek di\u011fer arkada\u015flar\u0131ma \u00f6rnek olmak istiyorum\u201d s\u00f6zleriyle d\u00fc\u015f\u00fcncelerini dile getirirken, Melisa \u015eahan, \u201cOnlar ayakta yoruluyor. Ya\u015fl\u0131 olduklar\u0131 i\u00e7in d\u00fc\u015febilirler. Biz \u00e7ocuklar\u0131n onlara yer vermesi gerekiyor\u201d dedi. B\u00fcy\u00fcklerden g\u00f6rd\u00fckleri sevgi nedeniyle heyecanland\u0131\u011f\u0131n\u0131 belirten \u00c7a\u011fr\u0131 Aldemir de, \u201cB\u00fcy\u00fcklerimize yer verdi\u011fimiz i\u00e7in \u00e7ok mutlu oldular ve bize te\u015fekk\u00fcr ettiler\u201d diyerek, b\u00fcy\u00fcklere sayg\u0131 g\u00f6stermenin \u00f6nemini anlad\u0131\u011f\u0131n\u0131 ifade etti.<\/p>\n<p>\u00d6rnek proje devam edecek<\/p>\n<p>EGO Genel M\u00fcd\u00fcrl\u00fc\u011f\u00fc 5. B\u00f6lge M\u00fcd\u00fcr\u00fc Murat Aksoy ise baz\u0131 gen\u00e7lerin toplu ta\u015f\u0131ma ara\u00e7lar\u0131nda oturma \u00f6nceli\u011fi bulunan ya\u015fl\u0131, engelli ve hamilelere yer vermedi\u011fini g\u00f6zlemlediklerini belirterek, bu t\u00fcr projeleri yayg\u0131nla\u015ft\u0131rmay\u0131 d\u00fc\u015f\u00fcnd\u00fcklerini a\u00e7\u0131klad\u0131:<\/p>\n<p>\u201c\u00c7ocuklar\u0131m\u0131zla birlikte toplumsal fark\u0131ndal\u0131k olu\u015fturmak istedik. Otob\u00fcste b\u00fcy\u00fcklerine yer vermeyi, nezaketli ve duyarl\u0131 davranmay\u0131 \u00f6\u011frendiler. Umuyoruz ki fayda sa\u011flar ve di\u011fer insanlara da \u00f6rnek bir davran\u0131\u015f olu\u015fturur. Bu projeyi farkl\u0131 okullarla devam ettirmek istiyoruz.\u201d<\/p>\n","protected":false},"excerpt":{"rendered":"<p>EGO GENEL M\u00dcD\u00dcRL\u00dc\u011e\u00dc, BA\u015eKENTL\u0130 M\u0130N\u0130K \u00d6\u011eRENC\u0130LERLE B\u0130RL\u0130KTE TOPLU TA\u015eIMA ARA\u00c7LARINDA DAVRANI\u015e KURALLARINA \u0130L\u0130\u015eK\u0130N UYGULAMALI E\u011e\u0130T\u0130M GER\u00c7EKLE\u015eT\u0130RD\u0130<\/p>\n","protected":false},"author":1,"featured_media":157255,"comment_status":"closed","ping_status":"open","sticky":false,"template":"","format":"standard","meta":{"jetpack_post_was_ever_published":false,"_jetpack_newsletter_access":"","_jetpack_dont_email_post_to_subs":false,"_jetpack_newsletter_tier_id":0,"_jetpack_memberships_contains_paywalled_content":false,"_jetpack_memberships_contains_paid_content":false,"footnotes":"","jetpack_publicize_message":"","jetpack_publicize_feature_enabled":true,"jetpack_social_post_already_shared":true,"jetpack_social_options":{"image_generator_settings":{"template":"highway","default_image_id":0,"font":"","enabled":false},"version":2}},"categories":[1],"tags":[28554,2786,145,1996],"class_list":["post-157254","post","type-post","status-publish","format-standard","has-post-thumbnail","hentry","category-genel","tag-baskentli","tag-minikler","tag-oluyor","tag-ornek"],"jetpack_publicize_connections":[],"jetpack_featured_media_url":"https:\/\/i0.wp.com\/www.tvturk.com\/wp-content\/uploads\/2019\/05\/baskentli-minikler-ornek-oluyor_e25daf6.jpg?fit=1000%2C666","jetpack_sharing_enabled":true,"jetpack_shortlink":"https:\/\/wp.me\/paKIfm-EUm","_links":{"self":[{"href":"http:\/\/www.tvturk.com\/index.php\/wp-json\/wp\/v2\/posts\/157254","targetHints":{"allow":["GET"]}}],"collection":[{"href":"http:\/\/www.tvturk.com\/index.php\/wp-json\/wp\/v2\/posts"}],"about":[{"href":"http:\/\/www.tvturk.com\/index.php\/wp-json\/wp\/v2\/types\/post"}],"author":[{"embeddable":true,"href":"http:\/\/www.tvturk.com\/index.php\/wp-json\/wp\/v2\/users\/1"}],"replies":[{"embeddable":true,"href":"http:\/\/www.tvturk.com\/index.php\/wp-json\/wp\/v2\/comments?post=157254"}],"version-history":[{"count":0,"href":"http:\/\/www.tvturk.com\/index.php\/wp-json\/wp\/v2\/posts\/157254\/revisions"}],"wp:featuredmedia":[{"embeddable":true,"href":"http:\/\/www.tvturk.com\/index.php\/wp-json\/wp\/v2\/media\/157255"}],"wp:attachment":[{"href":"http:\/\/www.tvturk.com\/index.php\/wp-json\/wp\/v2\/media?parent=157254"}],"wp:term":[{"taxonomy":"category","embeddable":true,"href":"http:\/\/www.tvturk.com\/index.php\/wp-json\/wp\/v2\/categories?post=157254"},{"taxonomy":"post_tag","embeddable":true,"href":"http:\/\/www.tvturk.com\/index.php\/wp-json\/wp\/v2\/tags?post=157254"}],"curies":[{"name":"wp","href":"https:\/\/api.w.org\/{rel}","templated":true}]}}