{"id":157416,"date":"2019-05-15T14:37:28","date_gmt":"2019-05-15T11:37:28","guid":{"rendered":"http:\/\/www.tvturk.com\/index.php\/saglam-girdigi-hastaneden-felcli-cikti-iddiasi\/"},"modified":"2019-05-15T14:37:28","modified_gmt":"2019-05-15T11:37:28","slug":"saglam-girdigi-hastaneden-felcli-cikti-iddiasi","status":"publish","type":"post","link":"http:\/\/www.tvturk.com\/index.php\/saglam-girdigi-hastaneden-felcli-cikti-iddiasi\/","title":{"rendered":"Sa\u011flam girdi\u011fi hastaneden fel\u00e7li \u00e7\u0131kt\u0131 iddias\u0131"},"content":{"rendered":"<p>Mardin\u2019de \u00f6zel bir hastanede, parmaklar\u0131nda uyu\u015fma ve bel f\u0131t\u0131\u011f\u0131 \u015fikayetiyle beyin cerrah\u0131na ba\u015fvuran 9 \u00e7ocuk annesi \u015e\u00fckran Ko\u00e7han (46), f\u0131t\u0131k ameliyat\u0131 sonras\u0131 fel\u00e7li kald\u0131\u011f\u0131n\u0131 iddia ederek hastaneden \u015fikayet\u00e7i oldu.<\/p>\n<p>K\u0131z\u0131ltepe\u2019de ya\u015fayan 9 \u00e7ocuk annesi Ko\u00e7han, ayak parmaklar\u0131ndaki uyu\u015fma ve bel a\u011fr\u0131s\u0131 nedeniyle \u00f6zel bir hastaneye gitti. Beyin cerrah\u0131 b\u00f6l\u00fcm\u00fcnde ameliyat olan Ko\u00e7han, iddiaya g\u00f6re yanl\u0131\u015f ameliyat sonucu fel\u00e7 kald\u0131.<\/p>\n<p>Ameliyattan hemen sonra e\u015finin sol aya\u011f\u0131nda olan a\u011fr\u0131n\u0131n sa\u011f aya\u011f\u0131nda da oldu\u011funu kaydeden Cevdet Ko\u00e7han, e\u015findeki gariplikleri ameliyat\u0131 yapan doktora bildirdi\u011fini ama doktorun ge\u00e7er diyerek ge\u00e7i\u015ftirdi\u011fini savundu. Doktorun ameliyat sonras\u0131 y\u0131ll\u0131k izne \u00e7\u0131kt\u0131\u011f\u0131n\u0131 kaydeden Cevdet Ko\u00e7han, bunun sonucunda raporlar\u0131 ba\u015fka doktorlara g\u00f6sterdiklerini ve kendilerine ameliyat\u0131n yanl\u0131\u015f yap\u0131ld\u0131\u011f\u0131n\u0131n bildirildi\u011fini ifade etti. Cevdet Ko\u00e7han, \u201c26 y\u0131ll\u0131k evliyiz ve 9 \u00e7ocu\u011fumuz var. E\u015fimin bel f\u0131t\u0131\u011f\u0131 vard\u0131 ve o beyin cerrah\u0131n\u0131 \u00e7ok \u00f6vd\u00fcler gittik yan\u0131na. Doktor MR \u00e7ektirdi ve ameliyat olmas\u0131 gerekiyor dedi. Telefonda yapt\u0131\u011f\u0131 b\u00fct\u00fcn ameliyatlar\u0131n videolar\u0131n\u0131 bana izletti. Beyin ameliyat\u0131 yapan doktora inand\u0131m e\u015fimi ameliyata ald\u0131. 29 Nisan\u2019da ameliyat oldu. 3 bu\u00e7uk saatlik bir ameliyat ge\u00e7irdi. E\u015fim ameliyattan \u00e7\u0131kt\u0131 daha asans\u00f6rdeydik e\u015fimin sa\u011flam baca\u011f\u0131 olan sa\u011f aya\u011f\u0131m\u0131 kesin diye ba\u011f\u0131r\u0131yordu. Narkoz etkisi diye d\u00fc\u015f\u00fcnd\u00fck. Hocay\u0131 \u00e7a\u011f\u0131rd\u0131k ve ge\u00e7er dedi. Ertesi g\u00fcn hocam\u0131z izne ayr\u0131ld\u0131. Ameliyat\u0131 yapt\u0131 ve ertesi g\u00fcn\u00fc izne ayr\u0131ld\u0131. Mesaj at\u0131yoruz, mesajlar\u0131m\u0131z da mevcut, cevap vermedi\u201d dedi.<\/p>\n<p>\u201cG\u00fclerek girdi\u011fi ameliyattan fel\u00e7li \u00e7\u0131kt\u0131\u201d<\/p>\n<p>Hastane y\u00f6netimine gittiklerini belirten Ko\u00e7han, \u201cBizim hastam\u0131z\u0131n durumu ile ilgili hocaya ula\u015fam\u0131yoruz dediler. \u0130stanbul\u2019daki bir arkada\u015f\u0131m\u0131z acilen bir film \u00e7ektirin dedi ve biz de film \u00e7ektirdik. Allah raz\u0131 olsun \u0130pek Yolu Hastanesi\u2019nin ba\u015fhekimi bran\u015f\u0131 olmad\u0131\u011f\u0131 halde \u2019bunda yanl\u0131\u015f bir \u015fey var\u2019 dedi. Hastane m\u00fcd\u00fcr\u00fc de \u2019il\u00e7ede ba\u015fka bir \u00f6zel hastane var oradaki hekime g\u00f6sterelim\u2019 dedi. Bizde o arada \u0130stanbul, Ankara, Urfa\u2019ya sonu\u00e7lar\u0131 att\u0131k. B\u00fct\u00fcn doktorlar hepsi \u2019yanl\u0131\u015f bir ameliyatt\u0131r\u2019 dedi ve ikinci ameliyata gerek oldu\u011fu s\u00f6ylendi. Mardin\u2019deki di\u011fer \u00f6zel hastane de ayn\u0131 \u015feyi s\u00f6yledi. Bizim doktora olan g\u00fcvensizli\u011fimiz daha da artt\u0131. O arada \u0130pekyolu Hastanesi kendi doktorlar\u0131na ula\u015ft\u0131 ve doktor benim ameliyat\u0131mda hi\u00e7bir sorun yoktur diyor. Hastada \u00f6dem olu\u015fmu\u015f \u00f6dem tedavisi uygulayaca\u011f\u0131z diyor. Bizim g\u00fcvenimiz kalmad\u0131, siz bir doktor getirin yok, ben bir doktor getireyim yok, ambulans verin yok, hastam\u0131z\u0131 al\u0131p gidelim yok. Sapa sa\u011flam girdi\u011fi hastaneden g\u00fclerek girdi\u011fi belgeleri her \u015feyi var sa\u011flam girdi fel\u00e7li olarak \u00e7\u0131kt\u0131\u201d diye konu\u015ftu.<\/p>\n<p>\u201cHem fel\u00e7li e\u015fime hem de 9 \u00e7ocu\u011fuma bak\u0131yorum\u201d<\/p>\n<p>Gaziantep\u2019te \u00f6zel bir hastanede ikinci ameliyat ge\u00e7irdiklerini belirten Cevdet Ko\u00e7han, \u201cDoktor yanl\u0131\u015f ameliyat oldu\u011funu s\u00f6yledi. Yanl\u0131\u015f olan Mardin\u2019de doktorun takt\u0131\u011f\u0131 platinin biri kanala girmi\u015f sinir damar\u0131n\u0131 ezmi\u015f. Bu nedenle hastam\u0131z fel\u00e7. \u0130kinci ameliyat\u0131 ge\u00e7irdik Allah raz\u0131 olsun ellerine sa\u011fl\u0131k doktorumuz Aslan G\u00fczel e\u015fimin baca\u011f\u0131n\u0131 kurtard\u0131 ama aya\u011f\u0131 kurtaramad\u0131 aya\u011f\u0131 fel\u00e7 kald\u0131. \u015euan tan\u0131s\u0131, d\u00fc\u015f\u00fck ayak. Benim ba\u015f\u0131ma bu geldi ben ma\u011fdurum ba\u015fkalar\u0131n\u0131n ba\u015f\u0131na gelmesin. Ben \u015fimdi hem 9 \u00e7ocu\u011fuma hem de fel\u00e7li e\u015fime bak\u0131yorum. Allah hakk\u0131m\u0131z\u0131 b\u0131rakmas\u0131n hem hastaneye hem de doktora dava a\u00e7aca\u011f\u0131z\u201d \u015feklinde konu\u015ftu.<\/p>\n<p>Vida sinirin yan taraf\u0131ndan ge\u00e7mi\u015f<\/p>\n<p>\u0130ddialara ili\u015fkin a\u00e7\u0131klama yapan \u0130pek Yolu Hastanesi Ba\u015fhekimi Turan Pehlivano\u011flu, hastan\u0131n 29 Nisan 2019 tarihinde ameliyata al\u0131nd\u0131\u011f\u0131n\u0131 s\u00f6yledi. Pehlivano\u011flu, \u201cCerrahi m\u00fcdahale s\u0131ras\u0131nda ve transpedik\u00fcler vidalar tak\u0131l\u0131rken ve ameliyat sonras\u0131nda radyolojik olarak vidalar\u0131n yerlerinde oldu\u011funu teyit etmek \u00fczere C kollu r\u00f6ntgen cihaz\u0131 ile \u00e7ekimler yap\u0131ld\u0131. Ameliyat sonras\u0131 yap\u0131lan kontrol muayenesinde hastan\u0131n t\u00fcm extremitelerini hareket ettirdi\u011fi g\u00f6r\u00fcld\u00fc ve bu \u015fekilde servise g\u00f6nderildi. Ameliyat sonras\u0131 d\u00f6rd\u00fcnc\u00fc saatte hasta kendine geldi\u011fi zaman yap\u0131lan n\u00f6rolojik muayenesinde hastan\u0131n ameliyat \u00f6ncesi sol ayak bile\u011findeki kuvvetsizli\u011fin d\u00fczelmi\u015f oldu\u011fu ancak sa\u011f bacakta yanma ve uyu\u015fukluk \u015feklinde \u015fikayeti oldu\u011fu \u00f6\u011frenildi. Yap\u0131lan n\u00f6rolojik muayene de motor fonksiyon tam oldu\u011fu tespit edildi ve post op erken d\u00f6nem kay\u0131tlara ge\u00e7irildi. Ameliyat sonras\u0131 1 .g\u00fcn saat 09.00\u2019da hastan\u0131n sabah vizitinde sa\u011f baca\u011f\u0131ndaki uyu\u015fuklu\u011fun devam etti\u011fi ancak ayak bile\u011finde kuvvetsizlik olmad\u0131\u011f\u0131 tespit edildi. Ameliyat sonras\u0131 2. g\u00fcnde hastan\u0131n sabah vizitinde sa\u011f ayak bile\u011finde dorsal flexiyonunda kuvvetsizlik ortaya \u00e7\u0131kmas\u0131 \u00fczerine \u00e7ekilen lomber BT\u2019de sa\u011f taraftan konulan vidan\u0131n sinirin yan taraf\u0131ndan ge\u00e7mekte oldu\u011fu g\u00f6r\u00fcld\u00fc. Ancak kuvvetsizli\u011fin sinirde \u00f6dem olmas\u0131 nedeniyle oldu\u011fu d\u00fc\u015f\u00fcn\u00fcld\u00fc. Bu nedenle yeni bir operasyon d\u00fc\u015f\u00fcn\u00fclmedi\u011fi aileye bildirildi. Ancak aile hastas\u0131n\u0131 ba\u015fka bir merkeze g\u00f6t\u00fcrmek istedi&#8221; dedi.<\/p>\n","protected":false},"excerpt":{"rendered":"<p>MARD\u0130N\u2019DE \u00d6ZEL B\u0130R HASTANEDE, PARMAKLARINDA UYU\u015eMA VE BEL FITI\u011eI \u015e\u0130KAYET\u0130 \u0130LE BEY\u0130N CERRAHINA BA\u015eVURAN 9 \u00c7OCUK ANNES\u0130 \u015e\u00dcKRAN KO\u00c7HAN (46) FITIK AMEL\u0130YATI SONRASI FEL\u00c7L\u0130 KALDI\u011eINI \u0130DD\u0130A EDEREK HASTANEDEN \u015e\u0130KAYET\u00c7\u0130 OLDU.<\/p>\n","protected":false},"author":1,"featured_media":157417,"comment_status":"closed","ping_status":"open","sticky":false,"template":"","format":"standard","meta":{"jetpack_post_was_ever_published":false,"_jetpack_newsletter_access":"","_jetpack_dont_email_post_to_subs":false,"_jetpack_newsletter_tier_id":0,"_jetpack_memberships_contains_paywalled_content":false,"_jetpack_memberships_contains_paid_content":false,"footnotes":"","jetpack_publicize_message":"","jetpack_publicize_feature_enabled":true,"jetpack_social_post_already_shared":true,"jetpack_social_options":{"image_generator_settings":{"template":"highway","default_image_id":0,"font":"","enabled":false},"version":2}},"categories":[1],"tags":[1202,17403,5550,5270,3421,17450],"class_list":["post-157416","post","type-post","status-publish","format-standard","has-post-thumbnail","hentry","category-genel","tag-cikti","tag-felcli","tag-girdigi","tag-hastaneden","tag-iddiasi","tag-saglam"],"jetpack_publicize_connections":[],"jetpack_featured_media_url":"https:\/\/i0.wp.com\/www.tvturk.com\/wp-content\/uploads\/2019\/05\/saglam-girdigi-hastaneden-felcli-cikti-iddiasi_1aaa0b6.jpg?fit=1000%2C750","jetpack_sharing_enabled":true,"jetpack_shortlink":"https:\/\/wp.me\/paKIfm-EWY","_links":{"self":[{"href":"http:\/\/www.tvturk.com\/index.php\/wp-json\/wp\/v2\/posts\/157416","targetHints":{"allow":["GET"]}}],"collection":[{"href":"http:\/\/www.tvturk.com\/index.php\/wp-json\/wp\/v2\/posts"}],"about":[{"href":"http:\/\/www.tvturk.com\/index.php\/wp-json\/wp\/v2\/types\/post"}],"author":[{"embeddable":true,"href":"http:\/\/www.tvturk.com\/index.php\/wp-json\/wp\/v2\/users\/1"}],"replies":[{"embeddable":true,"href":"http:\/\/www.tvturk.com\/index.php\/wp-json\/wp\/v2\/comments?post=157416"}],"version-history":[{"count":0,"href":"http:\/\/www.tvturk.com\/index.php\/wp-json\/wp\/v2\/posts\/157416\/revisions"}],"wp:featuredmedia":[{"embeddable":true,"href":"http:\/\/www.tvturk.com\/index.php\/wp-json\/wp\/v2\/media\/157417"}],"wp:attachment":[{"href":"http:\/\/www.tvturk.com\/index.php\/wp-json\/wp\/v2\/media?parent=157416"}],"wp:term":[{"taxonomy":"category","embeddable":true,"href":"http:\/\/www.tvturk.com\/index.php\/wp-json\/wp\/v2\/categories?post=157416"},{"taxonomy":"post_tag","embeddable":true,"href":"http:\/\/www.tvturk.com\/index.php\/wp-json\/wp\/v2\/tags?post=157416"}],"curies":[{"name":"wp","href":"https:\/\/api.w.org\/{rel}","templated":true}]}}