{"id":15743,"date":"2019-02-09T15:05:52","date_gmt":"2019-02-09T12:05:52","guid":{"rendered":"http:\/\/www.tvturk.com\/index.php\/balikesirde-engelsiz-sehir-calistayi-gerceklestirildi\/"},"modified":"2019-02-09T15:05:56","modified_gmt":"2019-02-09T12:05:56","slug":"balikesirde-engelsiz-sehir-calistayi-gerceklestirildi","status":"publish","type":"post","link":"http:\/\/www.tvturk.com\/index.php\/balikesirde-engelsiz-sehir-calistayi-gerceklestirildi\/","title":{"rendered":"Bal\u0131kesir\u2019de Engelsiz \u015eehir \u00c7al\u0131\u015ftay\u0131 ger\u00e7ekle\u015ftirildi"},"content":{"rendered":"<p>Karesi Kent Konseyi taraf\u0131ndan d\u00fczenlenen Engelsiz \u015eehir \u00c7al\u0131\u015ftay\u2019\u0131nda konu\u015fan Kent Konseyi Engelli Meclisi Ba\u015fkan\u0131 Zeki Uslu Bal\u0131kesir il genelinde 22 bin 418 engelli bulundu\u011funa dikkat \u00e7ekerek 15 y\u0131lda engellilere yap\u0131lan yard\u0131m ve d\u00fczenlemelerle yeni T\u00fcrkiye\u2019nin engellilerin \u00f6n\u00fcn\u00fc s\u00f6yledi.<\/p>\n<p>Karesi Kent Konseyi taraf\u0131ndan d\u00fczenlenen Engelsiz \u015eehir \u00c7al\u0131\u015ftay\u0131 \u00d6\u011fretmen Evi\u2019nde ger\u00e7ekle\u015ftirildi. Engelliler taraf\u0131ndan olu\u015fturulan Mehtaran Tak\u0131m\u0131 konseri be\u011feni ile dinlendi. Kent Konseyi Engelli Meclisi Ba\u015fkan\u0131 Zeki Uslu, \u00f6zellikle son 15 y\u0131lda engellilere yap\u0131lan yard\u0131m ve d\u00fczenlemelerle yeni T\u00fcrkiye\u2019nin engellilerin \u00f6n\u00fcn\u00fc a\u00e7t\u0131\u011f\u0131n\u0131 kentleri engellilere g\u00f6re in\u015fa edildi\u011fini belirtti. Yap\u0131lanlar\u0131n yetersiz olmas\u0131na ra\u011fmen, \u00e7al\u0131\u015fmalar\u0131n umut verici oldu\u011funu iddia eden Uslu, \u201cBal\u0131kesir il genelinde 22 bin 418 engelli bulunurken bunu n\u00fcfusa oran\u0131 y\u00fczde 1.74\u2019d\u00fcr. Bedensel-ortapedik engelli say\u0131s\u0131 10 bin 804, g\u00f6rme engelli say\u0131s\u0131 bin 750, i\u015fitme engelli say\u0131s\u0131 660, zihinsel ve ruhsal engelli say\u0131s\u0131 4 bin 172\u2019dir. Ayr\u0131ca halen il geneli evde bak\u0131m yard\u0131m\u0131 alan ki\u015fi say\u0131s\u0131 6 bin 200, engelli maa\u015f\u0131 maa\u015f alan engelli ki\u015fi say\u0131s\u0131 ise 8 bin 129\u2019ken engelli maa\u015f\u0131 ve evde bak\u0131m i\u00e7in ilgililerin hesab\u0131na her ay 12 milyon 809 bin 466 TL \u00f6denmektedir. Bu a\u00e7\u0131dan bak\u0131ld\u0131\u011f\u0131nda son 15 y\u0131lda sosyal devlet anlay\u0131\u015f\u0131n\u0131n geli\u015fmi\u015f \u00fclkeleri aratmayacak bir konuma geldi\u011fini g\u00f6rmek zor olmasa gerek. \u015eahs\u0131m\u0131n da en ac\u0131 \u015fekilde ya\u015fad\u0131\u011f\u0131, bedel \u00f6dedi\u011fi, o eski devlet anlay\u0131\u015fl\u0131 y\u0131llar\u0131 hat\u0131rlatmak istiyorum. Horland\u0131\u011f\u0131m\u0131z, d\u0131\u015fland\u0131\u011f\u0131m\u0131z, ailenin ve devletin s\u0131rt\u0131na bir y\u00fckm\u00fc\u015f gibi g\u00f6r\u00fcld\u00fc\u011f\u00fcm\u00fcz, evlerde, kilitli kap\u0131lar ard\u0131nda tutuldu\u011fumuz zamanlar haf\u0131zalar\u0131m\u0131zdan silinmedi\u201ddedi.<\/p>\n<p>\u201cVatan\u0131m\u0131z i\u00e7in, devletimiz i\u00e7in biz ne yapabiliriz\u201d<\/p>\n<p>Engellilerin ya\u015fad\u0131klar\u0131n\u0131n konu\u015fulanlar kadar kolay olmad\u0131\u011f\u0131na dikket \u00e7eken Ba\u015fkan Uslu \u201c Eski T\u00fcrkiye\u2019den yeni T\u00fcrkiye\u2019yi ge\u00e7i\u015fimiz de kolay olmam\u0131\u015ft\u0131r. O nedenle katledilen mesafe gelece\u011fimize umutla bakmam\u0131z\u0131 sa\u011flam\u0131\u015ft\u0131r. Buna ra\u011fmen eksiklikler var m\u0131d\u0131r evet vard\u0131r, yap\u0131lmas\u0131 gereken \u00e7ok i\u015f var m\u0131d\u0131r; evet vard\u0131r. \u0130htiya\u00e7lar biter mi asla bitmez. Ama devletimin ve yerel y\u00f6neticilerimizin bu g\u00fcne kadar yapt\u0131klar\u0131na bak\u0131nca bundan sonrakileri de yapabilece\u011fine inanc\u0131m tamd\u0131r. K\u0131sacas\u0131 engelli engelsiz hep birlikte ya\u015fan\u0131labilir \u015fehirler, ta\u015f\u0131nabilir dostluklar in\u015fa etmeliyiz. Zincirin en zay\u0131f halkas\u0131yken herkes bize sizin i\u00e7in ne yapabiliriz diye samimiyetle soruyorlard\u0131. \u015eimdi ayn\u0131 samimiyetle biz sizlere soruyoruz; vatan\u0131m\u0131z i\u00e7in, devletimiz i\u00e7in ve sizin i\u00e7in biz ne yapabiliriz\u201d\u015feklinde konu\u015ftu.<\/p>\n<p>\u201cSizden ricam olmayacak \u015feylere yo\u011funla\u015fmay\u0131n\u201d<\/p>\n<p>Karesi Belediye Ba\u015fkan\u0131 ve Cumhur \u0130ttifak\u0131 AK Pati B\u00fcy\u00fck\u015fehir Belediye Ba\u015fkan Aday\u0131 Y\u00fccel Y\u0131lmaz, engellilerin kendilerine hedefler koymas\u0131 gerekti\u011fini belirterek \u201cFakat engellilerden \u00fctopik ve olmayacak \u015feylere yo\u011funla\u015fmamalar\u0131 tavsiyesi ederim. Engelsiz bir \u015fehir \u00e7al\u0131\u015ftay\u0131 yap\u0131yoruz. Bu herkesin a\u011fz\u0131na pelesenk olmu\u015f, s\u00f6zde olmamas\u0131 gereken bir \u015fey bence. Siz aln\u0131n\u0131z\u0131n terini masada ak\u0131t\u0131n, g\u00fczel sonu\u00e7lara gidin. Sizden ricam olmayacak \u015feylere yo\u011funla\u015fmay\u0131n. \u015eehrimiz belli burada 20 il\u00e7emizden STK\u2019lar\u0131m\u0131z var. S\u00fcrd\u00fcr\u00fclebilir olmas\u0131 i\u00e7inde a\u015fama a\u015fama ilkokulu bitirmeden liseye ge\u00e7emezsiniz. Hedeflerimizi koyal\u0131m ve bu hedeflerimizi sizler ad\u0131na bizler ger\u00e7ekle\u015ftirelim. 5 y\u0131ll\u0131k bir y\u00f6netim ortaya konacak. Yerel y\u00f6netimler se\u00e7ilecek 31 Mart\u2019ta. Bunlar sizin \u00e7al\u0131\u015fma arkada\u015flar\u0131n\u0131z. Sadece yerel y\u00f6netim se\u00e7miyorsunuz. Otob\u00fcs dura\u011f\u0131n\u0131n nerede olaca\u011f\u0131n\u0131, seferlerin ne zaman kalkaca\u011f\u0131n\u0131, muslu\u011funuzdan akan suyun ka\u00e7 para olaca\u011f\u0131n\u0131 belirleyecek ekipleri se\u00e7iyorsunuz. Burada ne olur siyaset yapmay\u0131n, \u00e7\u00fcnk\u00fc yerel y\u00f6netimler o \u015fehrin ana dinamiklerini harekete ge\u00e7iren insanlard\u0131r. Bu \u00e7al\u0131\u015ftay\u0131 ben \u00e7ok \u00f6nemsiyorum \u00e7\u00fcnk\u00fc bizim stratejik eylem plan\u0131m\u0131z i\u00e7erisinde hep ba\u015fl\u0131k olarak var olan bir \u015fey. Burada g\u00f6n\u00fcll\u00fc olarak bulunan  ve benimde bir fikrim var diyerek davetimize kat\u0131lan herkese \u00e7ok te\u015fekk\u00fcr ediyorum\u201ddedi.<\/p>\n<p>\u201cBizde g\u00f6n\u00fcl kavram\u0131 \u00e7ok \u00f6nemlidir\u201d<\/p>\n<p>\u00c7al\u0131\u015ftayda konu\u015fan AK Parti Bal\u0131kesir Milletvekili Mustafa Canbey, devlet olarak engellilere kalp ve g\u00f6n\u00fcl kavram\u0131 ile yakla\u015ft\u0131klar\u0131n\u0131 bu nedenle bu alanda ba\u015far\u0131l\u0131 olduklar\u0131n\u0131, Avrupa\u2019ya \u00f6rnek olduklar\u0131n\u0131 s\u00f6yledi. Canbey, s\u00f6zlerini \u015fu \u015fekilde s\u00fcrd\u00fcrd\u00fc: \u201cAk Parti iktidara geldikten sonra Cumhurba\u015fkan\u0131m\u0131z Recep Tayyip Erdo\u011fan\u2019\u0131n bu anlamda yapt\u0131\u011f\u0131 \u00e7al\u0131\u015fmalar\u0131 hepiniz biliyorsunuz. T\u00fcrkiye engellilere bak\u0131\u015f a\u00e7\u0131s\u0131 ve \u00e7al\u0131\u015fmalar\u0131yla \u00e7a\u011f atlad\u0131. \u0130nsanlar\u0131m\u0131za \u00e7ok \u00f6nemli destekler verildi, katk\u0131lar sa\u011fland\u0131. Biz bunun ad\u0131na sosyal destek diyoruz. \u00d6zellikle belediyelerin yapt\u0131\u011f\u0131 katk\u0131lar sosyal belediyecilik toplumumuza iyice yerle\u015fti. Sizlerin hayat\u0131 bizler i\u00e7in \u00e7ok k\u0131ymetli. Engelli karde\u015flerimizin hayat\u0131 bizler i\u00e7in k\u0131ymetli. Bizim kendi medeniyetimizin, kendi k\u00fclt\u00fcr\u00fcm\u00fcz\u00fcn de asl\u0131nda en temel unsurlar\u0131ndan bir tanesidir asl\u0131nda bu. Hi\u00e7bir insan hi\u00e7bir \u015fekilde toplumun d\u0131\u015f\u0131na \u00e7\u0131kar\u0131lmaz, toplumun d\u0131\u015f\u0131nda tutulmaz toplumun i\u00e7inde tutulur. Gerekli desteler ve yard\u0131mlar sa\u011flan\u0131r. Bizde g\u00f6n\u00fcl kavram\u0131 \u00e7ok \u00f6nemlidir. Biz meseleye bakarken kalpten bakar\u0131z, biz meseleye bakarken g\u00f6n\u00fclden bakar\u0131z. \u0130\u015fte Avrupal\u0131larda bunu anlayam\u0131yorlar. \u2018Siz bunlar\u0131 nas\u0131l ba\u015far\u0131yorsunuz?\u2019, \u2018Siz bunlar\u0131 nas\u0131l yap\u0131yorsunuz?\u2019, \u2018Nas\u0131l ba\u015far\u0131l\u0131 oluyorsunuz bu alanda bu kadar?\u2019 diyorlar i\u015fte biz onlara sizde g\u00f6n\u00fcl kavram\u0131 yok diyoruz. Bizde kalp, g\u00f6n\u00fcl kavram\u0131 var. Bizde onlara \u00f6\u011fretecek daha \u00e7ok \u015fey var. Derin medeniyetimiz, k\u00fclt\u00fcr\u00fcm\u00fcz, in\u015fallah \u00f6n\u00fcm\u00fczdeki d\u00f6nemde Avrupa\u2019ya \u0131\u015f\u0131k sa\u00e7maya onlara \u00f6nc\u00fcl\u00fck etmeye devam edecek\u201d \u015feklinde s\u00f6zlerini tamamlad\u0131.<\/p>\n<p>Konu\u015fmalar\u0131n ard\u0131ndan engelliler \u00e7al\u0131\u015ftayda sorunlar\u0131n\u0131 masaya yat\u0131rarak \u00e7\u00f6z\u00fcm yollar\u0131 ve yap\u0131lmas\u0131 gereken konular hakk\u0131nda bilgi al\u0131\u015fveri\u015finde bulundular.<div class=\"tiled-gallery type-rectangular tiled-gallery-unresized\" data-original-width=\"500\" data-carousel-extra='null' itemscope itemtype=\"http:\/\/schema.org\/ImageGallery\" > <div class=\"gallery-row\" style=\"width: 500px; height: 222px;\" data-original-width=\"500\" data-original-height=\"222\" > <div class=\"gallery-group images-1\" style=\"width: 334px; height: 222px;\" data-original-width=\"334\" data-original-height=\"222\" > <div class=\"tiled-gallery-item tiled-gallery-item-large\" itemprop=\"associatedMedia\" itemscope itemtype=\"http:\/\/schema.org\/ImageObject\"> <a href=\"http:\/\/www.tvturk.com\/index.php\/balikesirde-engelsiz-sehir-calistayi-gerceklestirildi\/balikesirde-engelsiz-sehir-calistayi-gerceklestirildi-3\/\" border=\"0\" itemprop=\"url\"> <meta itemprop=\"width\" content=\"330\"> <meta itemprop=\"height\" content=\"218\"> <img decoding=\"async\" class=\"\" data-attachment-id=\"15745\" data-orig-file=\"http:\/\/www.tvturk.com\/wp-content\/uploads\/2019\/02\/balikesirde-engelsiz-sehir-calistayi-gerceklestirildi_6a067a3.jpg\" data-orig-size=\"1000,662\" data-comments-opened=\"\" data-image-meta=\"{&quot;aperture&quot;:&quot;0&quot;,&quot;credit&quot;:&quot;IHA&quot;,&quot;camera&quot;:&quot;&quot;,&quot;caption&quot;:&quot;KARES\\u0130 BELED\\u0130YE BA\\u015eKANI VE CUMHUR \\u0130TT\\u0130FAKI AK PAT\\u0130 B\\u00dcY\\u00dcK\\u015eEH\\u0130R BELED\\u0130YE BA\\u015eKAN ADAYI Y\\u00dcCEL YILMAZ, ENGELL\\u0130LER\\u0130N KEND\\u0130LER\\u0130NE HEDEFLER KOYMASI GEREKT\\u0130\\u011e\\u0130N\\u0130 \\u0130FADE ETT\\u0130. (HASAN OTA\\u011e FIRINCIO\\u011eULLARI\\\/BALIKES\\u0130R-\\u0130HA)&quot;,&quot;created_timestamp&quot;:&quot;0&quot;,&quot;copyright&quot;:&quot;\\u0130HLAS HABER AJANSI, www.iha.com.tr&quot;,&quot;focal_length&quot;:&quot;0&quot;,&quot;iso&quot;:&quot;0&quot;,&quot;shutter_speed&quot;:&quot;0&quot;,&quot;title&quot;:&quot;BALIKES\\u0130R\\u2019DE ENGELS\\u0130Z \\u015eEH\\u0130R \\u00c7ALI\\u015eTAYI GER\\u00c7EKLE\\u015eT\\u0130R\\u0130LD\\u0130 BA\\u015eKAN USLU: \\u201cYEN\\u0130 T\\u00dcRK\\u0130YE ENGELL\\u0130LER\\u0130N \\u00d6N\\u00dcN\\u00dc A\\u00c7TI\\u201d&quot;,&quot;orientation&quot;:&quot;0&quot;}\" data-image-title=\"Bal\u0131kesir\u2019de Engelsiz \u015eehir \u00c7al\u0131\u015ftay\u0131 ger\u00e7ekle\u015ftirildi\" data-image-description=\"&lt;p&gt;Bal\u0131kesir\u2019de Engelsiz \u015eehir \u00c7al\u0131\u015ftay\u0131 ger\u00e7ekle\u015ftirildi&lt;\/p&gt; \" data-medium-file=\"https:\/\/i0.wp.com\/www.tvturk.com\/wp-content\/uploads\/2019\/02\/balikesirde-engelsiz-sehir-calistayi-gerceklestirildi_6a067a3.jpg?fit=300%2C199\" data-large-file=\"https:\/\/i0.wp.com\/www.tvturk.com\/wp-content\/uploads\/2019\/02\/balikesirde-engelsiz-sehir-calistayi-gerceklestirildi_6a067a3.jpg?fit=1000%2C662\" src=\"https:\/\/i0.wp.com\/www.tvturk.com\/wp-content\/uploads\/2019\/02\/balikesirde-engelsiz-sehir-calistayi-gerceklestirildi_6a067a3.jpg?w=330&#038;h=218\" srcset=\"https:\/\/i0.wp.com\/www.tvturk.com\/wp-content\/uploads\/2019\/02\/balikesirde-engelsiz-sehir-calistayi-gerceklestirildi_6a067a3.jpg?w=1000 1000w, https:\/\/i0.wp.com\/www.tvturk.com\/wp-content\/uploads\/2019\/02\/balikesirde-engelsiz-sehir-calistayi-gerceklestirildi_6a067a3.jpg?resize=150%2C99 150w, https:\/\/i0.wp.com\/www.tvturk.com\/wp-content\/uploads\/2019\/02\/balikesirde-engelsiz-sehir-calistayi-gerceklestirildi_6a067a3.jpg?resize=300%2C199 300w, https:\/\/i0.wp.com\/www.tvturk.com\/wp-content\/uploads\/2019\/02\/balikesirde-engelsiz-sehir-calistayi-gerceklestirildi_6a067a3.jpg?resize=768%2C508 768w, https:\/\/i0.wp.com\/www.tvturk.com\/wp-content\/uploads\/2019\/02\/balikesirde-engelsiz-sehir-calistayi-gerceklestirildi_6a067a3.jpg?resize=170%2C113 170w, https:\/\/i0.wp.com\/www.tvturk.com\/wp-content\/uploads\/2019\/02\/balikesirde-engelsiz-sehir-calistayi-gerceklestirildi_6a067a3.jpg?resize=120%2C80 120w\" width=\"330\" height=\"218\" loading=\"lazy\" data-original-width=\"330\" data-original-height=\"218\" itemprop=\"http:\/\/schema.org\/image\" title=\"Bal\u0131kesir\u2019de Engelsiz \u015eehir \u00c7al\u0131\u015ftay\u0131 ger\u00e7ekle\u015ftirildi\" alt=\"Bal\u0131kesir\u2019de Engelsiz \u015eehir \u00c7al\u0131\u015ftay\u0131 ger\u00e7ekle\u015ftirildi\" style=\"width: 330px; height: 218px;\" \/> <\/a> <\/div> <\/div> <!-- close group --> <div class=\"gallery-group images-2\" style=\"width: 166px; height: 222px;\" data-original-width=\"166\" data-original-height=\"222\" > <div class=\"tiled-gallery-item tiled-gallery-item-small\" itemprop=\"associatedMedia\" itemscope itemtype=\"http:\/\/schema.org\/ImageObject\"> <a href=\"http:\/\/www.tvturk.com\/index.php\/balikesirde-engelsiz-sehir-calistayi-gerceklestirildi\/balikesirde-engelsiz-sehir-calistayi-gerceklestirildi-4\/\" border=\"0\" itemprop=\"url\"> <meta itemprop=\"width\" content=\"162\"> <meta itemprop=\"height\" content=\"107\"> <img decoding=\"async\" class=\"\" data-attachment-id=\"15746\" data-orig-file=\"http:\/\/www.tvturk.com\/wp-content\/uploads\/2019\/02\/balikesirde-engelsiz-sehir-calistayi-gerceklestirildi_421110b.jpg\" data-orig-size=\"1000,662\" data-comments-opened=\"\" data-image-meta=\"{&quot;aperture&quot;:&quot;0&quot;,&quot;credit&quot;:&quot;IHA&quot;,&quot;camera&quot;:&quot;&quot;,&quot;caption&quot;:&quot;KARES\\u0130 KENT KONSEY\\u0130 TARAFINDAN D\\u00dcZENLENEN ENGELS\\u0130Z \\u015eEH\\u0130R \\u00c7ALI\\u015eTAY\\u2019INDA KONU\\u015eAN KENT KONSEY\\u0130 ENGELL\\u0130 MECL\\u0130S\\u0130 BA\\u015eKANI ZEK\\u0130 USLU BALIKES\\u0130R \\u0130L GENEL\\u0130NDE 22 B\\u0130N 418 ENGELL\\u0130 BULUNDU\\u011eUNA D\\u0130KKAT \\u00c7EKEREK 15 YILDA ENGELL\\u0130LERE YAPILAN YARDIM VE D\\u00dcZENLEMELERLE YEN\\u0130 T\\u00dcRK\\u0130YE\\u2019N\\u0130N ENGELL\\u0130LER\\u0130N \\u00d6N\\u00dcN\\u00dc S\\u00d6YLED\\u0130. (HASAN OTA\\u011e FIRINCIO\\u011eULLARI\\\/BALIKES\\u0130R-\\u0130HA)&quot;,&quot;created_timestamp&quot;:&quot;0&quot;,&quot;copyright&quot;:&quot;\\u0130HLAS HABER AJANSI, www.iha.com.tr&quot;,&quot;focal_length&quot;:&quot;0&quot;,&quot;iso&quot;:&quot;0&quot;,&quot;shutter_speed&quot;:&quot;0&quot;,&quot;title&quot;:&quot;BALIKES\\u0130R\\u2019DE ENGELS\\u0130Z \\u015eEH\\u0130R \\u00c7ALI\\u015eTAYI GER\\u00c7EKLE\\u015eT\\u0130R\\u0130LD\\u0130 BA\\u015eKAN USLU: \\u201cYEN\\u0130 T\\u00dcRK\\u0130YE ENGELL\\u0130LER\\u0130N \\u00d6N\\u00dcN\\u00dc A\\u00c7TI\\u201d&quot;,&quot;orientation&quot;:&quot;0&quot;}\" data-image-title=\"Bal\u0131kesir\u2019de Engelsiz \u015eehir \u00c7al\u0131\u015ftay\u0131 ger\u00e7ekle\u015ftirildi\" data-image-description=\"&lt;p&gt;Bal\u0131kesir\u2019de Engelsiz \u015eehir \u00c7al\u0131\u015ftay\u0131 ger\u00e7ekle\u015ftirildi&lt;\/p&gt; \" data-medium-file=\"https:\/\/i0.wp.com\/www.tvturk.com\/wp-content\/uploads\/2019\/02\/balikesirde-engelsiz-sehir-calistayi-gerceklestirildi_421110b.jpg?fit=300%2C199\" data-large-file=\"https:\/\/i0.wp.com\/www.tvturk.com\/wp-content\/uploads\/2019\/02\/balikesirde-engelsiz-sehir-calistayi-gerceklestirildi_421110b.jpg?fit=1000%2C662\" src=\"https:\/\/i0.wp.com\/www.tvturk.com\/wp-content\/uploads\/2019\/02\/balikesirde-engelsiz-sehir-calistayi-gerceklestirildi_421110b.jpg?w=162&#038;h=107\" srcset=\"https:\/\/i0.wp.com\/www.tvturk.com\/wp-content\/uploads\/2019\/02\/balikesirde-engelsiz-sehir-calistayi-gerceklestirildi_421110b.jpg?w=1000 1000w, https:\/\/i0.wp.com\/www.tvturk.com\/wp-content\/uploads\/2019\/02\/balikesirde-engelsiz-sehir-calistayi-gerceklestirildi_421110b.jpg?resize=150%2C99 150w, https:\/\/i0.wp.com\/www.tvturk.com\/wp-content\/uploads\/2019\/02\/balikesirde-engelsiz-sehir-calistayi-gerceklestirildi_421110b.jpg?resize=300%2C200 300w, https:\/\/i0.wp.com\/www.tvturk.com\/wp-content\/uploads\/2019\/02\/balikesirde-engelsiz-sehir-calistayi-gerceklestirildi_421110b.jpg?resize=768%2C508 768w, https:\/\/i0.wp.com\/www.tvturk.com\/wp-content\/uploads\/2019\/02\/balikesirde-engelsiz-sehir-calistayi-gerceklestirildi_421110b.jpg?resize=170%2C113 170w, https:\/\/i0.wp.com\/www.tvturk.com\/wp-content\/uploads\/2019\/02\/balikesirde-engelsiz-sehir-calistayi-gerceklestirildi_421110b.jpg?resize=120%2C80 120w\" width=\"162\" height=\"107\" loading=\"lazy\" data-original-width=\"162\" data-original-height=\"107\" itemprop=\"http:\/\/schema.org\/image\" title=\"Bal\u0131kesir\u2019de Engelsiz \u015eehir \u00c7al\u0131\u015ftay\u0131 ger\u00e7ekle\u015ftirildi\" alt=\"Bal\u0131kesir\u2019de Engelsiz \u015eehir \u00c7al\u0131\u015ftay\u0131 ger\u00e7ekle\u015ftirildi\" style=\"width: 162px; height: 107px;\" \/> <\/a> <\/div> <div class=\"tiled-gallery-item tiled-gallery-item-small\" itemprop=\"associatedMedia\" itemscope itemtype=\"http:\/\/schema.org\/ImageObject\"> <a href=\"http:\/\/www.tvturk.com\/index.php\/balikesirde-engelsiz-sehir-calistayi-gerceklestirildi\/balikesirde-engelsiz-sehir-calistayi-gerceklestirildi-5\/\" border=\"0\" itemprop=\"url\"> <meta itemprop=\"width\" content=\"162\"> <meta itemprop=\"height\" content=\"107\"> <img decoding=\"async\" class=\"\" data-attachment-id=\"15747\" data-orig-file=\"http:\/\/www.tvturk.com\/wp-content\/uploads\/2019\/02\/balikesirde-engelsiz-sehir-calistayi-gerceklestirildi_e86157b.jpg\" data-orig-size=\"1000,662\" data-comments-opened=\"\" data-image-meta=\"{&quot;aperture&quot;:&quot;0&quot;,&quot;credit&quot;:&quot;IHA&quot;,&quot;camera&quot;:&quot;&quot;,&quot;caption&quot;:&quot;\\u00c7ALI\\u015eTAYDA KONU\\u015eAN AK PART\\u0130 BALIKES\\u0130R M\\u0130LLETVEK\\u0130L\\u0130 MUSTAFA CANBEY, DEVLET OLARAK ENGELL\\u0130LERE KALP VE G\\u00d6N\\u00dcL KAVRAMI \\u0130LE YAKLA\\u015eTIKLARINI BU NEDENLE BU ALANDA BA\\u015eARILI OLDUKLARINI \\u0130FADE ETT\\u0130 (HASAN OTA\\u011e FIRINCIO\\u011eULLARI\\\/BALIKES\\u0130R-\\u0130HA)&quot;,&quot;created_timestamp&quot;:&quot;0&quot;,&quot;copyright&quot;:&quot;\\u0130HLAS HABER AJANSI, www.iha.com.tr&quot;,&quot;focal_length&quot;:&quot;0&quot;,&quot;iso&quot;:&quot;0&quot;,&quot;shutter_speed&quot;:&quot;0&quot;,&quot;title&quot;:&quot;BALIKES\\u0130R\\u2019DE ENGELS\\u0130Z \\u015eEH\\u0130R \\u00c7ALI\\u015eTAYI GER\\u00c7EKLE\\u015eT\\u0130R\\u0130LD\\u0130 BA\\u015eKAN USLU: \\u201cYEN\\u0130 T\\u00dcRK\\u0130YE ENGELL\\u0130LER\\u0130N \\u00d6N\\u00dcN\\u00dc A\\u00c7TI\\u201d&quot;,&quot;orientation&quot;:&quot;0&quot;}\" data-image-title=\"Bal\u0131kesir\u2019de Engelsiz \u015eehir \u00c7al\u0131\u015ftay\u0131 ger\u00e7ekle\u015ftirildi\" data-image-description=\"&lt;p&gt;Bal\u0131kesir\u2019de Engelsiz \u015eehir \u00c7al\u0131\u015ftay\u0131 ger\u00e7ekle\u015ftirildi&lt;\/p&gt; \" data-medium-file=\"https:\/\/i0.wp.com\/www.tvturk.com\/wp-content\/uploads\/2019\/02\/balikesirde-engelsiz-sehir-calistayi-gerceklestirildi_e86157b.jpg?fit=300%2C199\" data-large-file=\"https:\/\/i0.wp.com\/www.tvturk.com\/wp-content\/uploads\/2019\/02\/balikesirde-engelsiz-sehir-calistayi-gerceklestirildi_e86157b.jpg?fit=1000%2C662\" src=\"https:\/\/i0.wp.com\/www.tvturk.com\/wp-content\/uploads\/2019\/02\/balikesirde-engelsiz-sehir-calistayi-gerceklestirildi_e86157b.jpg?w=162&#038;h=107\" srcset=\"https:\/\/i0.wp.com\/www.tvturk.com\/wp-content\/uploads\/2019\/02\/balikesirde-engelsiz-sehir-calistayi-gerceklestirildi_e86157b.jpg?w=1000 1000w, https:\/\/i0.wp.com\/www.tvturk.com\/wp-content\/uploads\/2019\/02\/balikesirde-engelsiz-sehir-calistayi-gerceklestirildi_e86157b.jpg?resize=150%2C99 150w, https:\/\/i0.wp.com\/www.tvturk.com\/wp-content\/uploads\/2019\/02\/balikesirde-engelsiz-sehir-calistayi-gerceklestirildi_e86157b.jpg?resize=300%2C200 300w, https:\/\/i0.wp.com\/www.tvturk.com\/wp-content\/uploads\/2019\/02\/balikesirde-engelsiz-sehir-calistayi-gerceklestirildi_e86157b.jpg?resize=768%2C508 768w, https:\/\/i0.wp.com\/www.tvturk.com\/wp-content\/uploads\/2019\/02\/balikesirde-engelsiz-sehir-calistayi-gerceklestirildi_e86157b.jpg?resize=170%2C113 170w, https:\/\/i0.wp.com\/www.tvturk.com\/wp-content\/uploads\/2019\/02\/balikesirde-engelsiz-sehir-calistayi-gerceklestirildi_e86157b.jpg?resize=120%2C80 120w\" width=\"162\" height=\"107\" loading=\"lazy\" data-original-width=\"162\" data-original-height=\"107\" itemprop=\"http:\/\/schema.org\/image\" title=\"Bal\u0131kesir\u2019de Engelsiz \u015eehir \u00c7al\u0131\u015ftay\u0131 ger\u00e7ekle\u015ftirildi\" alt=\"Bal\u0131kesir\u2019de Engelsiz \u015eehir \u00c7al\u0131\u015ftay\u0131 ger\u00e7ekle\u015ftirildi\" style=\"width: 162px; height: 107px;\" \/> <\/a> <\/div> <\/div> <!-- close group --> <\/div> <!-- close row --> <div class=\"gallery-row\" style=\"width: 500px; height: 167px;\" data-original-width=\"500\" data-original-height=\"167\" > <div class=\"gallery-group images-1\" style=\"width: 250px; height: 167px;\" data-original-width=\"250\" data-original-height=\"167\" > <div class=\"tiled-gallery-item tiled-gallery-item-small\" itemprop=\"associatedMedia\" itemscope itemtype=\"http:\/\/schema.org\/ImageObject\"> <a href=\"http:\/\/www.tvturk.com\/index.php\/balikesirde-engelsiz-sehir-calistayi-gerceklestirildi\/balikesirde-engelsiz-sehir-calistayi-gerceklestirildi-6\/\" border=\"0\" itemprop=\"url\"> <meta itemprop=\"width\" content=\"246\"> <meta itemprop=\"height\" content=\"163\"> <img decoding=\"async\" class=\"\" data-attachment-id=\"15748\" data-orig-file=\"http:\/\/www.tvturk.com\/wp-content\/uploads\/2019\/02\/balikesirde-engelsiz-sehir-calistayi-gerceklestirildi_3d7e489.jpg\" data-orig-size=\"1000,662\" data-comments-opened=\"\" data-image-meta=\"{&quot;aperture&quot;:&quot;0&quot;,&quot;credit&quot;:&quot;IHA&quot;,&quot;camera&quot;:&quot;&quot;,&quot;caption&quot;:&quot;KARES\\u0130 KENT KONSEY\\u0130 TARAFINDAN D\\u00dcZENLENEN ENGELS\\u0130Z \\u015eEH\\u0130R \\u00c7ALI\\u015eTAYI \\u00d6\\u011eRETMEN EV\\u0130\\u2019NDE GER\\u00c7EKLE\\u015eT\\u0130R\\u0130LD\\u0130. (HASAN OTA\\u011e FIRINCIO\\u011eULLARI\\\/BALIKES\\u0130R-\\u0130HA)&quot;,&quot;created_timestamp&quot;:&quot;0&quot;,&quot;copyright&quot;:&quot;\\u0130HLAS HABER AJANSI, www.iha.com.tr&quot;,&quot;focal_length&quot;:&quot;0&quot;,&quot;iso&quot;:&quot;0&quot;,&quot;shutter_speed&quot;:&quot;0&quot;,&quot;title&quot;:&quot;BALIKES\\u0130R\\u2019DE ENGELS\\u0130Z \\u015eEH\\u0130R \\u00c7ALI\\u015eTAYI GER\\u00c7EKLE\\u015eT\\u0130R\\u0130LD\\u0130 BA\\u015eKAN USLU: \\u201cYEN\\u0130 T\\u00dcRK\\u0130YE ENGELL\\u0130LER\\u0130N \\u00d6N\\u00dcN\\u00dc A\\u00c7TI\\u201d&quot;,&quot;orientation&quot;:&quot;0&quot;}\" data-image-title=\"Bal\u0131kesir\u2019de Engelsiz \u015eehir \u00c7al\u0131\u015ftay\u0131 ger\u00e7ekle\u015ftirildi\" data-image-description=\"&lt;p&gt;Bal\u0131kesir\u2019de Engelsiz \u015eehir \u00c7al\u0131\u015ftay\u0131 ger\u00e7ekle\u015ftirildi&lt;\/p&gt; \" data-medium-file=\"https:\/\/i0.wp.com\/www.tvturk.com\/wp-content\/uploads\/2019\/02\/balikesirde-engelsiz-sehir-calistayi-gerceklestirildi_3d7e489.jpg?fit=300%2C199\" data-large-file=\"https:\/\/i0.wp.com\/www.tvturk.com\/wp-content\/uploads\/2019\/02\/balikesirde-engelsiz-sehir-calistayi-gerceklestirildi_3d7e489.jpg?fit=1000%2C662\" src=\"https:\/\/i0.wp.com\/www.tvturk.com\/wp-content\/uploads\/2019\/02\/balikesirde-engelsiz-sehir-calistayi-gerceklestirildi_3d7e489.jpg?w=246&#038;h=163\" srcset=\"https:\/\/i0.wp.com\/www.tvturk.com\/wp-content\/uploads\/2019\/02\/balikesirde-engelsiz-sehir-calistayi-gerceklestirildi_3d7e489.jpg?w=1000 1000w, https:\/\/i0.wp.com\/www.tvturk.com\/wp-content\/uploads\/2019\/02\/balikesirde-engelsiz-sehir-calistayi-gerceklestirildi_3d7e489.jpg?resize=150%2C99 150w, https:\/\/i0.wp.com\/www.tvturk.com\/wp-content\/uploads\/2019\/02\/balikesirde-engelsiz-sehir-calistayi-gerceklestirildi_3d7e489.jpg?resize=300%2C200 300w, https:\/\/i0.wp.com\/www.tvturk.com\/wp-content\/uploads\/2019\/02\/balikesirde-engelsiz-sehir-calistayi-gerceklestirildi_3d7e489.jpg?resize=768%2C508 768w, https:\/\/i0.wp.com\/www.tvturk.com\/wp-content\/uploads\/2019\/02\/balikesirde-engelsiz-sehir-calistayi-gerceklestirildi_3d7e489.jpg?resize=170%2C113 170w, https:\/\/i0.wp.com\/www.tvturk.com\/wp-content\/uploads\/2019\/02\/balikesirde-engelsiz-sehir-calistayi-gerceklestirildi_3d7e489.jpg?resize=120%2C80 120w\" width=\"246\" height=\"163\" loading=\"lazy\" data-original-width=\"246\" data-original-height=\"163\" itemprop=\"http:\/\/schema.org\/image\" title=\"Bal\u0131kesir\u2019de Engelsiz \u015eehir \u00c7al\u0131\u015ftay\u0131 ger\u00e7ekle\u015ftirildi\" alt=\"Bal\u0131kesir\u2019de Engelsiz \u015eehir \u00c7al\u0131\u015ftay\u0131 ger\u00e7ekle\u015ftirildi\" style=\"width: 246px; height: 163px;\" \/> <\/a> <\/div> <\/div> <!-- close group --> <div class=\"gallery-group images-1\" style=\"width: 250px; height: 167px;\" data-original-width=\"250\" data-original-height=\"167\" > <div class=\"tiled-gallery-item tiled-gallery-item-small\" itemprop=\"associatedMedia\" itemscope itemtype=\"http:\/\/schema.org\/ImageObject\"> <a href=\"http:\/\/www.tvturk.com\/index.php\/balikesirde-engelsiz-sehir-calistayi-gerceklestirildi\/balikesirde-engelsiz-sehir-calistayi-gerceklestirildi-7\/\" border=\"0\" itemprop=\"url\"> <meta itemprop=\"width\" content=\"246\"> <meta itemprop=\"height\" content=\"163\"> <img decoding=\"async\" class=\"\" data-attachment-id=\"15749\" data-orig-file=\"http:\/\/www.tvturk.com\/wp-content\/uploads\/2019\/02\/balikesirde-engelsiz-sehir-calistayi-gerceklestirildi_78e27f5.jpg\" data-orig-size=\"1000,662\" data-comments-opened=\"\" data-image-meta=\"{&quot;aperture&quot;:&quot;0&quot;,&quot;credit&quot;:&quot;IHA&quot;,&quot;camera&quot;:&quot;&quot;,&quot;caption&quot;:&quot;KARES\\u0130 KENT KONSEY\\u0130 TARAFINDAN D\\u00dcZENLENEN ENGELS\\u0130Z \\u015eEH\\u0130R \\u00c7ALI\\u015eTAYI \\u00d6\\u011eRETMEN EV\\u0130\\u2019NDE GER\\u00c7EKLE\\u015eT\\u0130R\\u0130LD\\u0130. (HASAN OTA\\u011e FIRINCIO\\u011eULLARI\\\/BALIKES\\u0130R-\\u0130HA)&quot;,&quot;created_timestamp&quot;:&quot;0&quot;,&quot;copyright&quot;:&quot;\\u0130HLAS HABER AJANSI, www.iha.com.tr&quot;,&quot;focal_length&quot;:&quot;0&quot;,&quot;iso&quot;:&quot;0&quot;,&quot;shutter_speed&quot;:&quot;0&quot;,&quot;title&quot;:&quot;BALIKES\\u0130R\\u2019DE ENGELS\\u0130Z \\u015eEH\\u0130R \\u00c7ALI\\u015eTAYI GER\\u00c7EKLE\\u015eT\\u0130R\\u0130LD\\u0130 BA\\u015eKAN USLU: \\u201cYEN\\u0130 T\\u00dcRK\\u0130YE ENGELL\\u0130LER\\u0130N \\u00d6N\\u00dcN\\u00dc A\\u00c7TI\\u201d&quot;,&quot;orientation&quot;:&quot;0&quot;}\" data-image-title=\"Bal\u0131kesir\u2019de Engelsiz \u015eehir \u00c7al\u0131\u015ftay\u0131 ger\u00e7ekle\u015ftirildi\" data-image-description=\"&lt;p&gt;Bal\u0131kesir\u2019de Engelsiz \u015eehir \u00c7al\u0131\u015ftay\u0131 ger\u00e7ekle\u015ftirildi&lt;\/p&gt; \" data-medium-file=\"https:\/\/i0.wp.com\/www.tvturk.com\/wp-content\/uploads\/2019\/02\/balikesirde-engelsiz-sehir-calistayi-gerceklestirildi_78e27f5.jpg?fit=300%2C199\" data-large-file=\"https:\/\/i0.wp.com\/www.tvturk.com\/wp-content\/uploads\/2019\/02\/balikesirde-engelsiz-sehir-calistayi-gerceklestirildi_78e27f5.jpg?fit=1000%2C662\" src=\"https:\/\/i0.wp.com\/www.tvturk.com\/wp-content\/uploads\/2019\/02\/balikesirde-engelsiz-sehir-calistayi-gerceklestirildi_78e27f5.jpg?w=246&#038;h=163\" srcset=\"https:\/\/i0.wp.com\/www.tvturk.com\/wp-content\/uploads\/2019\/02\/balikesirde-engelsiz-sehir-calistayi-gerceklestirildi_78e27f5.jpg?w=1000 1000w, https:\/\/i0.wp.com\/www.tvturk.com\/wp-content\/uploads\/2019\/02\/balikesirde-engelsiz-sehir-calistayi-gerceklestirildi_78e27f5.jpg?resize=150%2C99 150w, https:\/\/i0.wp.com\/www.tvturk.com\/wp-content\/uploads\/2019\/02\/balikesirde-engelsiz-sehir-calistayi-gerceklestirildi_78e27f5.jpg?resize=300%2C200 300w, https:\/\/i0.wp.com\/www.tvturk.com\/wp-content\/uploads\/2019\/02\/balikesirde-engelsiz-sehir-calistayi-gerceklestirildi_78e27f5.jpg?resize=768%2C508 768w, https:\/\/i0.wp.com\/www.tvturk.com\/wp-content\/uploads\/2019\/02\/balikesirde-engelsiz-sehir-calistayi-gerceklestirildi_78e27f5.jpg?resize=170%2C113 170w, https:\/\/i0.wp.com\/www.tvturk.com\/wp-content\/uploads\/2019\/02\/balikesirde-engelsiz-sehir-calistayi-gerceklestirildi_78e27f5.jpg?resize=120%2C80 120w\" width=\"246\" height=\"163\" loading=\"lazy\" data-original-width=\"246\" data-original-height=\"163\" itemprop=\"http:\/\/schema.org\/image\" title=\"Bal\u0131kesir\u2019de Engelsiz \u015eehir \u00c7al\u0131\u015ftay\u0131 ger\u00e7ekle\u015ftirildi\" alt=\"Bal\u0131kesir\u2019de Engelsiz \u015eehir \u00c7al\u0131\u015ftay\u0131 ger\u00e7ekle\u015ftirildi\" style=\"width: 246px; height: 163px;\" \/> <\/a> <\/div> <\/div> <!-- close group --> <\/div> <!-- close row --> <\/div><\/p>\n","protected":false},"excerpt":{"rendered":"<p>KARES\u0130 KENT KONSEY\u0130 TARAFINDAN D\u00dcZENLENEN ENGELS\u0130Z \u015eEH\u0130R \u00c7ALI\u015eTAYI \u00d6\u011eRETMEN EV\u0130\u2019NDE GER\u00c7EKLE\u015eT\u0130R\u0130LD\u0130.<\/p>\n","protected":false},"author":1,"featured_media":15744,"comment_status":"closed","ping_status":"open","sticky":false,"template":"","format":"standard","meta":{"jetpack_post_was_ever_published":false,"_jetpack_newsletter_access":"","_jetpack_dont_email_post_to_subs":false,"_jetpack_newsletter_tier_id":0,"_jetpack_memberships_contains_paywalled_content":false,"_jetpack_memberships_contains_paid_content":false,"footnotes":"","jetpack_publicize_message":"","jetpack_publicize_feature_enabled":true,"jetpack_social_post_already_shared":false,"jetpack_social_options":{"image_generator_settings":{"template":"highway","default_image_id":0,"font":"","enabled":false},"version":2}},"categories":[655],"tags":[1113,304,7590,412,553],"class_list":["post-15743","post","type-post","status-publish","format-standard","has-post-thumbnail","hentry","category-son-dakika","tag-balikesirde","tag-calistayi","tag-engelsiz","tag-gerceklestirildi","tag-sehir"],"jetpack_publicize_connections":[],"jetpack_featured_media_url":"https:\/\/i0.wp.com\/www.tvturk.com\/wp-content\/uploads\/2019\/02\/balikesirde-engelsiz-sehir-calistayi-gerceklestirildi_c101daa.jpg?fit=1000%2C662","jetpack_sharing_enabled":true,"jetpack_shortlink":"https:\/\/wp.me\/paKIfm-45V","_links":{"self":[{"href":"http:\/\/www.tvturk.com\/index.php\/wp-json\/wp\/v2\/posts\/15743","targetHints":{"allow":["GET"]}}],"collection":[{"href":"http:\/\/www.tvturk.com\/index.php\/wp-json\/wp\/v2\/posts"}],"about":[{"href":"http:\/\/www.tvturk.com\/index.php\/wp-json\/wp\/v2\/types\/post"}],"author":[{"embeddable":true,"href":"http:\/\/www.tvturk.com\/index.php\/wp-json\/wp\/v2\/users\/1"}],"replies":[{"embeddable":true,"href":"http:\/\/www.tvturk.com\/index.php\/wp-json\/wp\/v2\/comments?post=15743"}],"version-history":[{"count":1,"href":"http:\/\/www.tvturk.com\/index.php\/wp-json\/wp\/v2\/posts\/15743\/revisions"}],"predecessor-version":[{"id":15750,"href":"http:\/\/www.tvturk.com\/index.php\/wp-json\/wp\/v2\/posts\/15743\/revisions\/15750"}],"wp:featuredmedia":[{"embeddable":true,"href":"http:\/\/www.tvturk.com\/index.php\/wp-json\/wp\/v2\/media\/15744"}],"wp:attachment":[{"href":"http:\/\/www.tvturk.com\/index.php\/wp-json\/wp\/v2\/media?parent=15743"}],"wp:term":[{"taxonomy":"category","embeddable":true,"href":"http:\/\/www.tvturk.com\/index.php\/wp-json\/wp\/v2\/categories?post=15743"},{"taxonomy":"post_tag","embeddable":true,"href":"http:\/\/www.tvturk.com\/index.php\/wp-json\/wp\/v2\/tags?post=15743"}],"curies":[{"name":"wp","href":"https:\/\/api.w.org\/{rel}","templated":true}]}}