{"id":157517,"date":"2019-05-15T17:19:18","date_gmt":"2019-05-15T14:19:18","guid":{"rendered":"http:\/\/www.tvturk.com\/index.php\/yavuz-sultan-selim-koprusunden-masalsi-goruntuler\/"},"modified":"2019-05-15T17:19:18","modified_gmt":"2019-05-15T14:19:18","slug":"yavuz-sultan-selim-koprusunden-masalsi-goruntuler","status":"publish","type":"post","link":"http:\/\/www.tvturk.com\/index.php\/yavuz-sultan-selim-koprusunden-masalsi-goruntuler\/","title":{"rendered":"Yavuz Sultan Selim k\u00f6pr\u00fcs\u00fcnden masals\u0131 g\u00f6r\u00fcnt\u00fcler"},"content":{"rendered":"<p>Sis i\u00e7inde kaybolan Yavuz Sultan Selim K\u00f6pr\u00fcs\u00fc\u2019n\u00fcn havadan \u00e7ekilen g\u00f6r\u00fcnt\u00fclerle masals\u0131 manzaralar olu\u015fturdu. Yeni evlenen \u00e7iftlerden foto\u011fraf sanat\u00e7\u0131lar\u0131na kadar bir \u00e7ok ki\u015fi Garip\u00e7e Kalesine gelerek hem manzaray\u0131 g\u00f6r\u00fcnt\u00fclediler hem de e\u015fsiz manzara e\u015fli\u011finde hat\u0131ra foto\u011fraf\u0131 \u00e7ektirdiler.<\/p>\n<p>Sar\u0131yer\u2019de etkili olan sis Yavuz Sultan Selim K\u00f6pr\u00fcs\u00fc\u2019nde e\u015fsiz manzaralar olu\u015fturdu. Sise b\u00fcr\u00fcnm\u00fc\u015f k\u00f6pr\u00fcn\u00fcn havadan \u00e7ekilen manzaras\u0131 masals\u0131 manzaralar olu\u015fturdu. Sis i\u00e7erisinde kaybolan k\u00f6pr\u00fcn\u00fcn ayaklar\u0131 kimi zaman k\u0131smen g\u00f6z\u00fckt\u00fc. Havadan \u00e7ekilen g\u00f6r\u00fcnt\u00fclerde ara\u00e7lar\u0131n bulutlar\u0131n \u00fcst\u00fcne gidiyormu\u015f g\u00f6r\u00fcnt\u00fcs\u00fc kartpostall\u0131k g\u00f6r\u00fcnt\u00fcler olu\u015fturdu. E\u015fsiz manzaray\u0131 izlemek i\u00e7in Foto\u011fraf sanat\u00e7\u0131lar\u0131ndan yeni evlenen \u00e7iftler kadar bir \u00e7ok vatanda\u015f Garip\u00e7e Kalesine ak\u0131n etti. Yeni evlenen \u00e7iftler ise d\u00fc\u011f\u00fcn foto\u011fraflar\u0131n\u0131 nadir g\u00f6z\u00fcken sis manzaras\u0131 e\u015fli\u011finde \u00e7ekildi. Bir \u00e7ok vatanda\u015f daha \u00f6nce b\u00f6yle bir manzara g\u00f6rmediklerini ifade ederken sis i\u00e7inde kaybolan k\u00f6pr\u00fcn\u00fcn g\u00f6r\u00fcnt\u00fcs\u00fcn\u00fc \u00e7ok be\u011fendiklerini dile getirdiler.<\/p>\n<p>\u201cBen buray\u0131 \u00e7ok be\u011feniyorum\u201d<\/p>\n<p>Garip\u00e7e Kalesine s\u0131k s\u0131k manzara izlemek i\u00e7in geldi\u011fini ifade eden Damla Aysal, \u201cBence \u00e7ok g\u00fczel bir manzara. Avrupa Yakas\u0131n\u0131n en g\u00fczel manzaras\u0131 bence buras\u0131d\u0131r. Ben genelde ailem ile buraya \u00e7ok s\u0131k gelir foto\u011fraf \u00e7ektirir e\u011fleniriz. Garip\u00e7e Kalesi\u2019nde piknik falanda yap\u0131l\u0131yor ben buray\u0131 \u00e7ok be\u011feniyorum. A\u015f\u0131r\u0131 sisli kar\u015f\u0131 taraf\u0131 hi\u00e7 g\u00f6remiyorum. Ben geldi\u011fimde kar\u015f\u0131 taraf\u0131 g\u00f6r\u00fcyordum bu sefer daha farkl\u0131 bir manzara oldu bizim i\u00e7in kar\u015f\u0131 taraf g\u00f6z\u00fckm\u00fcyor\u201d ifadelerini kulland\u0131.<\/p>\n<p>\u201cSisler i\u00e7inde kaybolmas\u0131 ger\u00e7ekten g\u00fczel bir manzara\u201d<\/p>\n<p>\u0130lk kez Garip\u00e7e Kalesi\u2019ne geldi\u011fini belirten \u0130smail Hepli, \u201c Ben \u00c7aml\u0131ca Tepesinde oturuyorum daha \u00f6nce buraya hi\u00e7 gelmedim. \u00c7aml\u0131ca da k\u00f6pr\u00fc manzaram var. Y\u00fcksekte oturdu\u011fum i\u00e7in bulut ve sis manzaram\u0131 kesmiyor. Buraya ilk defa geldi\u011fimde de\u011fi\u015fik bir manzara ile kar\u015f\u0131la\u015ft\u0131m. Asl\u0131nda farkl\u0131 bir ambiyans\u0131 var. Ben oturdu\u011fum yerden k\u00f6pr\u00fcy\u00fc net bir \u015fekilde g\u00f6rebiliyorum ancak burada k\u00f6pr\u00fcn\u00fcn sisler i\u00e7inde kaybolmas\u0131 ger\u00e7ekten g\u00fczel bir manzara\u201d \u015feklinde konu\u015ftu.<\/p>\n","protected":false},"excerpt":{"rendered":"<p>S\u0130S \u0130\u00c7\u0130NDE KAYBOLAN YAVUZ SULTAN SEL\u0130M K\u00d6PR\u00dcS\u00dc\u2019N\u00dcN HAVADAN \u00c7EK\u0130LEN G\u00d6R\u00dcNT\u00dcLERLE MASALSI MANZARALAR OLU\u015eTURDU.<\/p>\n","protected":false},"author":1,"featured_media":157518,"comment_status":"closed","ping_status":"open","sticky":false,"template":"","format":"standard","meta":{"jetpack_post_was_ever_published":false,"_jetpack_newsletter_access":"","_jetpack_dont_email_post_to_subs":false,"_jetpack_newsletter_tier_id":0,"_jetpack_memberships_contains_paywalled_content":false,"_jetpack_memberships_contains_paid_content":false,"footnotes":"","jetpack_publicize_message":"","jetpack_publicize_feature_enabled":true,"jetpack_social_post_already_shared":true,"jetpack_social_options":{"image_generator_settings":{"template":"highway","default_image_id":0,"font":"","enabled":false},"version":2}},"categories":[1],"tags":[8294,20403,36586,4587,3231,4586],"class_list":["post-157517","post","type-post","status-publish","format-standard","has-post-thumbnail","hentry","category-genel","tag-goruntuler","tag-koprusunden","tag-masalsi","tag-selim","tag-sultan","tag-yavuz"],"jetpack_publicize_connections":[],"jetpack_featured_media_url":"https:\/\/i0.wp.com\/www.tvturk.com\/wp-content\/uploads\/2019\/05\/yavuz-sultan-selim-koprusunden-masalsi-goruntuler_e25daf6.jpg?fit=1000%2C562","jetpack_sharing_enabled":true,"jetpack_shortlink":"https:\/\/wp.me\/paKIfm-EYB","_links":{"self":[{"href":"http:\/\/www.tvturk.com\/index.php\/wp-json\/wp\/v2\/posts\/157517","targetHints":{"allow":["GET"]}}],"collection":[{"href":"http:\/\/www.tvturk.com\/index.php\/wp-json\/wp\/v2\/posts"}],"about":[{"href":"http:\/\/www.tvturk.com\/index.php\/wp-json\/wp\/v2\/types\/post"}],"author":[{"embeddable":true,"href":"http:\/\/www.tvturk.com\/index.php\/wp-json\/wp\/v2\/users\/1"}],"replies":[{"embeddable":true,"href":"http:\/\/www.tvturk.com\/index.php\/wp-json\/wp\/v2\/comments?post=157517"}],"version-history":[{"count":0,"href":"http:\/\/www.tvturk.com\/index.php\/wp-json\/wp\/v2\/posts\/157517\/revisions"}],"wp:featuredmedia":[{"embeddable":true,"href":"http:\/\/www.tvturk.com\/index.php\/wp-json\/wp\/v2\/media\/157518"}],"wp:attachment":[{"href":"http:\/\/www.tvturk.com\/index.php\/wp-json\/wp\/v2\/media?parent=157517"}],"wp:term":[{"taxonomy":"category","embeddable":true,"href":"http:\/\/www.tvturk.com\/index.php\/wp-json\/wp\/v2\/categories?post=157517"},{"taxonomy":"post_tag","embeddable":true,"href":"http:\/\/www.tvturk.com\/index.php\/wp-json\/wp\/v2\/tags?post=157517"}],"curies":[{"name":"wp","href":"https:\/\/api.w.org\/{rel}","templated":true}]}}