{"id":157557,"date":"2019-05-15T20:17:49","date_gmt":"2019-05-15T17:17:49","guid":{"rendered":"http:\/\/www.tvturk.com\/index.php\/pariste-turk-kulturunun-dunya-tarihindeki-rolu-anlatildi\/"},"modified":"2019-05-15T20:17:49","modified_gmt":"2019-05-15T17:17:49","slug":"pariste-turk-kulturunun-dunya-tarihindeki-rolu-anlatildi","status":"publish","type":"post","link":"http:\/\/www.tvturk.com\/index.php\/pariste-turk-kulturunun-dunya-tarihindeki-rolu-anlatildi\/","title":{"rendered":"Paris\u2019te T\u00fcrk k\u00fclt\u00fcr\u00fcn\u00fcn d\u00fcnya tarihindeki rol\u00fc anlat\u0131ld\u0131"},"content":{"rendered":"<p>Fransa\u2019n\u0131n ba\u015fkenti Paris\u2019te Uluslararas\u0131 T\u00fcrk Akademisi taraf\u0131ndan 70\u2019den fazla bilim insan\u0131n\u0131n kat\u0131ld\u0131\u011f\u0131 \u201cB\u00fcy\u00fck Bozk\u0131r: K\u00fclt\u00fcrel Miras ve D\u00fcnya Tarihindeki Rol\u00fc\u201d konulu bir konferans d\u00fczenledi.<\/p>\n<p>Uluslararas\u0131 T\u00fcrk Akademisi, Fransa\u2019n\u0131n ba\u015fkenti Paris\u2019te \u201cB\u00fcy\u00fck Bozk\u0131r: K\u00fclt\u00fcrel Miras ve D\u00fcnya Tarihindeki Rol\u00fc\u201d konulu bir konferans d\u00fczenledi. Konferansa ABD, Rusya, Hindistan, \u00c7in, \u0130ngiltere, Azerbaycan, Kazakistan, K\u0131rg\u0131zistan, \u00d6zbekistan, Fransa, Letonya, Hollanda ve Macaristan gibi \u00fclkelerden 70\u2019e yak\u0131n bilim insan\u0131 ile UNESCO \u00fcyesi \u00fclkelerin temsilcileri ve UNESCO yetkilileri kat\u0131ld\u0131. Konferans\u0131n a\u00e7\u0131l\u0131\u015f\u0131nda eski Kazakistan Cumhurba\u015fkan\u0131 Nursultan Nazarbayev\u2019in konferansa g\u00f6nderdi\u011fi tebrik mesaj\u0131 okundu. Nazarbayev\u2019in \u201cBir\u00e7ok \u00fclkenin bilim insanlar\u0131 ile tarih\u00e7iler ve dil uzmanlar\u0131n\u0131n kat\u0131ld\u0131\u011f\u0131 konferans\u0131n Avrupa\u2019n\u0131n K\u00fclt\u00fcr ba\u015fkenti Paris\u2019te d\u00fczenlenmesinin ayr\u0131 bir \u00f6nemi oldu\u011fu t\u00fcm insanl\u0131k tarihiyle ili\u015fkili tarihi ve k\u00fclt\u00fcrel miras\u0131m\u0131z\u0131n bilim \u00e7evresindeki ufkunu geni\u015fletece\u011fini \u00fcmit ederim\u201d dedi\u011fi mesaj\u0131 Uluslararas\u0131 T\u00fcrk Akademisi Ba\u015fkan\u0131 Prof. Dr. Darkhan K\u0131d\u0131rali okudu.<\/p>\n<p>Hindistan\u2019da T\u00fcrk usul\u00fc e\u011fitim vard\u0131<\/p>\n<p>\u201cT\u00fcrk Uygarl\u0131\u011f\u0131 ve D\u00fcnya K\u00fclt\u00fcr\u00fcne Yapt\u0131\u011f\u0131 Katk\u0131\u201d konulu oturumda konu\u015fan \u0130ndira Gandhi Ulusal Sanat Merkezi Profes\u00f6r\u00fc Mansura Haydar, \u201cT\u00fcrklerin Hindistan\u2019daki e\u011fitim ve bilim alan\u0131na yapt\u0131\u011f\u0131 katk\u0131\u201d ba\u015fl\u0131kl\u0131 bir bildiri okudu. Profes\u00f6r Haydar, \u201cHindistan topraklar\u0131nda T\u00fcrkler Delhi Sultanl\u0131\u011f\u0131 ve B\u00fcy\u00fck Mo\u011follar d\u00f6neminde h\u00fck\u00fcmdarl\u0131k etmi\u015ftir. Onlar Hindistan\u2019da e\u011fitim ve bilim alan\u0131na yeni y\u00f6ntemler getirmi\u015ftir. \u00d6rne\u011fin, \u00e7ocuklar\u0131 e\u011fitmek i\u00e7in T\u00fcrkler medrese sistemini kurmu\u015flard\u0131r. T\u00fcrkler bilim alan\u0131nda matematik, m\u00fczik, astronomi ve mekani\u011fi geli\u015ftirme i\u015fine \u00f6nem vermi\u015ftir\u201d ifadelerini kulland\u0131.<\/p>\n<p>T\u00fcrk tarihi i\u00e7in \u00f6nemli bir y\u0131l<\/p>\n<p>Konu\u015fmac\u0131lar, genel anlamda ipek yolu \u00fczerinden yay\u0131lan T\u00fcrk K\u00fclt\u00fcr\u00fc ve birli\u011fi \u00fczerinde durdu. UNESCO\u2019da bu sene d\u00fczenlenen konferansta T\u00fcrk dilli \u00fclkelerin tarihinde \u00f6zel bir yeri olan Alt\u0131n Orda ve Mo\u011folistan\u2019\u0131n kurulu\u015funu etkileyen Talas Kurultay\u0131\u2019n\u0131n 750\u2019nci, Balasagunlu Yusuf\u2019un Kutadgu Bilig\u2019in yaz\u0131l\u0131\u015f\u0131n\u0131n 950\u2019nci, \u0130madeddin Nesimi\u2019nin 650\u2019nci y\u0131l d\u00f6n\u00fcmlerine denk geldi\u011fi hat\u0131rlat\u0131ld\u0131 ve UNESCO\u2019da bunlar\u0131n ad\u0131na konferanslar ve etkinlikler d\u00fczenlenmesi gerekti\u011fine i\u015faret edildi.<\/p>\n<p>\u00d6te yandan, Uluslararas\u0131 T\u00fcrk Akademisi Ba\u015fkan\u0131 Darkhan K\u0131d\u0131rali uluslararas\u0131 camiada tan\u0131nm\u0131\u015f olan T\u00fcrk tarihine ve T\u00fcrk Birli\u011fi \u00fczerine yapt\u0131klar\u0131 \u00e7al\u0131\u015fmalardan dolay\u0131, bilim insanlar\u0131na \u00f6d\u00fcl takdim etti. Hindistan \u0130ndira Gandhi Ulusal Sanat Merkezi Profes\u00f6r\u00fc Mansura Haydar, Paris \u00dcniversitesi Profes\u00f6r\u00fc Wanda Dressler, L.N.Gumilyov Avrasya Ulusal \u00dcniversitesi Profes\u00f6r\u00fc Bolat K\u00f6mekov, T\u00fcrkiye Cumhuriyeti UNESCO Ulusal Komisyonu temsilcisi Prof. Dr. \u00d6cal O\u011fuz Uluslararas\u0131 T\u00fcrk Akademisinin alt\u0131n madalyas\u0131 ile taltif edildi.<\/p>\n","protected":false},"excerpt":{"rendered":"<p>FRANSA\u2019NIN BA\u015eKENT\u0130 PAR\u0130S\u2019TE ULUSLARARASI T\u00dcRK AKADEM\u0130S\u0130 TARAFINDAN 70\u2019DEN FAZLA B\u0130L\u0130M \u0130NSANININ KATILDI\u011eI \u201cB\u00dcY\u00dcK BOZKIR: K\u00dcLT\u00dcREL M\u0130RAS VE D\u00dcNYA TAR\u0130H\u0130NDEK\u0130 ROL\u00dc\u201d KONULU B\u0130R KONFERANS D\u00dcZENLED\u0130.<\/p>\n","protected":false},"author":1,"featured_media":157558,"comment_status":"closed","ping_status":"open","sticky":false,"template":"","format":"standard","meta":{"jetpack_post_was_ever_published":false,"_jetpack_newsletter_access":"","_jetpack_dont_email_post_to_subs":false,"_jetpack_newsletter_tier_id":0,"_jetpack_memberships_contains_paywalled_content":false,"_jetpack_memberships_contains_paid_content":false,"footnotes":"","jetpack_publicize_message":"","jetpack_publicize_feature_enabled":true,"jetpack_social_post_already_shared":true,"jetpack_social_options":{"image_generator_settings":{"template":"highway","default_image_id":0,"font":"","enabled":false},"version":2}},"categories":[10],"tags":[349,3722,36599,7697,18270,25801,957],"class_list":["post-157557","post","type-post","status-publish","format-standard","has-post-thumbnail","hentry","category-dunya","tag-dunya","tag-anlatildi","tag-kulturunun","tag-pariste","tag-rolu","tag-tarihindeki","tag-turk"],"jetpack_publicize_connections":[],"jetpack_featured_media_url":"https:\/\/i0.wp.com\/www.tvturk.com\/wp-content\/uploads\/2019\/05\/pariste-turk-kulturunun-dunya-tarihindeki-rolu-anlatildi_100a295.jpg?fit=1000%2C750","jetpack_sharing_enabled":true,"jetpack_shortlink":"https:\/\/wp.me\/paKIfm-EZf","_links":{"self":[{"href":"http:\/\/www.tvturk.com\/index.php\/wp-json\/wp\/v2\/posts\/157557","targetHints":{"allow":["GET"]}}],"collection":[{"href":"http:\/\/www.tvturk.com\/index.php\/wp-json\/wp\/v2\/posts"}],"about":[{"href":"http:\/\/www.tvturk.com\/index.php\/wp-json\/wp\/v2\/types\/post"}],"author":[{"embeddable":true,"href":"http:\/\/www.tvturk.com\/index.php\/wp-json\/wp\/v2\/users\/1"}],"replies":[{"embeddable":true,"href":"http:\/\/www.tvturk.com\/index.php\/wp-json\/wp\/v2\/comments?post=157557"}],"version-history":[{"count":0,"href":"http:\/\/www.tvturk.com\/index.php\/wp-json\/wp\/v2\/posts\/157557\/revisions"}],"wp:featuredmedia":[{"embeddable":true,"href":"http:\/\/www.tvturk.com\/index.php\/wp-json\/wp\/v2\/media\/157558"}],"wp:attachment":[{"href":"http:\/\/www.tvturk.com\/index.php\/wp-json\/wp\/v2\/media?parent=157557"}],"wp:term":[{"taxonomy":"category","embeddable":true,"href":"http:\/\/www.tvturk.com\/index.php\/wp-json\/wp\/v2\/categories?post=157557"},{"taxonomy":"post_tag","embeddable":true,"href":"http:\/\/www.tvturk.com\/index.php\/wp-json\/wp\/v2\/tags?post=157557"}],"curies":[{"name":"wp","href":"https:\/\/api.w.org\/{rel}","templated":true}]}}