{"id":157591,"date":"2019-05-15T22:53:18","date_gmt":"2019-05-15T19:53:18","guid":{"rendered":"http:\/\/www.tvturk.com\/index.php\/suriyeli-asiretler-iftarda-bulustu\/"},"modified":"2019-05-15T22:53:18","modified_gmt":"2019-05-15T19:53:18","slug":"suriyeli-asiretler-iftarda-bulustu","status":"publish","type":"post","link":"http:\/\/www.tvturk.com\/index.php\/suriyeli-asiretler-iftarda-bulustu\/","title":{"rendered":"Suriyeli a\u015firetler iftarda bulu\u015ftu"},"content":{"rendered":"<p>\u015eanl\u0131urfa\u2019da Suriye Kabile ve A\u015firet Meclisi \u00fcyeleri iftarda bir araya geldi.<\/p>\n<p>\u015eanl\u0131urfa\u2019n\u0131n Haliliye il\u00e7esi \u0130mambak\u0131r Mahallesi\u2019nde Suriye A\u015firetler ve Kabileler Meclisi \u015fubesi d\u00fczenlenen t\u00f6renle a\u00e7\u0131ld\u0131. T\u00f6renin ard\u0131ndan a\u015firet \u00fcyeleri d\u00fczenlenen iftarda bir araya geldi. \u0130ftara<\/p>\n<p>\u00e7ok say\u0131da Arap, T\u00fcrkmen ve K\u00fcrt a\u015firet liderleri ile kanaat \u00f6nderleri kat\u0131ld\u0131. \u0130ftar yeme\u011finin ard\u0131ndan Meclis Ba\u015fkan\u0131 Rami El Saleh, gazetecilere yapt\u0131\u011f\u0131 a\u00e7\u0131klamada, Suriyeliler olarak ter\u00f6r \u00f6rg\u00fct\u00fc PKK\/PYD\u2019yi \u00fclkelerinde i\u015fgal etti\u011fi topraklarda bar\u0131nd\u0131rmayacaklar\u0131n\u0131 s\u00f6yledi. Ter\u00f6r \u00f6rg\u00fct\u00fc PKK\/PYD\/YPG\u2019nin Suriye\u2019de i\u015fgal etti\u011fi b\u00f6lgelerde insanlar\u0131 \u00f6ld\u00fcrmeye devam etti\u011fini ifade eden Saleh, &#8220;Ter\u00f6r \u00f6rg\u00fct\u00fc elindeki b\u00f6lgelerde yak\u0131nlar\u0131m\u0131z\u0131 katlediyor. \u00c7ok yak\u0131n bir zamanda 9 ki\u015fiyi \u00f6ld\u00fcrd\u00fcler. Biz Suriyeli Arap, T\u00fcrk, K\u00fcrt a\u015firetleri, kabileleri olarak ter\u00f6r \u00f6rg\u00fct\u00fcn\u00fcn kar\u015f\u0131s\u0131nday\u0131z, onlar\u0131 kabul etmiyoruz, i\u015fgal ettikleri yerlerde onlar\u0131 b\u0131rakmayaca\u011f\u0131z. Suriye\u2019de tek bir \u00f6rg\u00fct \u00fcyesini bile kabul etmeyece\u011fiz. T\u00fcrkiye\u2019ye desteklerinden dolay\u0131 te\u015fekk\u00fcr ediyoruz\u201d dedi.<\/p>\n<p>Meclis Ba\u015fkan Yard\u0131mc\u0131s\u0131 Muhammed Kayr Ey\u00fcp ise, Suriyeli 200 a\u015firet ve kabile olarak ter\u00f6r \u00f6rg\u00fct\u00fcne kar\u015f\u0131 bir araya geldiklerini aktard\u0131. Ey\u00fcp, &#8220;T\u00fcrkiye\u2019den \u00e7ok b\u00fcy\u00fck destek al\u0131yoruz. \u015eu ana kadar Azez\u2019de Gaziantep\u2019te ve \u015eanl\u0131urfa\u2019da ofis a\u00e7t\u0131k. Yak\u0131nda Kilis\u2019te de a\u00e7aca\u011f\u0131z. Meclisimizde K\u00fcrt, T\u00fcrk, Arap, Hristiyan, Yezidi, Alevi\u2019si var, hepimiz bir araday\u0131z ve orada ter\u00f6ristlere nefes ald\u0131rmayaca\u011f\u0131z\u201d ifadelerini kuland\u0131.<\/p>\n<p>Yap\u0131lan konu\u015fmalar\u0131n ard\u0131ndan iftar yeme\u011fi sona erdi.<\/p>\n","protected":false},"excerpt":{"rendered":"<p>\u015eANLIURFA&#8217;DA SUR\u0130YE KAB\u0130LE VE A\u015e\u0130RET MECL\u0130S\u0130 \u00dcYELER\u0130 \u0130FTARDA B\u0130R ARAYA GELD\u0130.<\/p>\n","protected":false},"author":1,"featured_media":157592,"comment_status":"closed","ping_status":"open","sticky":false,"template":"","format":"standard","meta":{"jetpack_post_was_ever_published":false,"_jetpack_newsletter_access":"","_jetpack_dont_email_post_to_subs":false,"_jetpack_newsletter_tier_id":0,"_jetpack_memberships_contains_paywalled_content":false,"_jetpack_memberships_contains_paid_content":false,"footnotes":"","jetpack_publicize_message":"","jetpack_publicize_feature_enabled":true,"jetpack_social_post_already_shared":true,"jetpack_social_options":{"image_generator_settings":{"template":"highway","default_image_id":0,"font":"","enabled":false},"version":2}},"categories":[1],"tags":[36606,389,34883,1036],"class_list":["post-157591","post","type-post","status-publish","format-standard","has-post-thumbnail","hentry","category-genel","tag-asiretler","tag-bulustu","tag-iftarda","tag-suriyeli"],"jetpack_publicize_connections":[],"jetpack_featured_media_url":"https:\/\/i0.wp.com\/www.tvturk.com\/wp-content\/uploads\/2019\/05\/suriyeli-asiretler-iftarda-bulustu_d7e04a4.jpg?fit=1000%2C666","jetpack_sharing_enabled":true,"jetpack_shortlink":"https:\/\/wp.me\/paKIfm-EZN","_links":{"self":[{"href":"http:\/\/www.tvturk.com\/index.php\/wp-json\/wp\/v2\/posts\/157591","targetHints":{"allow":["GET"]}}],"collection":[{"href":"http:\/\/www.tvturk.com\/index.php\/wp-json\/wp\/v2\/posts"}],"about":[{"href":"http:\/\/www.tvturk.com\/index.php\/wp-json\/wp\/v2\/types\/post"}],"author":[{"embeddable":true,"href":"http:\/\/www.tvturk.com\/index.php\/wp-json\/wp\/v2\/users\/1"}],"replies":[{"embeddable":true,"href":"http:\/\/www.tvturk.com\/index.php\/wp-json\/wp\/v2\/comments?post=157591"}],"version-history":[{"count":0,"href":"http:\/\/www.tvturk.com\/index.php\/wp-json\/wp\/v2\/posts\/157591\/revisions"}],"wp:featuredmedia":[{"embeddable":true,"href":"http:\/\/www.tvturk.com\/index.php\/wp-json\/wp\/v2\/media\/157592"}],"wp:attachment":[{"href":"http:\/\/www.tvturk.com\/index.php\/wp-json\/wp\/v2\/media?parent=157591"}],"wp:term":[{"taxonomy":"category","embeddable":true,"href":"http:\/\/www.tvturk.com\/index.php\/wp-json\/wp\/v2\/categories?post=157591"},{"taxonomy":"post_tag","embeddable":true,"href":"http:\/\/www.tvturk.com\/index.php\/wp-json\/wp\/v2\/tags?post=157591"}],"curies":[{"name":"wp","href":"https:\/\/api.w.org\/{rel}","templated":true}]}}