{"id":157677,"date":"2019-05-16T10:28:09","date_gmt":"2019-05-16T07:28:09","guid":{"rendered":"http:\/\/www.tvturk.com\/index.php\/buyukcekmece-gencligi-cevre-konusunda-bilincli-yetisiyor\/"},"modified":"2019-05-16T10:28:09","modified_gmt":"2019-05-16T07:28:09","slug":"buyukcekmece-gencligi-cevre-konusunda-bilincli-yetisiyor","status":"publish","type":"post","link":"http:\/\/www.tvturk.com\/index.php\/buyukcekmece-gencligi-cevre-konusunda-bilincli-yetisiyor\/","title":{"rendered":"B\u00fcy\u00fck\u00e7ekmece gen\u00e7li\u011fi \u00e7evre konusunda bilin\u00e7li yeti\u015fiyor"},"content":{"rendered":"<p>B\u00fcy\u00fck\u00e7ekmece Belediyesi \u00c7evre Koruma ve Kontrol M\u00fcd\u00fcrl\u00fc\u011f\u00fc ekipleri \u0130stanbul International Community School (\u0130stanbul Uluslararas\u0131 Topluluk Okulu) \u00f6\u011frencileriyle birlikte Ambalaj At\u0131klar\u0131 Toplama ve Ay\u0131rma Tesisi\u2019ni gezdi.<\/p>\n<p>B\u00fcy\u00fck\u00e7ekmece Belediye Ba\u015fkan\u0131 Dr. Hasan Akg\u00fcn, B\u00fcy\u00fck\u00e7ekmece gen\u00e7li\u011finin bir\u00e7ok alanda oldu\u011fu gibi \u00e7evre konusunda da bilin\u00e7li yeti\u015fti\u011fini s\u00f6yledi.<\/p>\n<p>\u201cNezaketinden \u00f6t\u00fcr\u00fc te\u015fekk\u00fcr ediyorum\u201d<\/p>\n<p>S\u00fcrd\u00fcr\u00fclebilir \u00e7evre konusunun \u00fclkeler aras\u0131ndaki en \u00f6nemli konulardan bir tanesi oldu\u011funu s\u00f6yleyen B\u00fcy\u00fck\u00e7ekmece Belediye Ba\u015fkan\u0131 Dr. Hasan Akg\u00fcn, \u201c\u00c7evre temizli\u011fi, geri d\u00f6n\u00fc\u015f\u00fcm gibi konularda \u00e7ocuklar\u0131m\u0131z\u0131 k\u00fc\u00e7\u00fck ya\u015ftan itibaren e\u011fitiyoruz. Bilin\u00e7li bir gen\u00e7lik yeti\u015ftiriyoruz. \u00c7evre Koruma ve Kontrol M\u00fcd\u00fcrl\u00fc\u011f\u00fc ekiplerimiz gelece\u011fimizin \u00f6nemli konular\u0131 aras\u0131nda yer alan s\u00fcrd\u00fcr\u00fclebilir \u00e7evre konusunda projeler \u00fcreterek vatanda\u015flar\u0131m\u0131z\u0131 bilgilendiriyor. \u00d6zellikle il\u00e7emizde ikamet eden \u00e7ocuklar\u0131m\u0131za bu konularda bilgiler vererek \u00e7e\u015fitli projeler \u00fcretiyorlar. \u0130stanbul International Community School\u2019da e\u011fitim g\u00f6ren \u00e7ocuklar\u0131m\u0131z da ekibimizle birlikte kar\u015f\u0131l\u0131kl\u0131 fikir al\u0131\u015fveri\u015finde bulundu. Danimarka Ba\u015fkonsolosu Anette S. Galskjot\u2019a da nezaketinden \u00f6t\u00fcr\u00fc te\u015fekk\u00fcr ediyorum\u201d ifadesini kulland\u0131.<\/p>\n<p>Danimarka Ba\u015fkonsolosuyla birlikte gezdiler<\/p>\n<p>\u00d6\u011frenciler, Danimarka Ba\u015fkonsolosu Anette S. Galskjot nezdinde ger\u00e7ekle\u015ftirilen gezide \u201cS\u00fcrd\u00fcr\u00fclebilir \u00c7evre\u201d ad\u0131na hayata ge\u00e7irilecek projeler hakk\u0131nda \u00c7evre Koruma ve Kontrol M\u00fcd\u00fcrl\u00fc\u011f\u00fc ekipleriyle birlikte fikir al\u0131\u015fveri\u015finde bulundu. Enerji verimlili\u011fi, k\u00fcresel \u0131s\u0131nma ve geri d\u00f6n\u00fc\u015f\u00fcm\u00fcn etkin yap\u0131lmas\u0131 konular\u0131n\u0131 kapsayan \u201cS\u00fcrd\u00fcr\u00fclebilir \u00c7evre\u201d konusunda bilgi alan \u00f6\u011frenciler Danimarka Ba\u015fkonsolosu Anette S. Galskjot ve belediye ekipleriyle birlikte tesisi gezdi.<\/p>\n","protected":false},"excerpt":{"rendered":"<p>B\u00dcY\u00dcK\u00c7EKMECE BELED\u0130YES\u0130 \u00c7EVRE KORUMA VE KONTROL M\u00dcD\u00dcRL\u00dc\u011e\u00dc EK\u0130PLER\u0130 \u0130STANBUL INTERNAT\u0130ONAL COMMUN\u0130TY SCHOOL (\u0130STANBUL ULUSLARARASI TOPLULUK OKULU) \u00d6\u011eRENC\u0130LER\u0130YLE B\u0130RL\u0130KTE AMBALAJ ATIKLARI TOPLAMA VE AYIRMA TES\u0130S\u0130\u2019N\u0130 GEZD\u0130.<\/p>\n","protected":false},"author":1,"featured_media":157678,"comment_status":"closed","ping_status":"open","sticky":false,"template":"","format":"standard","meta":{"jetpack_post_was_ever_published":false,"_jetpack_newsletter_access":"","_jetpack_dont_email_post_to_subs":false,"_jetpack_newsletter_tier_id":0,"_jetpack_memberships_contains_paywalled_content":false,"_jetpack_memberships_contains_paid_content":false,"footnotes":"","jetpack_publicize_message":"","jetpack_publicize_feature_enabled":true,"jetpack_social_post_already_shared":true,"jetpack_social_options":{"image_generator_settings":{"template":"highway","default_image_id":0,"font":"","enabled":false},"version":2}},"categories":[1],"tags":[2636,13489,11138,36635,272,14271],"class_list":["post-157677","post","type-post","status-publish","format-standard","has-post-thumbnail","hentry","category-genel","tag-cevre","tag-bilincli","tag-buyukcekmece","tag-gencligi","tag-konusunda","tag-yetisiyor"],"jetpack_publicize_connections":[],"jetpack_featured_media_url":"https:\/\/i0.wp.com\/www.tvturk.com\/wp-content\/uploads\/2019\/05\/buyukcekmece-gencligi-cevre-konusunda-bilincli-yetisiyor_59b7ef8.jpg?fit=1000%2C562","jetpack_sharing_enabled":true,"jetpack_shortlink":"https:\/\/wp.me\/paKIfm-F1b","_links":{"self":[{"href":"http:\/\/www.tvturk.com\/index.php\/wp-json\/wp\/v2\/posts\/157677","targetHints":{"allow":["GET"]}}],"collection":[{"href":"http:\/\/www.tvturk.com\/index.php\/wp-json\/wp\/v2\/posts"}],"about":[{"href":"http:\/\/www.tvturk.com\/index.php\/wp-json\/wp\/v2\/types\/post"}],"author":[{"embeddable":true,"href":"http:\/\/www.tvturk.com\/index.php\/wp-json\/wp\/v2\/users\/1"}],"replies":[{"embeddable":true,"href":"http:\/\/www.tvturk.com\/index.php\/wp-json\/wp\/v2\/comments?post=157677"}],"version-history":[{"count":0,"href":"http:\/\/www.tvturk.com\/index.php\/wp-json\/wp\/v2\/posts\/157677\/revisions"}],"wp:featuredmedia":[{"embeddable":true,"href":"http:\/\/www.tvturk.com\/index.php\/wp-json\/wp\/v2\/media\/157678"}],"wp:attachment":[{"href":"http:\/\/www.tvturk.com\/index.php\/wp-json\/wp\/v2\/media?parent=157677"}],"wp:term":[{"taxonomy":"category","embeddable":true,"href":"http:\/\/www.tvturk.com\/index.php\/wp-json\/wp\/v2\/categories?post=157677"},{"taxonomy":"post_tag","embeddable":true,"href":"http:\/\/www.tvturk.com\/index.php\/wp-json\/wp\/v2\/tags?post=157677"}],"curies":[{"name":"wp","href":"https:\/\/api.w.org\/{rel}","templated":true}]}}