{"id":157711,"date":"2019-05-16T10:53:39","date_gmt":"2019-05-16T07:53:39","guid":{"rendered":"http:\/\/www.tvturk.com\/index.php\/musa-aydindan-serbest-gures-kampina-ziyaret\/"},"modified":"2019-05-16T10:53:39","modified_gmt":"2019-05-16T07:53:39","slug":"musa-aydindan-serbest-gures-kampina-ziyaret","status":"publish","type":"post","link":"http:\/\/www.tvturk.com\/index.php\/musa-aydindan-serbest-gures-kampina-ziyaret\/","title":{"rendered":"Musa Ayd\u0131n\u2019dan Serbest G\u00fcre\u015f Kamp\u0131\u2019na ziyaret"},"content":{"rendered":"<p>Romanya\u2019n\u0131n ba\u015fkenti B\u00fckre\u015f\u2019te d\u00fczenlenen Avrupa G\u00fcre\u015f \u015eampiyonas\u0131\u2019nda tarihi bir ba\u015far\u0131n\u0131n alt\u0131na imza att\u0131ktan sonra rotas\u0131n\u0131 Avrupa Oyunlar\u0131\u2019na \u00e7eviren Serbest G\u00fcre\u015f Milli Tak\u0131m\u0131\u2019n\u0131n ilk haz\u0131rl\u0131k kamp\u0131 D\u00fczce\u2019de bulunan Topuk Yaylas\u0131 Tesisleri\u2019nde s\u00fcr\u00fcyor. Teknik Direkt\u00f6r Isak Irbaikhanov y\u00f6netiminde yap\u0131lan antrenmanlarla kondisyon depolayan millileri T\u00fcrkiye G\u00fcre\u015f Federasyonu Ba\u015fkan\u0131 Musa Ayd\u0131n ve y\u00f6netim kurulu \u00fcyeleri ziyaret etti.<\/p>\n<p>Teknik Direkt\u00f6r Isak Irbaikhanov ve teknik ekipten tak\u0131m\u0131n durumu hakk\u0131nda bilgiler alan Ba\u015fkan Musa Ayd\u0131n ve y\u00f6neticiler daha sonra tak\u0131mla birlikte iftar yapt\u0131. Bu y\u0131l\u0131 Olimpiyat y\u0131l\u0131 olarak ilan ettiklerini belirten T\u00fcrkiye G\u00fcre\u015f Federasyonu Ba\u015fkan\u0131 Musa Ayd\u0131n, &#8220;2020 Tokyo\u2019nun start\u0131n\u0131 biz bu y\u0131l verdik. Avrupa \u015eampiyonas\u0131\u2019nda ger\u00e7ekten de tarihi ba\u015far\u0131lar\u0131n alt\u0131na imza att\u0131k. \u015eimdi \u00f6n\u00fcm\u00fczde \u00f6nce Avrupa Oyunlar\u0131 sonra da Olimpiyat kotalar\u0131n\u0131 alaca\u011f\u0131m\u0131z D\u00fcnya \u015eampiyonas\u0131 var. Eyl\u00fcl ay\u0131nda Kazakistan\u2019da yap\u0131lacak olan D\u00fcnya \u015eampiyonas\u0131\u2019nda ilk 6\u2019ya giren sporcular olimpiyat kotas\u0131 alacaklar. \u0130\u015fte bu y\u00fczden haz\u0131rl\u0131klar\u0131m\u0131z\u0131 \u00e7ok iyi yapmak zorunday\u0131z. Serbest g\u00fcre\u015f tak\u0131m\u0131m\u0131z D\u00fczce Topuk Yaylas\u0131\u2019nda Avrupa Oyunlar\u0131 haz\u0131rl\u0131klar\u0131na ba\u015flad\u0131. Burada ger\u00e7ekten \u00e7ok g\u00fczel bir ortam var. \u0130n\u015fallah hem Avrupa oyunlar\u0131na hem de D\u00fcnya \u015eampiyonas\u0131\u2019na en iyi \u015fekilde haz\u0131rlan\u0131p en iyi sonu\u00e7lar\u0131 almak istiyoruz. Her zaman s\u00f6yl\u00fcyorum g\u00fcre\u015f bran\u015f\u0131 T\u00fcrk sporunun lokomotifi. Biz D\u00fcnya \u015eampiyonas\u0131\u2019nda kotalar\u0131 almaktan \u00e7ok Olimpiyatlarda yeni rekorlar k\u0131rman\u0131n planlar\u0131n\u0131 yap\u0131yoruz&#8221; \u015feklinde konu\u015ftu.<\/p>\n<p>Irbaikhanov: &#8220;Ba\u015fkan\u0131m\u0131za ziyaretinden dolay\u0131 te\u015fekk\u00fcr ederim&#8221;<\/p>\n<p>Serbest G\u00fcre\u015f Milli Tak\u0131m Teknik Direkt\u00f6r\u00fc Isak Irbaikhanov ise D\u00fczce Topuk Yaylas\u0131 Tesisleri\u2019nde \u00e7al\u0131\u015fma ortamlar\u0131n\u0131n m\u00fckemmel oldu\u011funu belirterek, &#8220;Ba\u015far\u0131l\u0131 bir Avrupa \u015eampiyonas\u0131\u2019n\u0131n ard\u0131ndan sporcular\u0131m\u0131z bir s\u00fcre dinlendiler. \u015eimdi yeniden \u00e7al\u0131\u015fma zaman\u0131. Topuk Yaylas\u0131\u2019nda daha \u00e7ok kondisyon a\u011f\u0131rl\u0131kl\u0131 idmanlar yap\u0131yoruz. Amac\u0131m\u0131z Avrupa \u015eampiyonas\u0131\u2019nda g\u00f6sterdi\u011fimiz ba\u015far\u0131y\u0131, \u00f6nce Avrupa Oyunlar\u0131\u2019nda, sonras\u0131nda da D\u00fcnya \u015eampiyonas\u0131\u2019nda g\u00f6sterip Olimpiyat kotalar\u0131n\u0131 almak. Tak\u0131m\u0131ma bu konuda sonuna kadar g\u00fcveniyorum. Bu arada buraya kadar gelerek kamp\u0131m\u0131z\u0131 ziyaret eden Ba\u015fkan\u0131m\u0131z Musa Ayd\u0131n ve y\u00f6neticilerimize de te\u015fekk\u00fcr etmek istiyorum&#8221; dedi.<\/p>\n","protected":false},"excerpt":{"rendered":"<p>ROMANYA\u2019NIN BA\u015eKENT\u0130 B\u00dcKRE\u015e\u2019TE D\u00dcZENLENEN AVRUPA G\u00dcRE\u015e \u015eAMP\u0130YONASI&#8217;NDA TAR\u0130H\u0130 B\u0130R BA\u015eARININ ALTINA \u0130MZA ATTIKTAN SONRA ROTASINI AVRUPA OYUNLARI&#8217;NA \u00c7EV\u0130REN SERBEST G\u00dcRE\u015e M\u0130LL\u0130 TAKIMI&#8217;NIN \u0130LK HAZIRLIK KAMPI D\u00dcZCE\u2019DE BULUNAN TOPUK YAYLASI TES\u0130SLER\u0130&#8217;NDE S\u00dcR\u00dcYOR. TEKN\u0130K D\u0130REKT\u00d6R ISAK IRBA\u0130KHANOV Y\u00d6NET\u0130M\u0130NDE YAPILAN ANTRENMANLARLA KOND\u0130SYON DEPOLAYAN M\u0130LL\u0130LER\u0130 T\u00dcRK\u0130YE G\u00dcRE\u015e FEDERASYONU BA\u015eKANI MUSA AYDIN VE Y\u00d6NET\u0130M KURULU \u00dcYELER\u0130 Z\u0130YARET ETT\u0130.<\/p>\n","protected":false},"author":1,"featured_media":157712,"comment_status":"closed","ping_status":"open","sticky":false,"template":"","format":"standard","meta":{"jetpack_post_was_ever_published":false,"_jetpack_newsletter_access":"","_jetpack_dont_email_post_to_subs":false,"_jetpack_newsletter_tier_id":0,"_jetpack_memberships_contains_paywalled_content":false,"_jetpack_memberships_contains_paid_content":false,"footnotes":"","jetpack_publicize_message":"","jetpack_publicize_feature_enabled":true,"jetpack_social_post_already_shared":true,"jetpack_social_options":{"image_generator_settings":{"template":"highway","default_image_id":0,"font":"","enabled":false},"version":2}},"categories":[657],"tags":[7743,8355,6671,16079,594,150],"class_list":["post-157711","post","type-post","status-publish","format-standard","has-post-thumbnail","hentry","category-spor","tag-aydindan","tag-gures","tag-kampina","tag-musa","tag-serbest","tag-ziyaret"],"jetpack_publicize_connections":[],"jetpack_featured_media_url":"https:\/\/i0.wp.com\/www.tvturk.com\/wp-content\/uploads\/2019\/05\/musa-aydindan-serbest-gures-kampina-ziyaret_b2a746e.jpg?fit=1000%2C690","jetpack_sharing_enabled":true,"jetpack_shortlink":"https:\/\/wp.me\/paKIfm-F1J","_links":{"self":[{"href":"http:\/\/www.tvturk.com\/index.php\/wp-json\/wp\/v2\/posts\/157711","targetHints":{"allow":["GET"]}}],"collection":[{"href":"http:\/\/www.tvturk.com\/index.php\/wp-json\/wp\/v2\/posts"}],"about":[{"href":"http:\/\/www.tvturk.com\/index.php\/wp-json\/wp\/v2\/types\/post"}],"author":[{"embeddable":true,"href":"http:\/\/www.tvturk.com\/index.php\/wp-json\/wp\/v2\/users\/1"}],"replies":[{"embeddable":true,"href":"http:\/\/www.tvturk.com\/index.php\/wp-json\/wp\/v2\/comments?post=157711"}],"version-history":[{"count":0,"href":"http:\/\/www.tvturk.com\/index.php\/wp-json\/wp\/v2\/posts\/157711\/revisions"}],"wp:featuredmedia":[{"embeddable":true,"href":"http:\/\/www.tvturk.com\/index.php\/wp-json\/wp\/v2\/media\/157712"}],"wp:attachment":[{"href":"http:\/\/www.tvturk.com\/index.php\/wp-json\/wp\/v2\/media?parent=157711"}],"wp:term":[{"taxonomy":"category","embeddable":true,"href":"http:\/\/www.tvturk.com\/index.php\/wp-json\/wp\/v2\/categories?post=157711"},{"taxonomy":"post_tag","embeddable":true,"href":"http:\/\/www.tvturk.com\/index.php\/wp-json\/wp\/v2\/tags?post=157711"}],"curies":[{"name":"wp","href":"https:\/\/api.w.org\/{rel}","templated":true}]}}