{"id":157739,"date":"2019-05-16T11:16:12","date_gmt":"2019-05-16T08:16:12","guid":{"rendered":"http:\/\/www.tvturk.com\/index.php\/ozel-mebin-yeni-ara-tatil-uygulamasi-pamukkaleye-yarayacak\/"},"modified":"2019-05-16T11:16:12","modified_gmt":"2019-05-16T08:16:12","slug":"ozel-mebin-yeni-ara-tatil-uygulamasi-pamukkaleye-yarayacak","status":"publish","type":"post","link":"http:\/\/www.tvturk.com\/index.php\/ozel-mebin-yeni-ara-tatil-uygulamasi-pamukkaleye-yarayacak\/","title":{"rendered":"(\u00d6zel) MEB\u2019in yeni ara tatil uygulamas\u0131 Pamukkale\u2019ye yarayacak"},"content":{"rendered":"<p>Denizli Turistik Otelciler ve \u0130\u015fletmeciler Derne\u011fi (DENTUROD) Ba\u015fkan\u0131 Gazi Murat \u015een, Milli E\u011fitim Bakanl\u0131\u011f\u0131 taraf\u0131ndan a\u00e7\u0131klanan yeni tatil d\u00fczenlemesinin, T\u00fcrkiye\u2019nin en \u00f6nemli turizm merkezlerinden biri olan Pamukkale ile birlikte i\u00e7 turizme yans\u0131malar\u0131n\u0131n olumlu olaca\u011f\u0131n\u0131 kaydetti.<\/p>\n<p>Milli E\u011fitim Bakan\u0131 Ziya Sel\u00e7uk, yeni tatil d\u00fczenlemesini a\u00e7\u0131klad\u0131. 2019-2020 \u00e7al\u0131\u015fma takvimine g\u00f6re, 13 haftal\u0131k yaz tatilinin iki haftas\u0131 nisan ve kas\u0131m aylar\u0131nda birer haftal\u0131k ara tatil olarak planland\u0131. 18-22 Kas\u0131m 2019\u2019da ilk ara tatil olurken, 6-10 Nisan 2020 tarihleri aras\u0131nda ise ikinci ara tatil verilecek. B\u00f6ylece s\u00f6mestr ile birlikte 3 ara tatil olacak.<\/p>\n<p>Yeni tatil d\u00fczenlemesini \u0130hlas Haber Ajans\u0131 (\u0130HA) muhabirine de\u011ferlendiren Ba\u015fkan \u015een, uygulama ile Pamukkale ve \u00e7evresindeki otelleri, turizm merkezlerinin 1\u2019er ay daha erken a\u00e7\u0131lmas\u0131na ve ge\u00e7 kapanmas\u0131na neden olaca\u011f\u0131n\u0131 kaydetti. \u015een, \u201cMilli E\u011fitim Bakan\u0131 Ziya Sel\u00e7uk\u2019un yapt\u0131\u011f\u0131 a\u00e7\u0131klama turizmciler a\u00e7\u0131s\u0131ndan da \u00e7ok olumlu. Biz zaten turizmciler olarak bunu uzun zamand\u0131r dile getiriyorduk. \u00c7ok uzun yaz tatilinin belli bir aral\u0131kta b\u00f6l\u00fcnmesi s\u00f6mestr tatilinin nisan, kas\u0131m gibi aral\u0131klarda da olmas\u0131 ile ilgili, yaz aylar\u0131nda ki bu 13 haftal\u0131k tatilin 1\u2019er haftal\u0131k dilimleri nisan ve kas\u0131m ay\u0131na kayd\u0131r\u0131ld\u0131. \u00d6zellikle nisan ay\u0131n\u0131n ba\u015f\u0131nda ve kas\u0131m ay\u0131n\u0131n sonunda uygulanmas\u0131 da b\u00f6lgelerimizdeki otellerin en az\u0131ndan 1\u2019er ay daha erken a\u00e7\u0131lmas\u0131na ve ge\u00e7 kapanmas\u0131na neden olacakt\u0131r. \u00dclkemizde \u00f6zellikle i\u00e7 turizme \u00e7ok olumlu yans\u0131yaca\u011f\u0131n\u0131 d\u00fc\u015f\u00fcn\u00fcyoruz. Hem \u00f6\u011frenciler i\u00e7in hem de veliler i\u00e7in bir dinlenme molas\u0131 olacak. Hem de bu nisan ve kas\u0131m aylar\u0131nda \u00f6zellikle havalar\u0131nda daha yeni so\u011fumaya ve \u0131s\u0131nmaya ba\u015flad\u0131\u011f\u0131 d\u00f6nemde b\u00f6lgelerimizdeki k\u00fclt\u00fcrel de\u011ferlerin ziyareti i\u00e7in de \u00e7ok uygun hava \u015fartlar\u0131na neden olacakt\u0131r. Biz Pamukkale b\u00f6lgesine, Hierapolis, Leodikya, Tripolis b\u00f6lgesine de \u00e7ok say\u0131 da yerli ziyaret\u00e7imizin gelece\u011fine, okullar\u0131n gezi d\u00fczenleyece\u011fine ve bunun da i\u00e7 turizme \u00e7ok iyi yans\u0131yaca\u011f\u0131n\u0131 bekliyoruz\u201d diye konu\u015ftu.<\/p>\n","protected":false},"excerpt":{"rendered":"<p>DEN\u0130ZL\u0130 TUR\u0130ST\u0130K OTELC\u0130LER VE \u0130\u015eLETMEC\u0130LER DERNE\u011e\u0130 (DENTUROD) BA\u015eKANI GAZ\u0130 MURAT \u015eEN, M\u0130LL\u0130 E\u011e\u0130T\u0130M BAKANLI\u011eI TARAFINDAN A\u00c7IKLANAN YEN\u0130 TAT\u0130L D\u00dcZENLEMES\u0130N\u0130N, T\u00dcRK\u0130YE\u2019N\u0130N EN \u00d6NEML\u0130 TUR\u0130ZM MERKEZLER\u0130NDEN B\u0130R\u0130 OLAN PAMUKKALE \u0130LE B\u0130RL\u0130KTE \u0130\u00c7 TUR\u0130ZME YANSIMALARININ OLUMLU OLACA\u011eINI KAYDETT\u0130.<\/p>\n","protected":false},"author":1,"featured_media":157740,"comment_status":"closed","ping_status":"open","sticky":false,"template":"","format":"standard","meta":{"jetpack_post_was_ever_published":false,"_jetpack_newsletter_access":"","_jetpack_dont_email_post_to_subs":false,"_jetpack_newsletter_tier_id":0,"_jetpack_memberships_contains_paywalled_content":false,"_jetpack_memberships_contains_paid_content":false,"footnotes":"","jetpack_publicize_message":"","jetpack_publicize_feature_enabled":true,"jetpack_social_post_already_shared":true,"jetpack_social_options":{"image_generator_settings":{"template":"highway","default_image_id":0,"font":"","enabled":false},"version":2}},"categories":[19],"tags":[1073,112,36653,30283,3575,861,29009,87],"class_list":["post-157739","post","type-post","status-publish","format-standard","has-post-thumbnail","hentry","category-ekonomi","tag-ozel","tag-ara","tag-mebin","tag-pamukkaleye","tag-tatil","tag-uygulamasi","tag-yarayacak","tag-yeni"],"jetpack_publicize_connections":[],"jetpack_featured_media_url":"https:\/\/i0.wp.com\/www.tvturk.com\/wp-content\/uploads\/2019\/05\/ozel-mebin-yeni-ara-tatil-uygulamasi-pamukkaleye-yarayacak_1aaa0b6.jpg?fit=1000%2C666","jetpack_sharing_enabled":true,"jetpack_shortlink":"https:\/\/wp.me\/paKIfm-F2b","_links":{"self":[{"href":"http:\/\/www.tvturk.com\/index.php\/wp-json\/wp\/v2\/posts\/157739","targetHints":{"allow":["GET"]}}],"collection":[{"href":"http:\/\/www.tvturk.com\/index.php\/wp-json\/wp\/v2\/posts"}],"about":[{"href":"http:\/\/www.tvturk.com\/index.php\/wp-json\/wp\/v2\/types\/post"}],"author":[{"embeddable":true,"href":"http:\/\/www.tvturk.com\/index.php\/wp-json\/wp\/v2\/users\/1"}],"replies":[{"embeddable":true,"href":"http:\/\/www.tvturk.com\/index.php\/wp-json\/wp\/v2\/comments?post=157739"}],"version-history":[{"count":0,"href":"http:\/\/www.tvturk.com\/index.php\/wp-json\/wp\/v2\/posts\/157739\/revisions"}],"wp:featuredmedia":[{"embeddable":true,"href":"http:\/\/www.tvturk.com\/index.php\/wp-json\/wp\/v2\/media\/157740"}],"wp:attachment":[{"href":"http:\/\/www.tvturk.com\/index.php\/wp-json\/wp\/v2\/media?parent=157739"}],"wp:term":[{"taxonomy":"category","embeddable":true,"href":"http:\/\/www.tvturk.com\/index.php\/wp-json\/wp\/v2\/categories?post=157739"},{"taxonomy":"post_tag","embeddable":true,"href":"http:\/\/www.tvturk.com\/index.php\/wp-json\/wp\/v2\/tags?post=157739"}],"curies":[{"name":"wp","href":"https:\/\/api.w.org\/{rel}","templated":true}]}}