{"id":157787,"date":"2019-05-16T11:58:51","date_gmt":"2019-05-16T08:58:51","guid":{"rendered":"http:\/\/www.tvturk.com\/index.php\/polonyada-16-yasindaki-turk-okulda-bicaklanarak-olduruldu\/"},"modified":"2019-05-16T11:58:51","modified_gmt":"2019-05-16T08:58:51","slug":"polonyada-16-yasindaki-turk-okulda-bicaklanarak-olduruldu","status":"publish","type":"post","link":"http:\/\/www.tvturk.com\/index.php\/polonyada-16-yasindaki-turk-okulda-bicaklanarak-olduruldu\/","title":{"rendered":"Polonya\u2019da 16 ya\u015f\u0131ndaki T\u00fcrk okulda b\u0131\u00e7aklanarak \u00f6ld\u00fcr\u00fcld\u00fc"},"content":{"rendered":"<p>Polonya\u2019n\u0131n ba\u015fkenti Var\u015fova\u2019da 16 ya\u015f\u0131ndaki T\u00fcrk \u00e7ocu\u011fu, okulda 15 ya\u015f\u0131ndaki Polonyal\u0131 taraf\u0131ndan b\u0131\u00e7aklanarak \u00f6ld\u00fcr\u00fcld\u00fc.<\/p>\n<p>Var\u015fova\u2019n\u0131n Wawer il\u00e7esindeki Kral Macius \u0130lkokulu\u2019nda ge\u00e7ti\u011fimiz Cuma g\u00fcn\u00fc meydana gelen olayda 15 ya\u015f\u0131ndaki Polonyal\u0131 Emil B., 16 ya\u015f\u0131ndaki Yakup K\u0131z\u0131lta\u015f\u2019\u0131 b\u0131\u00e7aklayarak \u00f6ld\u00fcrd\u00fc. Tan\u0131klar\u0131n ifadesine g\u00f6re bir s\u00fcredir \u00e7evresiyle problemleri olan ve \u015fiddet i\u00e7eren eylemleri nedeniyle okul y\u00f6netiminin de dikkatini \u00e7eken Emil B., kendinden bir \u00fcst s\u0131n\u0131fta okuyan Yakup K\u0131z\u0131lta\u015f\u2019a \u201cCuma g\u00fcn\u00fc televizyon y\u0131ld\u0131z\u0131\u201d olacaks\u0131n yazan bir mesaj g\u00f6nderdi. Annesi Polonyal\u0131, babas\u0131 T\u00fcrk olan K\u0131z\u0131lta\u015f, bir s\u00fcredir Emil B. taraf\u0131ndan rahats\u0131z edildi\u011fini aktard\u0131\u011f\u0131 ailesine s\u00f6z konusu mesaj\u0131 g\u00f6sterdi. Bunun \u00fczerine aile, ertesi g\u00fcn\u00fc okula \u00e7ocu\u011fun annesi ile gitmesine karar verdi. Cuma g\u00fcn\u00fc sabah annesiyle birlikte okula gelen Yakup K\u0131z\u0131lta\u015f\u2019\u0131 koridorda yakalayan Emil B., K\u0131z\u0131lta\u015f\u2019\u0131 \u00f6nce s\u0131rt\u0131ndan b\u0131\u00e7aklad\u0131. Yakup K\u0131z\u0131lta\u015f ald\u0131\u011f\u0131 darbeyle s\u0131n\u0131fa ka\u00e7t\u0131. Sald\u0131rgan ise pe\u015finden giderek s\u0131n\u0131fta s\u0131k\u0131\u015ft\u0131rd\u0131\u011f\u0131 K\u0131z\u0131lta\u015f\u2019\u0131 b\u0131\u00e7aklamaya devam etti. Anne ve di\u011fer \u00f6\u011frencilerin g\u00f6zleri \u00f6n\u00fcnde meydana gelen olayda sald\u0131rgan, 5 b\u0131\u00e7ak darbesinin ard\u0131ndan K\u0131z\u0131lta\u015f\u2019\u0131n \u015fah damar\u0131n\u0131 kesti. Sald\u0131rgan daha sonra elinde meydana gelen \u00e7izikler i\u00e7in okul hem\u015firesine pansumana giderken, olay yerine sa\u011fl\u0131k g\u00f6revlileri ve polis ekipleri sevk edildi. Sa\u011fl\u0131k g\u00f6revlilerinin yapt\u0131\u011f\u0131 t\u00fcm m\u00fcdahalelere ra\u011fmen Yakup K\u0131z\u0131lta\u015f olay yerinde hayat\u0131n\u0131 kaybetti. Polis taraf\u0131ndan g\u00f6zalt\u0131na al\u0131nan ve yap\u0131lan tahlillerde olay esnas\u0131nda uyu\u015fturucu maddenin etkisi alt\u0131nda oldu\u011fu ortaya \u00e7\u0131kan Emil B., \u00e7\u0131kar\u0131ld\u0131\u011f\u0131 mahkemece tutukland\u0131. Polisin soru\u015fturmay\u0131 geni\u015fletmesi ile g\u00f6zalt\u0131na al\u0131nan 15 ya\u015f\u0131ndaki iki \u00e7ocuk daha tutukland\u0131.<\/p>\n<p>Talihsiz \u00e7ocu\u011fun yak\u0131nlar\u0131, olay\u0131n Yakup\u2019un Emil B. ve arkada\u015flar\u0131n\u0131n okulda uyu\u015fturucu satma teklifini reddetmesi \u00fczerine meydana geldi\u011fini ileri s\u00fcrd\u00fc. Olay\u0131n Polonya medyas\u0131nda yaz\u0131ld\u0131\u011f\u0131 gibi para meselesi olmad\u0131\u011f\u0131n\u0131 belirten yak\u0131nlar\u0131, Yakup\u2019un bir s\u00fcredir bu ki\u015filer taraf\u0131ndan uyu\u015fturucu satmaya zorland\u0131\u011f\u0131n\u0131 ve tehdit edildi\u011fini s\u00f6yledi. Yakup K\u0131z\u0131lta\u015f\u2019\u0131n cenazesi bug\u00fcn \u00f6\u011fleyin Var\u015fova Tatar Mezarl\u0131\u011f\u0131\u2019nda k\u0131l\u0131nacak cenaze namaz\u0131n\u0131n ard\u0131ndan topra\u011fa verilecek.<\/p>\n","protected":false},"excerpt":{"rendered":"<p>POLONYA&#8217;DA T\u00dcRK \u00c7OCU\u011eU BI\u00c7AKLANARAK \u00d6LD\u00dcR\u00dcLD\u00dc<\/p>\n","protected":false},"author":1,"featured_media":157788,"comment_status":"closed","ping_status":"open","sticky":false,"template":"","format":"standard","meta":{"jetpack_post_was_ever_published":false,"_jetpack_newsletter_access":"","_jetpack_dont_email_post_to_subs":false,"_jetpack_newsletter_tier_id":0,"_jetpack_memberships_contains_paywalled_content":false,"_jetpack_memberships_contains_paid_content":false,"footnotes":"","jetpack_publicize_message":"","jetpack_publicize_feature_enabled":true,"jetpack_social_post_already_shared":true,"jetpack_social_options":{"image_generator_settings":{"template":"highway","default_image_id":0,"font":"","enabled":false},"version":2}},"categories":[10],"tags":[18990,8737,7371,20920,957,1063],"class_list":["post-157787","post","type-post","status-publish","format-standard","has-post-thumbnail","hentry","category-dunya","tag-bicaklanarak","tag-okulda","tag-olduruldu","tag-polonyada","tag-turk","tag-yasindaki"],"jetpack_publicize_connections":[],"jetpack_featured_media_url":"https:\/\/i0.wp.com\/www.tvturk.com\/wp-content\/uploads\/2019\/05\/polonyada-16-yasindaki-turk-okulda-bicaklanarak-olduruldu_1f5191c.jpg?fit=886%2C581","jetpack_sharing_enabled":true,"jetpack_shortlink":"https:\/\/wp.me\/paKIfm-F2X","_links":{"self":[{"href":"http:\/\/www.tvturk.com\/index.php\/wp-json\/wp\/v2\/posts\/157787","targetHints":{"allow":["GET"]}}],"collection":[{"href":"http:\/\/www.tvturk.com\/index.php\/wp-json\/wp\/v2\/posts"}],"about":[{"href":"http:\/\/www.tvturk.com\/index.php\/wp-json\/wp\/v2\/types\/post"}],"author":[{"embeddable":true,"href":"http:\/\/www.tvturk.com\/index.php\/wp-json\/wp\/v2\/users\/1"}],"replies":[{"embeddable":true,"href":"http:\/\/www.tvturk.com\/index.php\/wp-json\/wp\/v2\/comments?post=157787"}],"version-history":[{"count":0,"href":"http:\/\/www.tvturk.com\/index.php\/wp-json\/wp\/v2\/posts\/157787\/revisions"}],"wp:featuredmedia":[{"embeddable":true,"href":"http:\/\/www.tvturk.com\/index.php\/wp-json\/wp\/v2\/media\/157788"}],"wp:attachment":[{"href":"http:\/\/www.tvturk.com\/index.php\/wp-json\/wp\/v2\/media?parent=157787"}],"wp:term":[{"taxonomy":"category","embeddable":true,"href":"http:\/\/www.tvturk.com\/index.php\/wp-json\/wp\/v2\/categories?post=157787"},{"taxonomy":"post_tag","embeddable":true,"href":"http:\/\/www.tvturk.com\/index.php\/wp-json\/wp\/v2\/tags?post=157787"}],"curies":[{"name":"wp","href":"https:\/\/api.w.org\/{rel}","templated":true}]}}