{"id":157795,"date":"2019-05-16T12:02:51","date_gmt":"2019-05-16T09:02:51","guid":{"rendered":"http:\/\/www.tvturk.com\/index.php\/irakin-guneyinde-yolsuzluga-karsi-gosteri-4-olu-17-yarali\/"},"modified":"2019-05-16T12:02:51","modified_gmt":"2019-05-16T09:02:51","slug":"irakin-guneyinde-yolsuzluga-karsi-gosteri-4-olu-17-yarali","status":"publish","type":"post","link":"http:\/\/www.tvturk.com\/index.php\/irakin-guneyinde-yolsuzluga-karsi-gosteri-4-olu-17-yarali\/","title":{"rendered":"Irak\u2019\u0131n g\u00fcneyinde yolsuzlu\u011fa kar\u015f\u0131 g\u00f6steri: 4 \u00f6l\u00fc, 17 yaral\u0131"},"content":{"rendered":"<p>Irak\u2019\u0131n g\u00fcneyindeki Necef kentinde ger\u00e7ekle\u015ftirilen yolsuzluk kar\u015f\u0131t\u0131 g\u00f6sterilerde 4 ki\u015fi hayat\u0131n\u0131 kaybetti, 17 ki\u015fi yaraland\u0131.<\/p>\n<p>Irak\u2019\u0131n g\u00fcneyindeki Necef kentinde, yolsuzlu\u011fa kar\u015f\u0131 g\u00f6steri d\u00fczenleyen \u015eii din adam\u0131 Mukteda Sadr yanl\u0131lar\u0131 kent merkezindeki bir al\u0131\u015fveri\u015f merkezini ate\u015fe vermesi ve sonras\u0131nda meydana gelen \u015fiddet olaylar\u0131nda 4 ki\u015fi hayat\u0131n\u0131 kaybetti, 17 ki\u015fi yaraland\u0131.<\/p>\n<p>Sadr Grubu Lideri Mukteda Sadr\u2019\u0131n yanda\u015flar\u0131na, \u201cYolsuzlar\u0131n sahip oldu\u011fu al\u0131\u015fveri\u015f merkezlerini 3 g\u00fcn ku\u015fat\u0131n\u201d iste\u011fi \u00fczerine soka\u011fa d\u00f6k\u00fclen Necefliler, Sadr\u2019\u0131n eski askeri yard\u0131mc\u0131s\u0131 Cevat Karavi\u2019ye ait bir al\u0131\u015fveri\u015f merkezi \u00f6n\u00fcnde topland\u0131. Al\u0131\u015fveri\u015f merkezini koruyan g\u00fcvenlik elemanlar\u0131 ile g\u00f6stericiler aras\u0131ndan \u00e7\u0131kan arbedenin ard\u0131ndan ate\u015f a\u00e7\u0131ld\u0131. \u00d6fkeli grup al\u0131\u015fveri\u015f merkezini ate\u015fe verdi.<\/p>\n<p>Olay\u0131n ard\u0131nda a\u00e7\u0131klama yapan AVM sahibi Karavi, Sadr yanl\u0131s\u0131 grubun sald\u0131r\u0131s\u0131na u\u011frad\u0131\u011f\u0131n\u0131 ve Ba\u015fbakan Adil Abd\u00fclmehdi\u2019den acilen m\u00fcdahale etmesini istedi.<\/p>\n<p>Irak Ba\u015fbakanl\u0131\u011f\u0131na ba\u011fl\u0131 G\u00fcvenlik Medya A\u011f\u0131 taraf\u0131ndan yap\u0131lan yaz\u0131l\u0131 a\u00e7\u0131klamada, g\u00f6stericiler ate\u015f a\u00e7an 5 g\u00fcvenli eleman\u0131n\u0131n g\u00f6zalt\u0131na al\u0131nd\u0131\u011f\u0131n\u0131 belirterek, meydana gelen olaylarda ger\u00e7ek mermi kullan\u0131ld\u0131\u011f\u0131 vurguland\u0131.<\/p>\n","protected":false},"excerpt":{"rendered":"<p>IRAK\u2019IN G\u00dcNEY\u0130NDEK\u0130 NECEF KENT\u0130NDE GER\u00c7EKLE\u015eT\u0130R\u0130LEN YOLSUZLUK KAR\u015eITI G\u00d6STER\u0130LERDE 4 K\u0130\u015e\u0130 HAYATINI KAYBETT\u0130, 17 K\u0130\u015e\u0130 YARALANDI.<\/p>\n","protected":false},"author":1,"featured_media":157796,"comment_status":"closed","ping_status":"open","sticky":false,"template":"","format":"standard","meta":{"jetpack_post_was_ever_published":false,"_jetpack_newsletter_access":"","_jetpack_dont_email_post_to_subs":false,"_jetpack_newsletter_tier_id":0,"_jetpack_memberships_contains_paywalled_content":false,"_jetpack_memberships_contains_paid_content":false,"footnotes":"","jetpack_publicize_message":"","jetpack_publicize_feature_enabled":true,"jetpack_social_post_already_shared":true,"jetpack_social_options":{"image_generator_settings":{"template":"highway","default_image_id":0,"font":"","enabled":false},"version":2}},"categories":[10],"tags":[10207,31743,7859,2541,1664,774,36673],"class_list":["post-157795","post","type-post","status-publish","format-standard","has-post-thumbnail","hentry","category-dunya","tag-gosteri","tag-guneyinde","tag-irakin","tag-karsi","tag-olu","tag-yarali","tag-yolsuzluga"],"jetpack_publicize_connections":[],"jetpack_featured_media_url":"https:\/\/i0.wp.com\/www.tvturk.com\/wp-content\/uploads\/2019\/05\/irakin-guneyinde-yolsuzluga-karsi-gosteri-4-olu-17-yarali_fe81225.jpg?fit=960%2C720","jetpack_sharing_enabled":true,"jetpack_shortlink":"https:\/\/wp.me\/paKIfm-F35","_links":{"self":[{"href":"http:\/\/www.tvturk.com\/index.php\/wp-json\/wp\/v2\/posts\/157795","targetHints":{"allow":["GET"]}}],"collection":[{"href":"http:\/\/www.tvturk.com\/index.php\/wp-json\/wp\/v2\/posts"}],"about":[{"href":"http:\/\/www.tvturk.com\/index.php\/wp-json\/wp\/v2\/types\/post"}],"author":[{"embeddable":true,"href":"http:\/\/www.tvturk.com\/index.php\/wp-json\/wp\/v2\/users\/1"}],"replies":[{"embeddable":true,"href":"http:\/\/www.tvturk.com\/index.php\/wp-json\/wp\/v2\/comments?post=157795"}],"version-history":[{"count":0,"href":"http:\/\/www.tvturk.com\/index.php\/wp-json\/wp\/v2\/posts\/157795\/revisions"}],"wp:featuredmedia":[{"embeddable":true,"href":"http:\/\/www.tvturk.com\/index.php\/wp-json\/wp\/v2\/media\/157796"}],"wp:attachment":[{"href":"http:\/\/www.tvturk.com\/index.php\/wp-json\/wp\/v2\/media?parent=157795"}],"wp:term":[{"taxonomy":"category","embeddable":true,"href":"http:\/\/www.tvturk.com\/index.php\/wp-json\/wp\/v2\/categories?post=157795"},{"taxonomy":"post_tag","embeddable":true,"href":"http:\/\/www.tvturk.com\/index.php\/wp-json\/wp\/v2\/tags?post=157795"}],"curies":[{"name":"wp","href":"https:\/\/api.w.org\/{rel}","templated":true}]}}